{"id":4367,"date":"2012-12-06T13:02:26","date_gmt":"2012-12-06T11:02:26","guid":{"rendered":"http:\/\/www.dalmatiner-sachsen-anhalt.de\/blog\/?p=4367"},"modified":"2012-12-06T13:46:15","modified_gmt":"2012-12-06T11:46:15","slug":"annaberg-rassehundegemeinschaftsausstellung","status":"publish","type":"post","link":"https:\/\/www.dalmatiner-sachsen-anhalt.de\/blog\/4367\/","title":{"rendered":"Annaberg Rassehundegemeinschaftsausstellung &#8211; die Letzte"},"content":{"rendered":"<p>Am 30.11.12 erreichte unsere <span style=\"color: #ff0000;\">Athene in Annaberg ein V1 von sieben H&#252;ndinnen<\/span> in der offenen Klasse, wir sind stolz auf unsere Maus. <span style=\"color: #0000ff;\">Bennet vdS erhielt ein G<\/span>. Am 01.12.12 erreichte <span style=\"color: #ff0000;\">Athene ein V3<\/span> von neun H&#252;ndinnen in der offenen Klasse und <span style=\"color: #ff0000;\">Schwester Antonia vdS ein SG<\/span>. Es war ein sch&#246;nes Wochenende mit vielen Bekannten und lieben Freunden. Das war vorerst die letzte Ausstellung f&#252;r <span style=\"color: #ff0000;\"><strong>Athene<\/strong>,<\/span> nun ben&#246;tigt sie Ruhe und einen normalen stressfreien Alltag um in Ruhe <span style=\"color: #ff0000;\">unseren <strong>1.LUA Wurf<\/strong><\/span> (Athene von den Sandst&#252;cken &amp; <a title=\"Verpaarung\" href=\"http:\/\/www.dalstorm.co.uk\/Dogs_at_Stud.html\" target=\"_blank\">Stocklore Wizard of the Forrest &#8211; Merlin<\/a>) austragen zu k&#246;nnen.<\/p>\n<div data-carousel-extra='{\"blog_id\":1,\"permalink\":\"https:\\\/\\\/www.dalmatiner-sachsen-anhalt.de\\\/blog\\\/4367\\\/\"}' class=\"tiled-gallery type-rectangular\" data-original-width=\"584\"><div class=\"gallery-row\" style=\"width: 579px; height: 255px;\"><div class=\"gallery-group images-1\" style=\"width: 387px; height: 259px;\"><div class=\"tiled-gallery-item tiled-gallery-item-large\"><a href=\"https:\/\/i0.wp.com\/www.dalmatiner-sachsen-anhalt.de\/blog\/wp-content\/uploads\/2012\/12\/IMG_9488.jpg?ssl=1\"><img data-attachment-id=\"4368\" data-orig-file=\"https:\/\/www.dalmatiner-sachsen-anhalt.de\/blog\/wp-content\/uploads\/2012\/12\/IMG_9488.jpg\" data-orig-size=\"1936,1288\" data-comments-opened=\"1\" data-image-meta=\"{&quot;aperture&quot;:&quot;5.6&quot;,&quot;credit&quot;:&quot;Axel Schoe&quot;,&quot;camera&quot;:&quot;Canon EOS 1000D&quot;,&quot;caption&quot;:&quot;&quot;,&quot;created_timestamp&quot;:&quot;1354287527&quot;,&quot;copyright&quot;:&quot;\\u00c2\\u00a9 2009 by:Axel Schoe&quot;,&quot;focal_length&quot;:&quot;119&quot;,&quot;iso&quot;:&quot;400&quot;,&quot;shutter_speed&quot;:&quot;0.016666666666667&quot;,&quot;title&quot;:&quot;&quot;}\" data-image-title=\"IMG_9488\" data-image-description=\"\" data-medium-file=\"https:\/\/i0.wp.com\/www.dalmatiner-sachsen-anhalt.de\/blog\/wp-content\/uploads\/2012\/12\/IMG_9488.jpg?fit=300%2C199&#038;ssl=1\" data-large-file=\"https:\/\/i0.wp.com\/www.dalmatiner-sachsen-anhalt.de\/blog\/wp-content\/uploads\/2012\/12\/IMG_9488.jpg?fit=584%2C388&#038;ssl=1\" src=\"https:\/\/i0.wp.com\/www.dalmatiner-sachsen-anhalt.de\/blog\/wp-content\/uploads\/2012\/12\/IMG_9488-383x255.jpg\" width=\"383\" height=\"255\" align=\"left\" title=\"IMG_9488\" \/><\/a><\/div><\/div><div class=\"gallery-group images-2\" style=\"width: 192px; height: 259px;\"><div class=\"tiled-gallery-item tiled-gallery-item-small\"><a href=\"https:\/\/i0.wp.com\/www.dalmatiner-sachsen-anhalt.de\/blog\/wp-content\/uploads\/2012\/12\/IMG_9557.jpg?ssl=1\"><img data-attachment-id=\"4370\" data-orig-file=\"https:\/\/www.dalmatiner-sachsen-anhalt.de\/blog\/wp-content\/uploads\/2012\/12\/IMG_9557.jpg\" data-orig-size=\"1154,768\" data-comments-opened=\"1\" data-image-meta=\"{&quot;aperture&quot;:&quot;0&quot;,&quot;credit&quot;:&quot;&quot;,&quot;camera&quot;:&quot;&quot;,&quot;caption&quot;:&quot;&quot;,&quot;created_timestamp&quot;:&quot;0&quot;,&quot;copyright&quot;:&quot;&quot;,&quot;focal_length&quot;:&quot;0&quot;,&quot;iso&quot;:&quot;0&quot;,&quot;shutter_speed&quot;:&quot;0&quot;,&quot;title&quot;:&quot;&quot;}\" data-image-title=\"IMG_9557\" data-image-description=\"\" data-medium-file=\"https:\/\/i0.wp.com\/www.dalmatiner-sachsen-anhalt.de\/blog\/wp-content\/uploads\/2012\/12\/IMG_9557.jpg?fit=300%2C199&#038;ssl=1\" data-large-file=\"https:\/\/i0.wp.com\/www.dalmatiner-sachsen-anhalt.de\/blog\/wp-content\/uploads\/2012\/12\/IMG_9557.jpg?fit=584%2C388&#038;ssl=1\" src=\"https:\/\/i0.wp.com\/www.dalmatiner-sachsen-anhalt.de\/blog\/wp-content\/uploads\/2012\/12\/IMG_9557-188x126.jpg\" width=\"188\" height=\"126\" align=\"left\" title=\"IMG_9557\" \/><\/a><\/div><div class=\"tiled-gallery-item tiled-gallery-item-small\"><a href=\"https:\/\/i0.wp.com\/www.dalmatiner-sachsen-anhalt.de\/blog\/wp-content\/uploads\/2012\/12\/IMG_9528.jpg?ssl=1\"><img data-attachment-id=\"4369\" data-orig-file=\"https:\/\/www.dalmatiner-sachsen-anhalt.de\/blog\/wp-content\/uploads\/2012\/12\/IMG_9528.jpg\" data-orig-size=\"1936,1288\" data-comments-opened=\"1\" data-image-meta=\"{&quot;aperture&quot;:&quot;5.6&quot;,&quot;credit&quot;:&quot;Axel Schoe&quot;,&quot;camera&quot;:&quot;Canon EOS 1000D&quot;,&quot;caption&quot;:&quot;&quot;,&quot;created_timestamp&quot;:&quot;1354292036&quot;,&quot;copyright&quot;:&quot;\\u00c2\\u00a9 2009 by:Axel Schoe&quot;,&quot;focal_length&quot;:&quot;100&quot;,&quot;iso&quot;:&quot;800&quot;,&quot;shutter_speed&quot;:&quot;0.066666666666667&quot;,&quot;title&quot;:&quot;&quot;}\" data-image-title=\"IMG_9528\" data-image-description=\"\" data-medium-file=\"https:\/\/i0.wp.com\/www.dalmatiner-sachsen-anhalt.de\/blog\/wp-content\/uploads\/2012\/12\/IMG_9528.jpg?fit=300%2C199&#038;ssl=1\" data-large-file=\"https:\/\/i0.wp.com\/www.dalmatiner-sachsen-anhalt.de\/blog\/wp-content\/uploads\/2012\/12\/IMG_9528.jpg?fit=584%2C388&#038;ssl=1\" src=\"https:\/\/i0.wp.com\/www.dalmatiner-sachsen-anhalt.de\/blog\/wp-content\/uploads\/2012\/12\/IMG_9528-188x125.jpg\" width=\"188\" height=\"125\" align=\"left\" title=\"IMG_9528\" \/><\/a><\/div><\/div><\/div><\/div>\n","protected":false},"excerpt":{"rendered":"<p>Am 30.11.12 erreichte unsere Athene in Annaberg ein V1 von sieben H&#252;ndinnen in der offenen Klasse, wir sind stolz auf unsere Maus. Bennet vdS erhielt ein G. Am 01.12.12 erreichte Athene ein V3 von neun H&#252;ndinnen in der offenen Klasse &hellip; <a href=\"https:\/\/www.dalmatiner-sachsen-anhalt.de\/blog\/4367\/\">Continue reading <span class=\"meta-nav\">&rarr;<\/span><\/a><\/p>\n","protected":false},"author":1,"featured_media":0,"comment_status":"open","ping_status":"open","sticky":false,"template":"","format":"standard","meta":{"jetpack_post_was_ever_published":false,"jetpack_publicize_message":"","jetpack_is_tweetstorm":false,"jetpack_publicize_feature_enabled":true,"jetpack_social_post_already_shared":false,"jetpack_social_options":[]},"categories":[13,683,111,112,391,677,730,113,3],"tags":[690,937,824,513,711,35,7],"jetpack_publicize_connections":[],"jetpack_featured_media_url":"","jetpack_shortlink":"https:\/\/wp.me\/px1eF-18r","jetpack_sharing_enabled":true,"jetpack_likes_enabled":true,"jetpack-related-posts":[{"id":3723,"url":"https:\/\/www.dalmatiner-sachsen-anhalt.de\/blog\/3723\/","url_meta":{"origin":4367,"position":0},"title":"Christin mit Athene vdS","date":"28. November 2011","format":false,"excerpt":"Unsere Tochter Christin stellte in Annaberg unsere Athene von den Sands\u00fccken aus und erreichte mit ihr ein V. Danke Christin und weiter so!","rel":"","context":"In &quot;A-Wurf&quot;","img":{"alt_text":"","src":"https:\/\/i0.wp.com\/www.dalmatiner-sachsen-anhalt.de\/blog\/wp-content\/uploads\/2011\/11\/IMG_3766-1024x681.jpg?resize=350%2C200","width":350,"height":200},"classes":[]},{"id":2756,"url":"https:\/\/www.dalmatiner-sachsen-anhalt.de\/blog\/2756\/","url_meta":{"origin":4367,"position":1},"title":"Silberlandhalle","date":"28. November 2010","format":false,"excerpt":"Athene und Antonia von den Sandst\u00fccken Athene von den Sandst\u00fccken konnte auf der Rassehundeausstellung in Annaberg zweimal ein \"vorz\u00fcglich\" erreichen. Gut gemacht! Herzlichen Gl\u00fcckwunsch f\u00fcr Precious Luv Brilliant Rosaly und Brown Dollar zum \"V1\"","rel":"","context":"In &quot;A-Wurf&quot;","img":{"alt_text":"","src":"https:\/\/i0.wp.com\/www.dalmatiner-sachsen-anhalt.de\/blog\/wp-content\/uploads\/2010\/11\/atheneantonia-1024x681.jpg?resize=350%2C200","width":350,"height":200},"classes":[]},{"id":1594,"url":"https:\/\/www.dalmatiner-sachsen-anhalt.de\/blog\/1594\/","url_meta":{"origin":4367,"position":2},"title":"Alle Z&#228;hne sind schon da&#8230;","date":"29. November 2009","format":false,"excerpt":"alle Z\u00e4hne, alle. ANTONIA, ATHENE und ARES sind vollzahnig. Das konnte von Andrea Mix auf der Rassehundeausstellung am Wochenende in Annaberg-Buchholz festgestellt werden. Vielen lieben Dank daf\u00fcr. Wir freuen uns sehr.","rel":"","context":"In &quot;A-Wurf&quot;","img":{"alt_text":"vollzahnig","src":"https:\/\/i0.wp.com\/www.dalmatiner-sachsen-anhalt.de\/blog\/wp-content\/uploads\/2009\/11\/IMG_0866-1024x681.jpg?resize=350%2C200","width":350,"height":200},"classes":[]},{"id":5553,"url":"https:\/\/www.dalmatiner-sachsen-anhalt.de\/blog\/5553\/","url_meta":{"origin":4367,"position":3},"title":"Athene vdS in Krosigk","date":"27. Mai 2013","format":false,"excerpt":"Athene von den Sandst\u00fccken belegte den 3.Platz V3 (Exc3) von 15 wundersch\u00f6nen H\u00fcndinnen in der offenen Klasse in Krosigk. Wir freuen uns sehr \u00fcber unsere junge Mama. und gratulieren allen Platzierten.","rel":"","context":"In &quot;A-Wurf&quot;","img":{"alt_text":"athene vds v3 krosigk","src":"https:\/\/i0.wp.com\/www.dalmatiner-sachsen-anhalt.de\/blog\/wp-content\/uploads\/2013\/05\/IMG_4378-1024x681.jpg?resize=350%2C200","width":350,"height":200},"classes":[]},{"id":3653,"url":"https:\/\/www.dalmatiner-sachsen-anhalt.de\/blog\/3653\/","url_meta":{"origin":4367,"position":4},"title":"LZS Klein Ziethen","date":"4. September 2011","format":false,"excerpt":"von unserer Tochter hervorragend pr\u00e4sentiert belegte unsere Athene vdS den 2. Platz von neun H\u00fcndinnen in der offenen Klasse. Das haben die Beiden toll gemacht, finden wir!","rel":"","context":"In &quot;A-Wurf&quot;","img":{"alt_text":"","src":"https:\/\/i0.wp.com\/www.dalmatiner-sachsen-anhalt.de\/blog\/wp-content\/uploads\/2011\/09\/IMG_1672-383x255.jpg?resize=350%2C200","width":350,"height":200},"classes":[]},{"id":6055,"url":"https:\/\/www.dalmatiner-sachsen-anhalt.de\/blog\/6055\/","url_meta":{"origin":4367,"position":5},"title":"Chemnitz IRA 2014","date":"14. April 2014","format":false,"excerpt":"Wir waren mit den Dalmis zur Ausstellung in Chemnitz. Unsere \"Hummel vom Magdeburger Domfelsen\" war nur Beobachter. Unsere \"Athene von den Sandst\u00fccken\" erreichte bei der SRA am Samstag ein V2 in der Offenen Klasse und am Sonntag - bei der IRA (Leos Jancik) - konnte sie sich unter 14 H\u00fcndinnen\u2026","rel":"","context":"In &quot;Athene&quot;","img":{"alt_text":"","src":"https:\/\/i0.wp.com\/www.dalmatiner-sachsen-anhalt.de\/blog\/wp-content\/uploads\/2014\/04\/IMG_0443-300x200.jpg?resize=350%2C200","width":350,"height":200},"classes":[]}],"_links":{"self":[{"href":"https:\/\/www.dalmatiner-sachsen-anhalt.de\/blog\/wp-json\/wp\/v2\/posts\/4367"}],"collection":[{"href":"https:\/\/www.dalmatiner-sachsen-anhalt.de\/blog\/wp-json\/wp\/v2\/posts"}],"about":[{"href":"https:\/\/www.dalmatiner-sachsen-anhalt.de\/blog\/wp-json\/wp\/v2\/types\/post"}],"author":[{"embeddable":true,"href":"https:\/\/www.dalmatiner-sachsen-anhalt.de\/blog\/wp-json\/wp\/v2\/users\/1"}],"replies":[{"embeddable":true,"href":"https:\/\/www.dalmatiner-sachsen-anhalt.de\/blog\/wp-json\/wp\/v2\/comments?post=4367"}],"version-history":[{"count":5,"href":"https:\/\/www.dalmatiner-sachsen-anhalt.de\/blog\/wp-json\/wp\/v2\/posts\/4367\/revisions"}],"predecessor-version":[{"id":4373,"href":"https:\/\/www.dalmatiner-sachsen-anhalt.de\/blog\/wp-json\/wp\/v2\/posts\/4367\/revisions\/4373"}],"wp:attachment":[{"href":"https:\/\/www.dalmatiner-sachsen-anhalt.de\/blog\/wp-json\/wp\/v2\/media?parent=4367"}],"wp:term":[{"taxonomy":"category","embeddable":true,"href":"https:\/\/www.dalmatiner-sachsen-anhalt.de\/blog\/wp-json\/wp\/v2\/categories?post=4367"},{"taxonomy":"post_tag","embeddable":true,"href":"https:\/\/www.dalmatiner-sachsen-anhalt.de\/blog\/wp-json\/wp\/v2\/tags?post=4367"}],"curies":[{"name":"wp","href":"https:\/\/api.w.org\/{rel}","templated":true}]}}