{"id":4786,"date":"2013-02-03T18:15:47","date_gmt":"2013-02-03T16:15:47","guid":{"rendered":"http:\/\/www.dalmatiner-sachsen-anhalt.de\/blog\/?p=4786"},"modified":"2013-02-13T17:45:41","modified_gmt":"2013-02-13T15:45:41","slug":"augen-auf-3","status":"publish","type":"post","link":"https:\/\/www.dalmatiner-sachsen-anhalt.de\/blog\/4786\/","title":{"rendered":"Augen auf &#8230;"},"content":{"rendered":"<p>&nbsp;<\/p>\n<p>&#8220;Guckt mal &#8211; ich kann sehen!&#8221;, sagt <strong>Calimero<\/strong>. Und <strong>Comtess<\/strong> antwortet: &#8220;und ich kann schon laufen!&#8221;. Und wir finden, dass <strong>Charming Merlin<\/strong> schon sch&#246;n dasitzt.<br \/>\n<div data-carousel-extra='{\"blog_id\":1,\"permalink\":\"https:\\\/\\\/www.dalmatiner-sachsen-anhalt.de\\\/blog\\\/4786\\\/\"}' class=\"tiled-gallery type-rectangular\" data-original-width=\"584\"><div class=\"gallery-row\" style=\"width: 579px; height: 255px;\"><div class=\"gallery-group images-1\" style=\"width: 387px; height: 259px;\"><div class=\"tiled-gallery-item tiled-gallery-item-large\"><a href=\"https:\/\/i0.wp.com\/www.dalmatiner-sachsen-anhalt.de\/blog\/wp-content\/uploads\/2013\/02\/dalmatiner-welpen-vds-tag12_1404.jpg?ssl=1\"><img data-attachment-id=\"4787\" data-orig-file=\"https:\/\/www.dalmatiner-sachsen-anhalt.de\/blog\/wp-content\/uploads\/2013\/02\/dalmatiner-welpen-vds-tag12_1404.jpg\" data-orig-size=\"1154,768\" data-comments-opened=\"1\" data-image-meta=\"{&quot;aperture&quot;:&quot;0&quot;,&quot;credit&quot;:&quot;&quot;,&quot;camera&quot;:&quot;&quot;,&quot;caption&quot;:&quot;&quot;,&quot;created_timestamp&quot;:&quot;0&quot;,&quot;copyright&quot;:&quot;&quot;,&quot;focal_length&quot;:&quot;0&quot;,&quot;iso&quot;:&quot;0&quot;,&quot;shutter_speed&quot;:&quot;0&quot;,&quot;title&quot;:&quot;&quot;}\" data-image-title=\"dalmatiner-welpen-vds-tag12_1404\" data-image-description=\"\" data-medium-file=\"https:\/\/i0.wp.com\/www.dalmatiner-sachsen-anhalt.de\/blog\/wp-content\/uploads\/2013\/02\/dalmatiner-welpen-vds-tag12_1404.jpg?fit=300%2C199&#038;ssl=1\" data-large-file=\"https:\/\/i0.wp.com\/www.dalmatiner-sachsen-anhalt.de\/blog\/wp-content\/uploads\/2013\/02\/dalmatiner-welpen-vds-tag12_1404.jpg?fit=584%2C388&#038;ssl=1\" src=\"https:\/\/i0.wp.com\/www.dalmatiner-sachsen-anhalt.de\/blog\/wp-content\/uploads\/2013\/02\/dalmatiner-welpen-vds-tag12_1404-383x255.jpg\" width=\"383\" height=\"255\" align=\"left\" title=\"dalmatiner-welpen-vds-tag12_1404\" \/><\/a><div class=\"tiled-gallery-caption\">Calimero vdS<\/div><\/div><\/div><div class=\"gallery-group images-2\" style=\"width: 192px; height: 259px;\"><div class=\"tiled-gallery-item tiled-gallery-item-small\"><a href=\"https:\/\/i0.wp.com\/www.dalmatiner-sachsen-anhalt.de\/blog\/wp-content\/uploads\/2013\/02\/dalmatiner-welpen-vds-tag12_1387.jpg?ssl=1\"><img data-attachment-id=\"4789\" data-orig-file=\"https:\/\/www.dalmatiner-sachsen-anhalt.de\/blog\/wp-content\/uploads\/2013\/02\/dalmatiner-welpen-vds-tag12_1387.jpg\" data-orig-size=\"1154,768\" data-comments-opened=\"1\" data-image-meta=\"{&quot;aperture&quot;:&quot;0&quot;,&quot;credit&quot;:&quot;&quot;,&quot;camera&quot;:&quot;&quot;,&quot;caption&quot;:&quot;&quot;,&quot;created_timestamp&quot;:&quot;0&quot;,&quot;copyright&quot;:&quot;&quot;,&quot;focal_length&quot;:&quot;0&quot;,&quot;iso&quot;:&quot;0&quot;,&quot;shutter_speed&quot;:&quot;0&quot;,&quot;title&quot;:&quot;&quot;}\" data-image-title=\"dalmatiner-welpen-vds-tag12_1387\" data-image-description=\"\" data-medium-file=\"https:\/\/i0.wp.com\/www.dalmatiner-sachsen-anhalt.de\/blog\/wp-content\/uploads\/2013\/02\/dalmatiner-welpen-vds-tag12_1387.jpg?fit=300%2C199&#038;ssl=1\" data-large-file=\"https:\/\/i0.wp.com\/www.dalmatiner-sachsen-anhalt.de\/blog\/wp-content\/uploads\/2013\/02\/dalmatiner-welpen-vds-tag12_1387.jpg?fit=584%2C388&#038;ssl=1\" src=\"https:\/\/i0.wp.com\/www.dalmatiner-sachsen-anhalt.de\/blog\/wp-content\/uploads\/2013\/02\/dalmatiner-welpen-vds-tag12_1387-188x126.jpg\" width=\"188\" height=\"126\" align=\"left\" title=\"dalmatiner-welpen-vds-tag12_1387\" \/><\/a><div class=\"tiled-gallery-caption\">Comtess vdS<\/div><\/div><div class=\"tiled-gallery-item tiled-gallery-item-small\"><a href=\"https:\/\/i0.wp.com\/www.dalmatiner-sachsen-anhalt.de\/blog\/wp-content\/uploads\/2013\/02\/dalmatiner-welpen-vds-tag12_1376.jpg?ssl=1\"><img data-attachment-id=\"4788\" data-orig-file=\"https:\/\/www.dalmatiner-sachsen-anhalt.de\/blog\/wp-content\/uploads\/2013\/02\/dalmatiner-welpen-vds-tag12_1376.jpg\" data-orig-size=\"1154,768\" data-comments-opened=\"1\" data-image-meta=\"{&quot;aperture&quot;:&quot;0&quot;,&quot;credit&quot;:&quot;&quot;,&quot;camera&quot;:&quot;&quot;,&quot;caption&quot;:&quot;&quot;,&quot;created_timestamp&quot;:&quot;0&quot;,&quot;copyright&quot;:&quot;&quot;,&quot;focal_length&quot;:&quot;0&quot;,&quot;iso&quot;:&quot;0&quot;,&quot;shutter_speed&quot;:&quot;0&quot;,&quot;title&quot;:&quot;&quot;}\" data-image-title=\"dalmatiner-welpen-vds-tag12_1376\" data-image-description=\"\" data-medium-file=\"https:\/\/i0.wp.com\/www.dalmatiner-sachsen-anhalt.de\/blog\/wp-content\/uploads\/2013\/02\/dalmatiner-welpen-vds-tag12_1376.jpg?fit=300%2C199&#038;ssl=1\" data-large-file=\"https:\/\/i0.wp.com\/www.dalmatiner-sachsen-anhalt.de\/blog\/wp-content\/uploads\/2013\/02\/dalmatiner-welpen-vds-tag12_1376.jpg?fit=584%2C388&#038;ssl=1\" src=\"https:\/\/i0.wp.com\/www.dalmatiner-sachsen-anhalt.de\/blog\/wp-content\/uploads\/2013\/02\/dalmatiner-welpen-vds-tag12_1376-188x125.jpg\" width=\"188\" height=\"125\" align=\"left\" title=\"dalmatiner-welpen-vds-tag12_1376\" \/><\/a><div class=\"tiled-gallery-caption\">Charming Merlin vdS<\/div><\/div><\/div><\/div><\/div><\/p>\n","protected":false},"excerpt":{"rendered":"<p>&nbsp; &#8220;Guckt mal &#8211; ich kann sehen!&#8221;, sagt Calimero. Und Comtess antwortet: &#8220;und ich kann schon laufen!&#8221;. Und wir finden, dass Charming Merlin schon sch&#246;n dasitzt.<\/p>\n","protected":false},"author":1,"featured_media":4788,"comment_status":"open","ping_status":"open","sticky":false,"template":"","format":"standard","meta":{"jetpack_post_was_ever_published":false,"jetpack_publicize_message":"","jetpack_is_tweetstorm":false,"jetpack_publicize_feature_enabled":true,"jetpack_social_post_already_shared":true,"jetpack_social_options":[]},"categories":[1001,999,996],"tags":[1014],"jetpack_publicize_connections":[],"jetpack_featured_media_url":"https:\/\/i0.wp.com\/www.dalmatiner-sachsen-anhalt.de\/blog\/wp-content\/uploads\/2013\/02\/dalmatiner-welpen-vds-tag12_1376.jpg?fit=1154%2C768&ssl=1","jetpack_shortlink":"https:\/\/wp.me\/px1eF-1fc","jetpack_sharing_enabled":true,"jetpack_likes_enabled":true,"jetpack-related-posts":[{"id":5981,"url":"https:\/\/www.dalmatiner-sachsen-anhalt.de\/blog\/5981\/","url_meta":{"origin":4786,"position":0},"title":"Alles Gute zum Geburtstag","date":"22. Januar 2014","format":false,"excerpt":"Der C-Wurf wird heute schon 1 Jahr alt - herzliche Gl\u00fcckw\u00fcnsche gehen an Carlotta, Calimero, Caruso, Charming Merlin, Collin a. Spike und Comtess. La\u00dft Euch heute richtig sch\u00f6n von Euren Familien verw\u00f6hnen :-) Wir freuen uns auf ein Wiedersehen mit Euch und senden liebe Gr\u00fc\u00dfe aus Schermen.","rel":"","context":"In &quot;Calimero&quot;","img":{"alt_text":"Geburtstag-c-wurf-dalmatiner-von-den-sandstuecken","src":"https:\/\/i0.wp.com\/www.dalmatiner-sachsen-anhalt.de\/blog\/wp-content\/uploads\/2014\/01\/Geburtstag-c-wurf.jpg?resize=350%2C200","width":350,"height":200},"classes":[]},{"id":6310,"url":"https:\/\/www.dalmatiner-sachsen-anhalt.de\/blog\/6310\/","url_meta":{"origin":4786,"position":1},"title":"Geburtstag C-Wurf vdS","date":"22. Januar 2016","format":false,"excerpt":"\u00a0 Herzlichen Gl\u00fcckwunsch an den C-Wurf \"von den Sandst\u00fccken\". Carlotta, Comtess, Caruso, Calimero, Collin und Charming Merlin werden heute 3 Jahre alt. M\u00f6get Ihr noch lange gesund und munter umherspringen. Wir freuen uns auf ein Wiedersehen mit Euch und Euren lieben Menschen. La\u00dft Euch knuddeln und heute ganz besonders doll\u2026","rel":"","context":"In &quot;C-Wurf&quot;","img":{"alt_text":"dalmatiner-welpen-vdS-tag20_1689","src":"https:\/\/i0.wp.com\/www.dalmatiner-sachsen-anhalt.de\/blog\/wp-content\/uploads\/2013\/02\/dalmatiner-welpen-vdS-tag20_1689.jpg?fit=1154%2C768&ssl=1&resize=350%2C200","width":350,"height":200},"classes":[]},{"id":4808,"url":"https:\/\/www.dalmatiner-sachsen-anhalt.de\/blog\/4808\/","url_meta":{"origin":4786,"position":2},"title":"Sandst&#252;ckener Wurfkiste Tag 16","date":"7. Februar 2013","format":false,"excerpt":"\u00a0 Die Welpen Charming Merlin und Caruso vdS schauen erstaunt zu, wie ihre Mama Athene die Milch s\u00e4uft (und durch die Gegend spritzt). Anschlie\u00dfend saufen die Welpen (an Mamas Milchbar) und Calimero vdS bekommt eine sch\u00f6ne Bauchmassage. Kinder- Besuch war auch schon f\u00fcr die Welpen da.","rel":"","context":"In &quot;Athene&quot;","img":{"alt_text":"","src":"https:\/\/i0.wp.com\/www.dalmatiner-sachsen-anhalt.de\/blog\/wp-content\/uploads\/2013\/02\/dalmatiner-welpen-vds-tag15_1531.jpg?fit=1154%2C768&ssl=1&resize=350%2C200","width":350,"height":200},"classes":[]},{"id":4800,"url":"https:\/\/www.dalmatiner-sachsen-anhalt.de\/blog\/4800\/","url_meta":{"origin":4786,"position":3},"title":"Fr&#252;hst&#252;ck war schon","date":"6. Februar 2013","format":false,"excerpt":"\u00a0 Nach dem heutigen Fr\u00fchst\u00fcck wird gerade ausgiebig geschlafen, gekuschelt und gewachsen. Jetzt beginnt die 3. Lebenswoche der Welpen.","rel":"","context":"In &quot;Athene&quot;","img":{"alt_text":"","src":"https:\/\/i0.wp.com\/www.dalmatiner-sachsen-anhalt.de\/blog\/wp-content\/uploads\/2013\/02\/dalmatiner-welpen-vds-tag15_1488.jpg?fit=1154%2C768&ssl=1&resize=350%2C200","width":350,"height":200},"classes":[]},{"id":4944,"url":"https:\/\/www.dalmatiner-sachsen-anhalt.de\/blog\/4944\/","url_meta":{"origin":4786,"position":4},"title":"Kuscheln mit Mama Athene","date":"15. Februar 2013","format":false,"excerpt":"\u00a0 \"Mama ich muss dir was erz\u00e4hlen\", scheint Carlotta zu Mama Athene zu sagen. \u00a0","rel":"","context":"In &quot;A-Wurf&quot;","img":{"alt_text":"","src":"https:\/\/i0.wp.com\/www.dalmatiner-sachsen-anhalt.de\/blog\/wp-content\/uploads\/2013\/02\/IMG_0833-383x255.jpg?resize=350%2C200","width":350,"height":200},"classes":[]},{"id":5155,"url":"https:\/\/www.dalmatiner-sachsen-anhalt.de\/blog\/5155\/","url_meta":{"origin":4786,"position":5},"title":"A-Wurf trifft C-Wurf","date":"10. M&auml;rz 2013","format":false,"excerpt":"Das Treffen war f\u00fcr alle aufregend und interessant, wie man im Video sehen kann.","rel":"","context":"In &quot;Amigo&quot;","img":{"alt_text":"","src":"","width":0,"height":0},"classes":[]}],"_links":{"self":[{"href":"https:\/\/www.dalmatiner-sachsen-anhalt.de\/blog\/wp-json\/wp\/v2\/posts\/4786"}],"collection":[{"href":"https:\/\/www.dalmatiner-sachsen-anhalt.de\/blog\/wp-json\/wp\/v2\/posts"}],"about":[{"href":"https:\/\/www.dalmatiner-sachsen-anhalt.de\/blog\/wp-json\/wp\/v2\/types\/post"}],"author":[{"embeddable":true,"href":"https:\/\/www.dalmatiner-sachsen-anhalt.de\/blog\/wp-json\/wp\/v2\/users\/1"}],"replies":[{"embeddable":true,"href":"https:\/\/www.dalmatiner-sachsen-anhalt.de\/blog\/wp-json\/wp\/v2\/comments?post=4786"}],"version-history":[{"count":7,"href":"https:\/\/www.dalmatiner-sachsen-anhalt.de\/blog\/wp-json\/wp\/v2\/posts\/4786\/revisions"}],"predecessor-version":[{"id":4923,"href":"https:\/\/www.dalmatiner-sachsen-anhalt.de\/blog\/wp-json\/wp\/v2\/posts\/4786\/revisions\/4923"}],"wp:featuredmedia":[{"embeddable":true,"href":"https:\/\/www.dalmatiner-sachsen-anhalt.de\/blog\/wp-json\/wp\/v2\/media\/4788"}],"wp:attachment":[{"href":"https:\/\/www.dalmatiner-sachsen-anhalt.de\/blog\/wp-json\/wp\/v2\/media?parent=4786"}],"wp:term":[{"taxonomy":"category","embeddable":true,"href":"https:\/\/www.dalmatiner-sachsen-anhalt.de\/blog\/wp-json\/wp\/v2\/categories?post=4786"},{"taxonomy":"post_tag","embeddable":true,"href":"https:\/\/www.dalmatiner-sachsen-anhalt.de\/blog\/wp-json\/wp\/v2\/tags?post=4786"}],"curies":[{"name":"wp","href":"https:\/\/api.w.org\/{rel}","templated":true}]}}