{"id":5034,"date":"2013-02-24T16:52:58","date_gmt":"2013-02-24T14:52:58","guid":{"rendered":"http:\/\/www.dalmatiner-sachsen-anhalt.de\/blog\/?p=5034"},"modified":"2013-02-24T23:51:21","modified_gmt":"2013-02-24T21:51:21","slug":"lieber-besuch-fur-carlotta-in-der-zuchtstatte-von-den-sandstucken","status":"publish","type":"post","link":"https:\/\/www.dalmatiner-sachsen-anhalt.de\/blog\/5034\/","title":{"rendered":"Lieber Besuch f&#252;r Carlotta in der Zuchtst&#228;tte von den Sandst&#252;cken"},"content":{"rendered":"<p>&nbsp;<\/p>\n<p>Gestern hatten die Welpen, besonders Carlotta den ersten lieben Besuch. Es wurde gestaunt, geschnuppert und gekuschelt und Carlotta schlich sich ganz leise\u00a0 in die Herzen der Besucher.<\/p>\n<div data-carousel-extra='{\"blog_id\":1,\"permalink\":\"https:\\\/\\\/www.dalmatiner-sachsen-anhalt.de\\\/blog\\\/5034\\\/\"}' class=\"tiled-gallery type-rectangular\" data-original-width=\"584\"><div class=\"gallery-row\" style=\"width: 579px; height: 431px;\"><div class=\"gallery-group images-1\" style=\"width: 291px; height: 435px;\"><div class=\"tiled-gallery-item tiled-gallery-item-large\"><a href=\"https:\/\/i0.wp.com\/www.dalmatiner-sachsen-anhalt.de\/blog\/wp-content\/uploads\/2013\/02\/IMG_12631.jpg?ssl=1\"><img data-attachment-id=\"5040\" data-orig-file=\"https:\/\/www.dalmatiner-sachsen-anhalt.de\/blog\/wp-content\/uploads\/2013\/02\/IMG_12631.jpg\" data-orig-size=\"768,1154\" data-comments-opened=\"1\" data-image-meta=\"{&quot;aperture&quot;:&quot;0&quot;,&quot;credit&quot;:&quot;&quot;,&quot;camera&quot;:&quot;&quot;,&quot;caption&quot;:&quot;&quot;,&quot;created_timestamp&quot;:&quot;0&quot;,&quot;copyright&quot;:&quot;&quot;,&quot;focal_length&quot;:&quot;0&quot;,&quot;iso&quot;:&quot;0&quot;,&quot;shutter_speed&quot;:&quot;0&quot;,&quot;title&quot;:&quot;&quot;}\" data-image-title=\"IMG_1263\" data-image-description=\"\" data-medium-file=\"https:\/\/i0.wp.com\/www.dalmatiner-sachsen-anhalt.de\/blog\/wp-content\/uploads\/2013\/02\/IMG_12631.jpg?fit=199%2C300&#038;ssl=1\" data-large-file=\"https:\/\/i0.wp.com\/www.dalmatiner-sachsen-anhalt.de\/blog\/wp-content\/uploads\/2013\/02\/IMG_12631.jpg?fit=584%2C878&#038;ssl=1\" src=\"https:\/\/i0.wp.com\/www.dalmatiner-sachsen-anhalt.de\/blog\/wp-content\/uploads\/2013\/02\/IMG_12631-287x431.jpg\" width=\"287\" height=\"431\" align=\"left\" title=\"IMG_1263\" \/><\/a><\/div><\/div><div class=\"gallery-group images-2\" style=\"width: 288px; height: 435px;\"><div class=\"tiled-gallery-item tiled-gallery-item-large\"><a href=\"https:\/\/i0.wp.com\/www.dalmatiner-sachsen-anhalt.de\/blog\/wp-content\/uploads\/2013\/02\/S13800031.jpg?ssl=1\"><img data-attachment-id=\"5039\" data-orig-file=\"https:\/\/www.dalmatiner-sachsen-anhalt.de\/blog\/wp-content\/uploads\/2013\/02\/S13800031.jpg\" data-orig-size=\"1024,768\" data-comments-opened=\"1\" data-image-meta=\"{&quot;aperture&quot;:&quot;0&quot;,&quot;credit&quot;:&quot;&quot;,&quot;camera&quot;:&quot;&quot;,&quot;caption&quot;:&quot;&quot;,&quot;created_timestamp&quot;:&quot;0&quot;,&quot;copyright&quot;:&quot;&quot;,&quot;focal_length&quot;:&quot;0&quot;,&quot;iso&quot;:&quot;0&quot;,&quot;shutter_speed&quot;:&quot;0&quot;,&quot;title&quot;:&quot;&quot;}\" data-image-title=\"S1380003\" data-image-description=\"\" data-medium-file=\"https:\/\/i0.wp.com\/www.dalmatiner-sachsen-anhalt.de\/blog\/wp-content\/uploads\/2013\/02\/S13800031.jpg?fit=300%2C225&#038;ssl=1\" data-large-file=\"https:\/\/i0.wp.com\/www.dalmatiner-sachsen-anhalt.de\/blog\/wp-content\/uploads\/2013\/02\/S13800031.jpg?fit=584%2C438&#038;ssl=1\" src=\"https:\/\/i0.wp.com\/www.dalmatiner-sachsen-anhalt.de\/blog\/wp-content\/uploads\/2013\/02\/S13800031-284x214.jpg\" width=\"284\" height=\"214\" align=\"left\" title=\"S1380003\" \/><\/a><\/div><div class=\"tiled-gallery-item tiled-gallery-item-large\"><a href=\"https:\/\/i0.wp.com\/www.dalmatiner-sachsen-anhalt.de\/blog\/wp-content\/uploads\/2013\/02\/S1380002.jpg?ssl=1\"><img data-attachment-id=\"5037\" data-orig-file=\"https:\/\/www.dalmatiner-sachsen-anhalt.de\/blog\/wp-content\/uploads\/2013\/02\/S1380002.jpg\" data-orig-size=\"1024,768\" data-comments-opened=\"1\" data-image-meta=\"{&quot;aperture&quot;:&quot;0&quot;,&quot;credit&quot;:&quot;&quot;,&quot;camera&quot;:&quot;&quot;,&quot;caption&quot;:&quot;&quot;,&quot;created_timestamp&quot;:&quot;0&quot;,&quot;copyright&quot;:&quot;&quot;,&quot;focal_length&quot;:&quot;0&quot;,&quot;iso&quot;:&quot;0&quot;,&quot;shutter_speed&quot;:&quot;0&quot;,&quot;title&quot;:&quot;&quot;}\" data-image-title=\"S1380002\" data-image-description=\"\" data-medium-file=\"https:\/\/i0.wp.com\/www.dalmatiner-sachsen-anhalt.de\/blog\/wp-content\/uploads\/2013\/02\/S1380002.jpg?fit=300%2C225&#038;ssl=1\" data-large-file=\"https:\/\/i0.wp.com\/www.dalmatiner-sachsen-anhalt.de\/blog\/wp-content\/uploads\/2013\/02\/S1380002.jpg?fit=584%2C438&#038;ssl=1\" src=\"https:\/\/i0.wp.com\/www.dalmatiner-sachsen-anhalt.de\/blog\/wp-content\/uploads\/2013\/02\/S1380002-284x213.jpg\" width=\"284\" height=\"213\" align=\"left\" title=\"S1380002\" \/><\/a><\/div><\/div><\/div><\/div>\n<p>&nbsp;<\/p>\n<p>Liebe Gr&#252;sse von Carlotta an Michaela und Tim<\/p>\n<p>&nbsp;<\/p>\n","protected":false},"excerpt":{"rendered":"<p>&nbsp; Gestern hatten die Welpen, besonders Carlotta den ersten lieben Besuch. Es wurde gestaunt, geschnuppert und gekuschelt und Carlotta schlich sich ganz leise\u00a0 in die Herzen der Besucher. &nbsp; Liebe Gr&#252;sse von Carlotta an Michaela und Tim &nbsp;<\/p>\n","protected":false},"author":1,"featured_media":0,"comment_status":"open","ping_status":"open","sticky":false,"template":"","format":"standard","meta":{"jetpack_post_was_ever_published":false,"jetpack_publicize_message":"","jetpack_is_tweetstorm":false,"jetpack_publicize_feature_enabled":true,"jetpack_social_post_already_shared":true,"jetpack_social_options":[]},"categories":[13,112,113,856,997,371,972,3],"tags":[18,35,305,941,380,1035,7],"jetpack_publicize_connections":[],"jetpack_featured_media_url":"","jetpack_shortlink":"https:\/\/wp.me\/px1eF-1jc","jetpack_sharing_enabled":true,"jetpack_likes_enabled":true,"jetpack-related-posts":[{"id":5285,"url":"https:\/\/www.dalmatiner-sachsen-anhalt.de\/blog\/5285\/","url_meta":{"origin":5034,"position":0},"title":"Carlotta von den Sandst&#252;cken","date":"2. April 2013","format":false,"excerpt":"\u00a0 ...hat ihr neues zu Hause wohl schon fest im Griff - eine sehr sch\u00f6ne H\u00fcndin. Danke Michaela f\u00fcr die s\u00fc\u00dfen Bilder.","rel":"","context":"In &quot;C-Wurf&quot;","img":{"alt_text":"","src":"https:\/\/i0.wp.com\/www.dalmatiner-sachsen-anhalt.de\/blog\/wp-content\/uploads\/2013\/04\/1364839190507-232x155.jpg?resize=350%2C200","width":350,"height":200},"classes":[]},{"id":5639,"url":"https:\/\/www.dalmatiner-sachsen-anhalt.de\/blog\/5639\/","url_meta":{"origin":5034,"position":1},"title":"Carlotta vdS","date":"3. Juli 2013","format":false,"excerpt":"S\u00fc\u00dfe Maus - Alter 5 Monate.","rel":"","context":"In &quot;C-Wurf&quot;","img":{"alt_text":"Carlotta vdS 5 Monate","src":"https:\/\/i0.wp.com\/www.dalmatiner-sachsen-anhalt.de\/blog\/wp-content\/uploads\/2013\/07\/Carlotta-vdS-5-Monate.jpg?resize=350%2C200","width":350,"height":200},"classes":[]},{"id":6112,"url":"https:\/\/www.dalmatiner-sachsen-anhalt.de\/blog\/6112\/","url_meta":{"origin":5034,"position":2},"title":"Carlotta-Jesse-Michaela","date":"8. Juni 2014","format":false,"excerpt":"\u00a0 ...einfach nur sch\u00f6n. :-) Danke Michaela f\u00fcr diese tollen Bilder. \u00a0","rel":"","context":"In &quot;C-Wurf&quot;","img":{"alt_text":"","src":"https:\/\/i0.wp.com\/www.dalmatiner-sachsen-anhalt.de\/blog\/wp-content\/uploads\/2014\/06\/carlotta-mit-jesse-am-fluss.jpg?fit=960%2C642&ssl=1&resize=350%2C200","width":350,"height":200},"classes":[]},{"id":5929,"url":"https:\/\/www.dalmatiner-sachsen-anhalt.de\/blog\/5929\/","url_meta":{"origin":5034,"position":3},"title":"Carlotta vdS","date":"9. Januar 2014","format":"image","excerpt":"Die 11 Monate alte Carlotta sieht ihrer Mama sehr \u00e4hnlich.","rel":"","context":"In &quot;C-Wurf&quot;","img":{"alt_text":"Carlotta-vdS-11-Monate 2013","src":"https:\/\/i0.wp.com\/www.dalmatiner-sachsen-anhalt.de\/blog\/wp-content\/uploads\/2014\/01\/Carlotta-vdS-11-Monate-2013-1024x682.jpg?resize=350%2C200","width":350,"height":200},"classes":[]},{"id":5270,"url":"https:\/\/www.dalmatiner-sachsen-anhalt.de\/blog\/5270\/","url_meta":{"origin":5034,"position":4},"title":"Carlotta von den Sandst&#252;cken","date":"30. M&auml;rz 2013","format":false,"excerpt":"\u00a0 Auf diesem Bild ist Carlotta 10 Wochen alt.","rel":"","context":"In &quot;C-Wurf&quot;","img":{"alt_text":"","src":"https:\/\/i0.wp.com\/www.dalmatiner-sachsen-anhalt.de\/blog\/wp-content\/uploads\/2013\/03\/Abschied-Carlotta-vdS0044-1024x681.jpg?resize=350%2C200","width":350,"height":200},"classes":[]},{"id":5217,"url":"https:\/\/www.dalmatiner-sachsen-anhalt.de\/blog\/5217\/","url_meta":{"origin":5034,"position":5},"title":"Carlotta von den Sandst&#252;cken","date":"19. M&auml;rz 2013","format":false,"excerpt":"\u00a0 Hier zeigen wir ein Stehbild von Carlotta im Alter von 52 Tagen \u2013 Anfang 8. Woche.","rel":"","context":"In &quot;C-Wurf&quot;","img":{"alt_text":"carlotta-vds-8 Wochen","src":"https:\/\/i0.wp.com\/www.dalmatiner-sachsen-anhalt.de\/blog\/wp-content\/uploads\/2013\/03\/dalmatiner-welpe-carlotta-vds-8-Wochen-alt_1779-1024x681.jpg?resize=350%2C200","width":350,"height":200},"classes":[]}],"_links":{"self":[{"href":"https:\/\/www.dalmatiner-sachsen-anhalt.de\/blog\/wp-json\/wp\/v2\/posts\/5034"}],"collection":[{"href":"https:\/\/www.dalmatiner-sachsen-anhalt.de\/blog\/wp-json\/wp\/v2\/posts"}],"about":[{"href":"https:\/\/www.dalmatiner-sachsen-anhalt.de\/blog\/wp-json\/wp\/v2\/types\/post"}],"author":[{"embeddable":true,"href":"https:\/\/www.dalmatiner-sachsen-anhalt.de\/blog\/wp-json\/wp\/v2\/users\/1"}],"replies":[{"embeddable":true,"href":"https:\/\/www.dalmatiner-sachsen-anhalt.de\/blog\/wp-json\/wp\/v2\/comments?post=5034"}],"version-history":[{"count":7,"href":"https:\/\/www.dalmatiner-sachsen-anhalt.de\/blog\/wp-json\/wp\/v2\/posts\/5034\/revisions"}],"predecessor-version":[{"id":5043,"href":"https:\/\/www.dalmatiner-sachsen-anhalt.de\/blog\/wp-json\/wp\/v2\/posts\/5034\/revisions\/5043"}],"wp:attachment":[{"href":"https:\/\/www.dalmatiner-sachsen-anhalt.de\/blog\/wp-json\/wp\/v2\/media?parent=5034"}],"wp:term":[{"taxonomy":"category","embeddable":true,"href":"https:\/\/www.dalmatiner-sachsen-anhalt.de\/blog\/wp-json\/wp\/v2\/categories?post=5034"},{"taxonomy":"post_tag","embeddable":true,"href":"https:\/\/www.dalmatiner-sachsen-anhalt.de\/blog\/wp-json\/wp\/v2\/tags?post=5034"}],"curies":[{"name":"wp","href":"https:\/\/api.w.org\/{rel}","templated":true}]}}