{"id":5119,"date":"2013-03-07T08:36:29","date_gmt":"2013-03-07T06:36:29","guid":{"rendered":"http:\/\/www.dalmatiner-sachsen-anhalt.de\/blog\/?p=5119"},"modified":"2013-03-07T08:36:29","modified_gmt":"2013-03-07T06:36:29","slug":"kampfzwerge","status":"publish","type":"post","link":"https:\/\/www.dalmatiner-sachsen-anhalt.de\/blog\/5119\/","title":{"rendered":"Kampfzwerge"},"content":{"rendered":"<p>&nbsp;<\/p>\n<p>Bei sonnigem Fr&#252;hlingswetter spielen die Fleckenzwerge sehr gern und viel im Freien. Jetzt gibt es nat&#252;rlich nichts Wichtigeres als Kr&#228;ftemessen, um herauszufinden, wer der st&#228;rkste Dalmatiner ist. Und so werden die Fleckenzwerge zu <strong>Kampfzwergen<\/strong>. Aber ernsthaft verletzt wird dabei niemand.<br \/>\n<object width=\"560\" height=\"315\" classid=\"clsid:d27cdb6e-ae6d-11cf-96b8-444553540000\" codebase=\"http:\/\/download.macromedia.com\/pub\/shockwave\/cabs\/flash\/swflash.cab#version=6,0,40,0\"><param name=\"allowFullScreen\" value=\"true\" \/><param name=\"allowscriptaccess\" value=\"always\" \/><param name=\"src\" value=\"https:\/\/www.youtube.com\/v\/dRdmwSIxQH8?hl=de_DE&amp;version=3&amp;rel=0\" \/><param name=\"allowfullscreen\" value=\"true\" \/><\/object><\/p>\n","protected":false},"excerpt":{"rendered":"<p>&nbsp; Bei sonnigem Fr&#252;hlingswetter spielen die Fleckenzwerge sehr gern und viel im Freien. Jetzt gibt es nat&#252;rlich nichts Wichtigeres als Kr&#228;ftemessen, um herauszufinden, wer der st&#228;rkste Dalmatiner ist. Und so werden die Fleckenzwerge zu Kampfzwergen. Aber ernsthaft verletzt wird dabei &hellip; <a href=\"https:\/\/www.dalmatiner-sachsen-anhalt.de\/blog\/5119\/\">Continue reading <span class=\"meta-nav\">&rarr;<\/span><\/a><\/p>\n","protected":false},"author":1,"featured_media":0,"comment_status":"open","ping_status":"open","sticky":false,"template":"","format":"standard","meta":{"jetpack_post_was_ever_published":false,"jetpack_publicize_message":"","jetpack_is_tweetstorm":false,"jetpack_publicize_feature_enabled":true,"jetpack_social_post_already_shared":true,"jetpack_social_options":[]},"categories":[856],"tags":[],"jetpack_publicize_connections":[],"jetpack_featured_media_url":"","jetpack_shortlink":"https:\/\/wp.me\/px1eF-1kz","jetpack_sharing_enabled":true,"jetpack_likes_enabled":true,"jetpack-related-posts":[{"id":7029,"url":"https:\/\/www.dalmatiner-sachsen-anhalt.de\/blog\/7029\/","url_meta":{"origin":5119,"position":0},"title":"Tag 6 Fleckenzwerge \ud83d\ude04","date":"16. August 2019","format":false,"excerpt":"","rel":"","context":"In &quot;E-Wurf&quot;","img":{"alt_text":"","src":"https:\/\/i0.wp.com\/www.dalmatiner-sachsen-anhalt.de\/blog\/wp-content\/uploads\/2019\/08\/IMG_20190816_064827.jpg?resize=350%2C200&ssl=1","width":350,"height":200},"classes":[]},{"id":7040,"url":"https:\/\/www.dalmatiner-sachsen-anhalt.de\/blog\/7040\/","url_meta":{"origin":5119,"position":1},"title":"Tag 7","date":"17. August 2019","format":false,"excerpt":"Gr\u00fcppchen Bildung. Die Fleckenzwerge schlafen noch.","rel":"","context":"In &quot;E-Wurf&quot;","img":{"alt_text":"","src":"https:\/\/i0.wp.com\/www.dalmatiner-sachsen-anhalt.de\/blog\/wp-content\/uploads\/2019\/08\/IMG_20190817_055216.jpg?resize=350%2C200&ssl=1","width":350,"height":200},"classes":[]},{"id":7309,"url":"https:\/\/www.dalmatiner-sachsen-anhalt.de\/blog\/7309\/","url_meta":{"origin":5119,"position":2},"title":"2. Fr&#252;hst&#252;ck","date":"13. September 2019","format":false,"excerpt":"Die Fleckenzwerge sind total verhungert\ud83d\ude00","rel":"","context":"In &quot;E-Wurf&quot;","img":{"alt_text":"","src":"https:\/\/i0.wp.com\/www.dalmatiner-sachsen-anhalt.de\/blog\/wp-content\/uploads\/2019\/09\/IMG_20190913_105441.jpg?resize=350%2C200&ssl=1","width":350,"height":200},"classes":[]},{"id":7385,"url":"https:\/\/www.dalmatiner-sachsen-anhalt.de\/blog\/7385\/","url_meta":{"origin":5119,"position":3},"title":"Neu und gef&#228;hrlich \ud83d\ude02","date":"21. September 2019","format":false,"excerpt":"Die Fleckenzwerge haben ein neues Spielzeug gefunden: den gef\u00e4hrlichen Gartenschlauch\ud83d\ude04","rel":"","context":"In &quot;E-Wurf&quot;","img":{"alt_text":"","src":"https:\/\/i0.wp.com\/www.dalmatiner-sachsen-anhalt.de\/blog\/wp-content\/uploads\/2019\/09\/IMG_20190921_150641.jpg?resize=350%2C200&ssl=1","width":350,"height":200},"classes":[]},{"id":3118,"url":"https:\/\/www.dalmatiner-sachsen-anhalt.de\/blog\/3118\/","url_meta":{"origin":5119,"position":4},"title":"Viele Punkte","date":"11. Januar 2011","format":false,"excerpt":"Bennet\u00a0\u00a0 fragt sich wo die vielen Punkte herkommen. Bennet sucht noch\u00a0 liebe Menschen.","rel":"","context":"In &quot;B-Wurf&quot;","img":{"alt_text":"","src":"https:\/\/i0.wp.com\/www.dalmatiner-sachsen-anhalt.de\/blog\/wp-content\/uploads\/2011\/01\/Welpen-Tag-26_8101-1024x681.jpg?resize=350%2C200","width":350,"height":200},"classes":[]},{"id":274,"url":"https:\/\/www.dalmatiner-sachsen-anhalt.de\/blog\/274\/","url_meta":{"origin":5119,"position":5},"title":"53. Tag &#8220;Hochplateau&#8221; f&#252;r Fleckenzwerge","date":"28. Mai 2009","format":false,"excerpt":"Die kleinen, s\u00fc\u00dfen Welpen werden diese erh\u00f6hte Liegefl\u00e4che m\u00f6gen.","rel":"","context":"In &quot;Allgemein&quot;","img":{"alt_text":"highland","src":"https:\/\/i0.wp.com\/www.dalmatiner-sachsen-anhalt.de\/blog\/wp-content\/uploads\/2009\/05\/highland.jpg?resize=350%2C200","width":350,"height":200},"classes":[]}],"_links":{"self":[{"href":"https:\/\/www.dalmatiner-sachsen-anhalt.de\/blog\/wp-json\/wp\/v2\/posts\/5119"}],"collection":[{"href":"https:\/\/www.dalmatiner-sachsen-anhalt.de\/blog\/wp-json\/wp\/v2\/posts"}],"about":[{"href":"https:\/\/www.dalmatiner-sachsen-anhalt.de\/blog\/wp-json\/wp\/v2\/types\/post"}],"author":[{"embeddable":true,"href":"https:\/\/www.dalmatiner-sachsen-anhalt.de\/blog\/wp-json\/wp\/v2\/users\/1"}],"replies":[{"embeddable":true,"href":"https:\/\/www.dalmatiner-sachsen-anhalt.de\/blog\/wp-json\/wp\/v2\/comments?post=5119"}],"version-history":[{"count":4,"href":"https:\/\/www.dalmatiner-sachsen-anhalt.de\/blog\/wp-json\/wp\/v2\/posts\/5119\/revisions"}],"predecessor-version":[{"id":5123,"href":"https:\/\/www.dalmatiner-sachsen-anhalt.de\/blog\/wp-json\/wp\/v2\/posts\/5119\/revisions\/5123"}],"wp:attachment":[{"href":"https:\/\/www.dalmatiner-sachsen-anhalt.de\/blog\/wp-json\/wp\/v2\/media?parent=5119"}],"wp:term":[{"taxonomy":"category","embeddable":true,"href":"https:\/\/www.dalmatiner-sachsen-anhalt.de\/blog\/wp-json\/wp\/v2\/categories?post=5119"},{"taxonomy":"post_tag","embeddable":true,"href":"https:\/\/www.dalmatiner-sachsen-anhalt.de\/blog\/wp-json\/wp\/v2\/tags?post=5119"}],"curies":[{"name":"wp","href":"https:\/\/api.w.org\/{rel}","templated":true}]}}