{"id":5297,"date":"2013-04-05T16:50:15","date_gmt":"2013-04-05T14:50:15","guid":{"rendered":"http:\/\/www.dalmatiner-sachsen-anhalt.de\/blog\/?p=5297"},"modified":"2013-04-05T16:51:05","modified_gmt":"2013-04-05T14:51:05","slug":"comtess-von-den-sandstucken-2","status":"publish","type":"post","link":"https:\/\/www.dalmatiner-sachsen-anhalt.de\/blog\/5297\/","title":{"rendered":"Comtess von den Sandst&#252;cken"},"content":{"rendered":"<p>&nbsp;<\/p>\n<p><a href=\"https:\/\/i0.wp.com\/www.dalmatiner-sachsen-anhalt.de\/blog\/wp-content\/uploads\/2013\/04\/Abschied-Carlotta-vdS0084.jpg?ssl=1\"><img data-attachment-id=\"5298\" data-permalink=\"https:\/\/www.dalmatiner-sachsen-anhalt.de\/blog\/5297\/abschied-carlotta-vds0084\/\" data-orig-file=\"https:\/\/i0.wp.com\/www.dalmatiner-sachsen-anhalt.de\/blog\/wp-content\/uploads\/2013\/04\/Abschied-Carlotta-vdS0084.jpg?fit=1154%2C768&amp;ssl=1\" data-orig-size=\"1154,768\" data-comments-opened=\"1\" data-image-meta=\"{&quot;aperture&quot;:&quot;4.5&quot;,&quot;credit&quot;:&quot;&quot;,&quot;camera&quot;:&quot;Canon EOS 1000D&quot;,&quot;caption&quot;:&quot;&quot;,&quot;created_timestamp&quot;:&quot;1365097379&quot;,&quot;copyright&quot;:&quot;&quot;,&quot;focal_length&quot;:&quot;32&quot;,&quot;iso&quot;:&quot;400&quot;,&quot;shutter_speed&quot;:&quot;0.008&quot;,&quot;title&quot;:&quot;&quot;}\" data-image-title=\"Abschied Comtess vdS\" data-image-description=\"\" data-image-caption=\"\" data-medium-file=\"https:\/\/i0.wp.com\/www.dalmatiner-sachsen-anhalt.de\/blog\/wp-content\/uploads\/2013\/04\/Abschied-Carlotta-vdS0084.jpg?fit=300%2C199&amp;ssl=1\" data-large-file=\"https:\/\/i0.wp.com\/www.dalmatiner-sachsen-anhalt.de\/blog\/wp-content\/uploads\/2013\/04\/Abschied-Carlotta-vdS0084.jpg?fit=584%2C388&amp;ssl=1\" decoding=\"async\" loading=\"lazy\" class=\"aligncenter size-large wp-image-5298\" title=\"Abschied Comtess vdS\" src=\"https:\/\/i0.wp.com\/www.dalmatiner-sachsen-anhalt.de\/blog\/wp-content\/uploads\/2013\/04\/Abschied-Carlotta-vdS0084.jpg?resize=584%2C388&#038;ssl=1\" alt=\"\" width=\"584\" height=\"388\" srcset=\"https:\/\/i0.wp.com\/www.dalmatiner-sachsen-anhalt.de\/blog\/wp-content\/uploads\/2013\/04\/Abschied-Carlotta-vdS0084.jpg?resize=1024%2C681&amp;ssl=1 1024w, https:\/\/i0.wp.com\/www.dalmatiner-sachsen-anhalt.de\/blog\/wp-content\/uploads\/2013\/04\/Abschied-Carlotta-vdS0084.jpg?resize=150%2C99&amp;ssl=1 150w, https:\/\/i0.wp.com\/www.dalmatiner-sachsen-anhalt.de\/blog\/wp-content\/uploads\/2013\/04\/Abschied-Carlotta-vdS0084.jpg?resize=300%2C199&amp;ssl=1 300w, https:\/\/i0.wp.com\/www.dalmatiner-sachsen-anhalt.de\/blog\/wp-content\/uploads\/2013\/04\/Abschied-Carlotta-vdS0084.jpg?resize=450%2C300&amp;ssl=1 450w, https:\/\/i0.wp.com\/www.dalmatiner-sachsen-anhalt.de\/blog\/wp-content\/uploads\/2013\/04\/Abschied-Carlotta-vdS0084.jpg?w=1154&amp;ssl=1 1154w\" sizes=\"(max-width: 584px) 100vw, 584px\" data-recalc-dims=\"1\" \/><\/a>Gestern wurde Comtess vdS an die neuen Besitzer &#252;bergeben. Wir w&#252;nschen ihr alles Gute im &#8220;neuen K&#246;rbchen&#8221;, und den neuen Besitzern viel Freude mit Comtess. Sie ist ein echter Schatz.<\/p>\n<div data-carousel-extra='{\"blog_id\":1,\"permalink\":\"https:\\\/\\\/www.dalmatiner-sachsen-anhalt.de\\\/blog\\\/5297\\\/\"}' class=\"tiled-gallery type-rectangular\" data-original-width=\"584\"><div class=\"gallery-row\" style=\"width: 579px; height: 255px;\"><div class=\"gallery-group images-1\" style=\"width: 387px; height: 259px;\"><div class=\"tiled-gallery-item tiled-gallery-item-large\"><a href=\"https:\/\/i0.wp.com\/www.dalmatiner-sachsen-anhalt.de\/blog\/wp-content\/uploads\/2013\/04\/Abschied-Carlotta-vdS0013.jpg?ssl=1\"><img data-attachment-id=\"5303\" data-orig-file=\"https:\/\/www.dalmatiner-sachsen-anhalt.de\/blog\/wp-content\/uploads\/2013\/04\/Abschied-Carlotta-vdS0013.jpg\" data-orig-size=\"1154,768\" data-comments-opened=\"1\" data-image-meta=\"{&quot;aperture&quot;:&quot;4.5&quot;,&quot;credit&quot;:&quot;&quot;,&quot;camera&quot;:&quot;Canon EOS 1000D&quot;,&quot;caption&quot;:&quot;&quot;,&quot;created_timestamp&quot;:&quot;1365091744&quot;,&quot;copyright&quot;:&quot;&quot;,&quot;focal_length&quot;:&quot;34&quot;,&quot;iso&quot;:&quot;400&quot;,&quot;shutter_speed&quot;:&quot;0.016666666666667&quot;,&quot;title&quot;:&quot;&quot;}\" data-image-title=\"Abschied Comtess vdS\" data-image-description=\"\" data-medium-file=\"https:\/\/i0.wp.com\/www.dalmatiner-sachsen-anhalt.de\/blog\/wp-content\/uploads\/2013\/04\/Abschied-Carlotta-vdS0013.jpg?fit=300%2C199&#038;ssl=1\" data-large-file=\"https:\/\/i0.wp.com\/www.dalmatiner-sachsen-anhalt.de\/blog\/wp-content\/uploads\/2013\/04\/Abschied-Carlotta-vdS0013.jpg?fit=584%2C388&#038;ssl=1\" src=\"https:\/\/i0.wp.com\/www.dalmatiner-sachsen-anhalt.de\/blog\/wp-content\/uploads\/2013\/04\/Abschied-Carlotta-vdS0013-383x255.jpg\" width=\"383\" height=\"255\" align=\"left\" title=\"Abschied Comtess vdS\" \/><\/a><\/div><\/div><div class=\"gallery-group images-2\" style=\"width: 192px; height: 259px;\"><div class=\"tiled-gallery-item tiled-gallery-item-small\"><a href=\"https:\/\/i0.wp.com\/www.dalmatiner-sachsen-anhalt.de\/blog\/wp-content\/uploads\/2013\/04\/Abschied-Carlotta-vdS0005.jpg?ssl=1\"><img data-attachment-id=\"5305\" data-orig-file=\"https:\/\/www.dalmatiner-sachsen-anhalt.de\/blog\/wp-content\/uploads\/2013\/04\/Abschied-Carlotta-vdS0005.jpg\" data-orig-size=\"1154,768\" data-comments-opened=\"1\" data-image-meta=\"{&quot;aperture&quot;:&quot;4&quot;,&quot;credit&quot;:&quot;&quot;,&quot;camera&quot;:&quot;Canon EOS 1000D&quot;,&quot;caption&quot;:&quot;&quot;,&quot;created_timestamp&quot;:&quot;1365091574&quot;,&quot;copyright&quot;:&quot;&quot;,&quot;focal_length&quot;:&quot;18&quot;,&quot;iso&quot;:&quot;400&quot;,&quot;shutter_speed&quot;:&quot;0.016666666666667&quot;,&quot;title&quot;:&quot;&quot;}\" data-image-title=\"Abschied Comtess vdS\" data-image-description=\"\" data-medium-file=\"https:\/\/i0.wp.com\/www.dalmatiner-sachsen-anhalt.de\/blog\/wp-content\/uploads\/2013\/04\/Abschied-Carlotta-vdS0005.jpg?fit=300%2C199&#038;ssl=1\" data-large-file=\"https:\/\/i0.wp.com\/www.dalmatiner-sachsen-anhalt.de\/blog\/wp-content\/uploads\/2013\/04\/Abschied-Carlotta-vdS0005.jpg?fit=584%2C388&#038;ssl=1\" src=\"https:\/\/i0.wp.com\/www.dalmatiner-sachsen-anhalt.de\/blog\/wp-content\/uploads\/2013\/04\/Abschied-Carlotta-vdS0005-188x126.jpg\" width=\"188\" height=\"126\" align=\"left\" title=\"Abschied Comtess vdS\" \/><\/a><\/div><div class=\"tiled-gallery-item tiled-gallery-item-small\"><a href=\"https:\/\/i0.wp.com\/www.dalmatiner-sachsen-anhalt.de\/blog\/wp-content\/uploads\/2013\/04\/Abschied-Carlotta-vdS0040.jpg?ssl=1\"><img data-attachment-id=\"5302\" data-orig-file=\"https:\/\/www.dalmatiner-sachsen-anhalt.de\/blog\/wp-content\/uploads\/2013\/04\/Abschied-Carlotta-vdS0040.jpg\" data-orig-size=\"1154,768\" data-comments-opened=\"1\" data-image-meta=\"{&quot;aperture&quot;:&quot;4.5&quot;,&quot;credit&quot;:&quot;&quot;,&quot;camera&quot;:&quot;Canon EOS 1000D&quot;,&quot;caption&quot;:&quot;&quot;,&quot;created_timestamp&quot;:&quot;1365092090&quot;,&quot;copyright&quot;:&quot;&quot;,&quot;focal_length&quot;:&quot;34&quot;,&quot;iso&quot;:&quot;400&quot;,&quot;shutter_speed&quot;:&quot;0.016666666666667&quot;,&quot;title&quot;:&quot;&quot;}\" data-image-title=\"Abschied Comtess vdS\" data-image-description=\"\" data-medium-file=\"https:\/\/i0.wp.com\/www.dalmatiner-sachsen-anhalt.de\/blog\/wp-content\/uploads\/2013\/04\/Abschied-Carlotta-vdS0040.jpg?fit=300%2C199&#038;ssl=1\" data-large-file=\"https:\/\/i0.wp.com\/www.dalmatiner-sachsen-anhalt.de\/blog\/wp-content\/uploads\/2013\/04\/Abschied-Carlotta-vdS0040.jpg?fit=584%2C388&#038;ssl=1\" src=\"https:\/\/i0.wp.com\/www.dalmatiner-sachsen-anhalt.de\/blog\/wp-content\/uploads\/2013\/04\/Abschied-Carlotta-vdS0040-188x125.jpg\" width=\"188\" height=\"125\" align=\"left\" title=\"Abschied Comtess vdS\" \/><\/a><\/div><\/div><\/div><div class=\"gallery-row\" style=\"width: 579px; height: 126px;\"><div class=\"gallery-group images-1\" style=\"width: 193px; height: 130px;\"><div class=\"tiled-gallery-item tiled-gallery-item-small\"><a href=\"https:\/\/i0.wp.com\/www.dalmatiner-sachsen-anhalt.de\/blog\/wp-content\/uploads\/2013\/04\/Abschied-Carlotta-vdS0069.jpg?ssl=1\"><img data-attachment-id=\"5300\" data-orig-file=\"https:\/\/www.dalmatiner-sachsen-anhalt.de\/blog\/wp-content\/uploads\/2013\/04\/Abschied-Carlotta-vdS0069.jpg\" data-orig-size=\"1154,768\" data-comments-opened=\"1\" data-image-meta=\"{&quot;aperture&quot;:&quot;5.6&quot;,&quot;credit&quot;:&quot;&quot;,&quot;camera&quot;:&quot;Canon EOS 1000D&quot;,&quot;caption&quot;:&quot;&quot;,&quot;created_timestamp&quot;:&quot;1365097300&quot;,&quot;copyright&quot;:&quot;&quot;,&quot;focal_length&quot;:&quot;55&quot;,&quot;iso&quot;:&quot;400&quot;,&quot;shutter_speed&quot;:&quot;0.01&quot;,&quot;title&quot;:&quot;&quot;}\" data-image-title=\"Abschied Comtess vdS\" data-image-description=\"\" data-medium-file=\"https:\/\/i0.wp.com\/www.dalmatiner-sachsen-anhalt.de\/blog\/wp-content\/uploads\/2013\/04\/Abschied-Carlotta-vdS0069.jpg?fit=300%2C199&#038;ssl=1\" data-large-file=\"https:\/\/i0.wp.com\/www.dalmatiner-sachsen-anhalt.de\/blog\/wp-content\/uploads\/2013\/04\/Abschied-Carlotta-vdS0069.jpg?fit=584%2C388&#038;ssl=1\" src=\"https:\/\/i0.wp.com\/www.dalmatiner-sachsen-anhalt.de\/blog\/wp-content\/uploads\/2013\/04\/Abschied-Carlotta-vdS0069-189x126.jpg\" width=\"189\" height=\"126\" align=\"left\" title=\"Abschied Comtess vdS\" \/><\/a><\/div><\/div><div class=\"gallery-group images-1\" style=\"width: 193px; height: 130px;\"><div class=\"tiled-gallery-item tiled-gallery-item-small\"><a href=\"https:\/\/i0.wp.com\/www.dalmatiner-sachsen-anhalt.de\/blog\/wp-content\/uploads\/2013\/04\/Abschied-Carlotta-vdS0003.jpg?ssl=1\"><img data-attachment-id=\"5306\" data-orig-file=\"https:\/\/www.dalmatiner-sachsen-anhalt.de\/blog\/wp-content\/uploads\/2013\/04\/Abschied-Carlotta-vdS0003.jpg\" data-orig-size=\"1154,768\" data-comments-opened=\"1\" data-image-meta=\"{&quot;aperture&quot;:&quot;4&quot;,&quot;credit&quot;:&quot;&quot;,&quot;camera&quot;:&quot;Canon EOS 1000D&quot;,&quot;caption&quot;:&quot;&quot;,&quot;created_timestamp&quot;:&quot;1365091536&quot;,&quot;copyright&quot;:&quot;&quot;,&quot;focal_length&quot;:&quot;18&quot;,&quot;iso&quot;:&quot;400&quot;,&quot;shutter_speed&quot;:&quot;0.016666666666667&quot;,&quot;title&quot;:&quot;&quot;}\" data-image-title=\"Abschied Comtess vdS\" data-image-description=\"\" data-medium-file=\"https:\/\/i0.wp.com\/www.dalmatiner-sachsen-anhalt.de\/blog\/wp-content\/uploads\/2013\/04\/Abschied-Carlotta-vdS0003.jpg?fit=300%2C199&#038;ssl=1\" data-large-file=\"https:\/\/i0.wp.com\/www.dalmatiner-sachsen-anhalt.de\/blog\/wp-content\/uploads\/2013\/04\/Abschied-Carlotta-vdS0003.jpg?fit=584%2C388&#038;ssl=1\" src=\"https:\/\/i0.wp.com\/www.dalmatiner-sachsen-anhalt.de\/blog\/wp-content\/uploads\/2013\/04\/Abschied-Carlotta-vdS0003-189x126.jpg\" width=\"189\" height=\"126\" align=\"left\" title=\"Abschied Comtess vdS\" \/><\/a><\/div><\/div><div class=\"gallery-group images-1\" style=\"width: 193px; height: 130px;\"><div class=\"tiled-gallery-item tiled-gallery-item-small\"><a href=\"https:\/\/i0.wp.com\/www.dalmatiner-sachsen-anhalt.de\/blog\/wp-content\/uploads\/2013\/04\/Abschied-Carlotta-vdS0011.jpg?ssl=1\"><img data-attachment-id=\"5304\" data-orig-file=\"https:\/\/www.dalmatiner-sachsen-anhalt.de\/blog\/wp-content\/uploads\/2013\/04\/Abschied-Carlotta-vdS0011.jpg\" data-orig-size=\"1154,768\" data-comments-opened=\"1\" data-image-meta=\"{&quot;aperture&quot;:&quot;5.6&quot;,&quot;credit&quot;:&quot;&quot;,&quot;camera&quot;:&quot;Canon EOS 1000D&quot;,&quot;caption&quot;:&quot;&quot;,&quot;created_timestamp&quot;:&quot;1365091721&quot;,&quot;copyright&quot;:&quot;&quot;,&quot;focal_length&quot;:&quot;55&quot;,&quot;iso&quot;:&quot;400&quot;,&quot;shutter_speed&quot;:&quot;0.016666666666667&quot;,&quot;title&quot;:&quot;&quot;}\" data-image-title=\"Abschied Comtess vdS\" data-image-description=\"\" data-medium-file=\"https:\/\/i0.wp.com\/www.dalmatiner-sachsen-anhalt.de\/blog\/wp-content\/uploads\/2013\/04\/Abschied-Carlotta-vdS0011.jpg?fit=300%2C199&#038;ssl=1\" data-large-file=\"https:\/\/i0.wp.com\/www.dalmatiner-sachsen-anhalt.de\/blog\/wp-content\/uploads\/2013\/04\/Abschied-Carlotta-vdS0011.jpg?fit=584%2C388&#038;ssl=1\" src=\"https:\/\/i0.wp.com\/www.dalmatiner-sachsen-anhalt.de\/blog\/wp-content\/uploads\/2013\/04\/Abschied-Carlotta-vdS0011-189x126.jpg\" width=\"189\" height=\"126\" align=\"left\" title=\"Abschied Comtess vdS\" \/><\/a><\/div><\/div><\/div><div class=\"gallery-row\" style=\"width: 579px; height: 255px;\"><div class=\"gallery-group images-2\" style=\"width: 192px; height: 259px;\"><div class=\"tiled-gallery-item tiled-gallery-item-small\"><a href=\"https:\/\/i0.wp.com\/www.dalmatiner-sachsen-anhalt.de\/blog\/wp-content\/uploads\/2013\/04\/Abschied-Carlotta-vdS0067.jpg?ssl=1\"><img data-attachment-id=\"5301\" data-orig-file=\"https:\/\/www.dalmatiner-sachsen-anhalt.de\/blog\/wp-content\/uploads\/2013\/04\/Abschied-Carlotta-vdS0067.jpg\" data-orig-size=\"1154,768\" data-comments-opened=\"1\" data-image-meta=\"{&quot;aperture&quot;:&quot;5.6&quot;,&quot;credit&quot;:&quot;&quot;,&quot;camera&quot;:&quot;Canon EOS 1000D&quot;,&quot;caption&quot;:&quot;&quot;,&quot;created_timestamp&quot;:&quot;1365096961&quot;,&quot;copyright&quot;:&quot;&quot;,&quot;focal_length&quot;:&quot;50&quot;,&quot;iso&quot;:&quot;400&quot;,&quot;shutter_speed&quot;:&quot;0.016666666666667&quot;,&quot;title&quot;:&quot;&quot;}\" data-image-title=\"Abschied Comtess vdS\" data-image-description=\"\" data-medium-file=\"https:\/\/i0.wp.com\/www.dalmatiner-sachsen-anhalt.de\/blog\/wp-content\/uploads\/2013\/04\/Abschied-Carlotta-vdS0067.jpg?fit=300%2C199&#038;ssl=1\" data-large-file=\"https:\/\/i0.wp.com\/www.dalmatiner-sachsen-anhalt.de\/blog\/wp-content\/uploads\/2013\/04\/Abschied-Carlotta-vdS0067.jpg?fit=584%2C388&#038;ssl=1\" src=\"https:\/\/i0.wp.com\/www.dalmatiner-sachsen-anhalt.de\/blog\/wp-content\/uploads\/2013\/04\/Abschied-Carlotta-vdS0067-188x126.jpg\" width=\"188\" height=\"126\" align=\"left\" title=\"Abschied Comtess vdS\" \/><\/a><\/div><div class=\"tiled-gallery-item tiled-gallery-item-small\"><a href=\"https:\/\/i0.wp.com\/www.dalmatiner-sachsen-anhalt.de\/blog\/wp-content\/uploads\/2013\/04\/Abschied-Carlotta-vdS0078.jpg?ssl=1\"><img data-attachment-id=\"5299\" data-orig-file=\"https:\/\/www.dalmatiner-sachsen-anhalt.de\/blog\/wp-content\/uploads\/2013\/04\/Abschied-Carlotta-vdS0078.jpg\" data-orig-size=\"1154,768\" data-comments-opened=\"1\" data-image-meta=\"{&quot;aperture&quot;:&quot;3.5&quot;,&quot;credit&quot;:&quot;&quot;,&quot;camera&quot;:&quot;Canon EOS 1000D&quot;,&quot;caption&quot;:&quot;&quot;,&quot;created_timestamp&quot;:&quot;1365097332&quot;,&quot;copyright&quot;:&quot;&quot;,&quot;focal_length&quot;:&quot;18&quot;,&quot;iso&quot;:&quot;400&quot;,&quot;shutter_speed&quot;:&quot;0.004&quot;,&quot;title&quot;:&quot;&quot;}\" data-image-title=\"Abschied Comtess vdS\" data-image-description=\"\" data-medium-file=\"https:\/\/i0.wp.com\/www.dalmatiner-sachsen-anhalt.de\/blog\/wp-content\/uploads\/2013\/04\/Abschied-Carlotta-vdS0078.jpg?fit=300%2C199&#038;ssl=1\" data-large-file=\"https:\/\/i0.wp.com\/www.dalmatiner-sachsen-anhalt.de\/blog\/wp-content\/uploads\/2013\/04\/Abschied-Carlotta-vdS0078.jpg?fit=584%2C388&#038;ssl=1\" src=\"https:\/\/i0.wp.com\/www.dalmatiner-sachsen-anhalt.de\/blog\/wp-content\/uploads\/2013\/04\/Abschied-Carlotta-vdS0078-188x125.jpg\" width=\"188\" height=\"125\" align=\"left\" title=\"Abschied Comtess vdS\" \/><\/a><\/div><\/div><div class=\"gallery-group images-1\" style=\"width: 387px; height: 259px;\"><div class=\"tiled-gallery-item tiled-gallery-item-large\"><a href=\"https:\/\/i0.wp.com\/www.dalmatiner-sachsen-anhalt.de\/blog\/wp-content\/uploads\/2013\/04\/Abschied-Carlotta-vdS0084.jpg?ssl=1\"><img data-attachment-id=\"5298\" data-orig-file=\"https:\/\/www.dalmatiner-sachsen-anhalt.de\/blog\/wp-content\/uploads\/2013\/04\/Abschied-Carlotta-vdS0084.jpg\" data-orig-size=\"1154,768\" data-comments-opened=\"1\" data-image-meta=\"{&quot;aperture&quot;:&quot;4.5&quot;,&quot;credit&quot;:&quot;&quot;,&quot;camera&quot;:&quot;Canon EOS 1000D&quot;,&quot;caption&quot;:&quot;&quot;,&quot;created_timestamp&quot;:&quot;1365097379&quot;,&quot;copyright&quot;:&quot;&quot;,&quot;focal_length&quot;:&quot;32&quot;,&quot;iso&quot;:&quot;400&quot;,&quot;shutter_speed&quot;:&quot;0.008&quot;,&quot;title&quot;:&quot;&quot;}\" data-image-title=\"Abschied Comtess vdS\" data-image-description=\"\" data-medium-file=\"https:\/\/i0.wp.com\/www.dalmatiner-sachsen-anhalt.de\/blog\/wp-content\/uploads\/2013\/04\/Abschied-Carlotta-vdS0084.jpg?fit=300%2C199&#038;ssl=1\" data-large-file=\"https:\/\/i0.wp.com\/www.dalmatiner-sachsen-anhalt.de\/blog\/wp-content\/uploads\/2013\/04\/Abschied-Carlotta-vdS0084.jpg?fit=584%2C388&#038;ssl=1\" src=\"https:\/\/i0.wp.com\/www.dalmatiner-sachsen-anhalt.de\/blog\/wp-content\/uploads\/2013\/04\/Abschied-Carlotta-vdS0084-383x255.jpg\" width=\"383\" height=\"255\" align=\"left\" title=\"Abschied Comtess vdS\" \/><\/a><\/div><\/div><\/div><\/div>\n","protected":false},"excerpt":{"rendered":"<p>&nbsp; Gestern wurde Comtess vdS an die neuen Besitzer &#252;bergeben. Wir w&#252;nschen ihr alles Gute im &#8220;neuen K&#246;rbchen&#8221;, und den neuen Besitzern viel Freude mit Comtess. Sie ist ein echter Schatz.<\/p>\n","protected":false},"author":1,"featured_media":5305,"comment_status":"open","ping_status":"open","sticky":false,"template":"","format":"standard","meta":{"jetpack_post_was_ever_published":false,"jetpack_publicize_message":"","jetpack_is_tweetstorm":false,"jetpack_publicize_feature_enabled":true,"jetpack_social_post_already_shared":true,"jetpack_social_options":[]},"categories":[856,996,371,3],"tags":[1075,35,39,1076,852,400],"jetpack_publicize_connections":[],"jetpack_featured_media_url":"https:\/\/i0.wp.com\/www.dalmatiner-sachsen-anhalt.de\/blog\/wp-content\/uploads\/2013\/04\/Abschied-Carlotta-vdS0005.jpg?fit=1154%2C768&ssl=1","jetpack_shortlink":"https:\/\/wp.me\/px1eF-1nr","jetpack_sharing_enabled":true,"jetpack_likes_enabled":true,"jetpack-related-posts":[{"id":4961,"url":"https:\/\/www.dalmatiner-sachsen-anhalt.de\/blog\/4961\/","url_meta":{"origin":5297,"position":0},"title":"Comtess von den Sandst&#252;cken &#8211; Stehbild mit 25 Tagen","date":"16. Februar 2013","format":false,"excerpt":"Comtess aus Athene von den Sandst\u00fccken & Stocklore Wizard of the Forrest (Merlin) LUA","rel":"","context":"In &quot;A-Wurf&quot;","img":{"alt_text":"","src":"https:\/\/i0.wp.com\/www.dalmatiner-sachsen-anhalt.de\/blog\/wp-content\/uploads\/2013\/02\/lua-dalmatiner-comtess-tag25_17401-1024x681.jpg?resize=350%2C200","width":350,"height":200},"classes":[]},{"id":5219,"url":"https:\/\/www.dalmatiner-sachsen-anhalt.de\/blog\/5219\/","url_meta":{"origin":5297,"position":1},"title":"Comtess von den Sandst&#252;cken","date":"19. M&auml;rz 2013","format":false,"excerpt":"\u00a0 Hier zeigen wir ein Stehbild von Comtess im Alter von 52 Tagen \u2013 Anfang 8. Woche.","rel":"","context":"In &quot;C-Wurf&quot;","img":{"alt_text":"dalmatiner-welpe-comtess-vds-8 Wochen alt","src":"https:\/\/i0.wp.com\/www.dalmatiner-sachsen-anhalt.de\/blog\/wp-content\/uploads\/2013\/03\/dalmatiner-welpe-comtess-vds-8-Wochen-alt_1742-1024x681.jpg?resize=350%2C200","width":350,"height":200},"classes":[]},{"id":6038,"url":"https:\/\/www.dalmatiner-sachsen-anhalt.de\/blog\/6038\/","url_meta":{"origin":5297,"position":2},"title":"Neue Bilder von den C-chens vdS","date":"4. April 2014","format":false,"excerpt":"Hier ein paar neue Fotos von den Sandst\u00fccken: Calimero, Caruso und Comtess - da sind sie 14 Monate alt, in ihrem neuen Zuhause. Wir wollen gerne Stehbilder, von der Seite betrachtet. Vielleicht klappt das ja einmal. A & A","rel":"","context":"In &quot;C-Wurf&quot;","img":{"alt_text":"calimero-vds-mit-ondra","src":"https:\/\/i0.wp.com\/www.dalmatiner-sachsen-anhalt.de\/blog\/wp-content\/uploads\/2014\/04\/calimero-vds-mit-ondra.jpg?fit=1200%2C900&ssl=1&resize=350%2C200","width":350,"height":200},"classes":[]},{"id":6310,"url":"https:\/\/www.dalmatiner-sachsen-anhalt.de\/blog\/6310\/","url_meta":{"origin":5297,"position":3},"title":"Geburtstag C-Wurf vdS","date":"22. Januar 2016","format":false,"excerpt":"\u00a0 Herzlichen Gl\u00fcckwunsch an den C-Wurf \"von den Sandst\u00fccken\". Carlotta, Comtess, Caruso, Calimero, Collin und Charming Merlin werden heute 3 Jahre alt. M\u00f6get Ihr noch lange gesund und munter umherspringen. Wir freuen uns auf ein Wiedersehen mit Euch und Euren lieben Menschen. La\u00dft Euch knuddeln und heute ganz besonders doll\u2026","rel":"","context":"In &quot;C-Wurf&quot;","img":{"alt_text":"dalmatiner-welpen-vdS-tag20_1689","src":"https:\/\/i0.wp.com\/www.dalmatiner-sachsen-anhalt.de\/blog\/wp-content\/uploads\/2013\/02\/dalmatiner-welpen-vdS-tag20_1689.jpg?fit=1154%2C768&ssl=1&resize=350%2C200","width":350,"height":200},"classes":[]},{"id":5206,"url":"https:\/\/www.dalmatiner-sachsen-anhalt.de\/blog\/5206\/","url_meta":{"origin":5297,"position":4},"title":"Die Wurfabnahme ist geschafft","date":"16. M&auml;rz 2013","format":false,"excerpt":"Bis auf Calimeros liebenswerte Rutenplatte sind alle Welpen fehlerfrei, wir freuen uns \u00fcber diesen sch\u00f6nen Wurf aus Athene von den Sandst\u00fccken & Stocklore Wizard of the Forrest (LUA) . \u00a0","rel":"","context":"In &quot;A-Wurf&quot;","img":{"alt_text":"","src":"https:\/\/i0.wp.com\/www.dalmatiner-sachsen-anhalt.de\/blog\/wp-content\/uploads\/2013\/03\/IMG_1832-383x255.jpg?resize=350%2C200","width":350,"height":200},"classes":[]},{"id":4944,"url":"https:\/\/www.dalmatiner-sachsen-anhalt.de\/blog\/4944\/","url_meta":{"origin":5297,"position":5},"title":"Kuscheln mit Mama Athene","date":"15. Februar 2013","format":false,"excerpt":"\u00a0 \"Mama ich muss dir was erz\u00e4hlen\", scheint Carlotta zu Mama Athene zu sagen. \u00a0","rel":"","context":"In &quot;A-Wurf&quot;","img":{"alt_text":"","src":"https:\/\/i0.wp.com\/www.dalmatiner-sachsen-anhalt.de\/blog\/wp-content\/uploads\/2013\/02\/IMG_0834-383x255.jpg?resize=350%2C200","width":350,"height":200},"classes":[]}],"_links":{"self":[{"href":"https:\/\/www.dalmatiner-sachsen-anhalt.de\/blog\/wp-json\/wp\/v2\/posts\/5297"}],"collection":[{"href":"https:\/\/www.dalmatiner-sachsen-anhalt.de\/blog\/wp-json\/wp\/v2\/posts"}],"about":[{"href":"https:\/\/www.dalmatiner-sachsen-anhalt.de\/blog\/wp-json\/wp\/v2\/types\/post"}],"author":[{"embeddable":true,"href":"https:\/\/www.dalmatiner-sachsen-anhalt.de\/blog\/wp-json\/wp\/v2\/users\/1"}],"replies":[{"embeddable":true,"href":"https:\/\/www.dalmatiner-sachsen-anhalt.de\/blog\/wp-json\/wp\/v2\/comments?post=5297"}],"version-history":[{"count":4,"href":"https:\/\/www.dalmatiner-sachsen-anhalt.de\/blog\/wp-json\/wp\/v2\/posts\/5297\/revisions"}],"predecessor-version":[{"id":5310,"href":"https:\/\/www.dalmatiner-sachsen-anhalt.de\/blog\/wp-json\/wp\/v2\/posts\/5297\/revisions\/5310"}],"wp:featuredmedia":[{"embeddable":true,"href":"https:\/\/www.dalmatiner-sachsen-anhalt.de\/blog\/wp-json\/wp\/v2\/media\/5305"}],"wp:attachment":[{"href":"https:\/\/www.dalmatiner-sachsen-anhalt.de\/blog\/wp-json\/wp\/v2\/media?parent=5297"}],"wp:term":[{"taxonomy":"category","embeddable":true,"href":"https:\/\/www.dalmatiner-sachsen-anhalt.de\/blog\/wp-json\/wp\/v2\/categories?post=5297"},{"taxonomy":"post_tag","embeddable":true,"href":"https:\/\/www.dalmatiner-sachsen-anhalt.de\/blog\/wp-json\/wp\/v2\/tags?post=5297"}],"curies":[{"name":"wp","href":"https:\/\/api.w.org\/{rel}","templated":true}]}}