{"id":5330,"date":"2013-04-07T17:17:51","date_gmt":"2013-04-07T15:17:51","guid":{"rendered":"http:\/\/www.dalmatiner-sachsen-anhalt.de\/blog\/?p=5330"},"modified":"2013-04-07T21:38:43","modified_gmt":"2013-04-07T19:38:43","slug":"calimero-vds-im-neuen-zuhause","status":"publish","type":"post","link":"https:\/\/www.dalmatiner-sachsen-anhalt.de\/blog\/5330\/","title":{"rendered":"Calimero vdS im neuen Zuhause"},"content":{"rendered":"<p>&nbsp;<\/p>\n<p><strong>Das &#8220;Eis&#8221; ist gebrochen.<\/strong> Calimero f&#252;hlt sich sehr wohl und spielt mit Sch&#228;ferh&#252;ndin Ondra. Und er kann den &#8220;Purzelbaum&#8221;!, wie seine Oma Hummel vom Magdeburger Domfelsen.<br \/>\n<iframe loading=\"lazy\" src=\"https:\/\/www.facebook.com\/video\/embed?video_id=143901352457932\" frameborder=\"0\" width=\"720\" height=\"576\"><\/iframe><\/p>\n<p>Stefanie &#8211; das ist ein sehr sch&#246;nes Video. Super. Wir freuen uns sehr, soetwas Sch&#246;nes zu sehen. Wir w&#252;nschen Euch noch viel Freude noch mit den Beiden.<br \/>\n<div data-carousel-extra='{\"blog_id\":1,\"permalink\":\"https:\\\/\\\/www.dalmatiner-sachsen-anhalt.de\\\/blog\\\/5330\\\/\"}' class=\"tiled-gallery type-rectangular\" data-original-width=\"584\"><div class=\"gallery-row\" style=\"width: 579px; height: 281px;\"><div class=\"gallery-group images-1\" style=\"width: 379px; height: 285px;\"><div class=\"tiled-gallery-item tiled-gallery-item-large\"><a href=\"https:\/\/i0.wp.com\/www.dalmatiner-sachsen-anhalt.de\/blog\/wp-content\/uploads\/2013\/04\/524659_143851802462887_51516675_n.jpg?ssl=1\"><img data-attachment-id=\"5346\" data-orig-file=\"https:\/\/www.dalmatiner-sachsen-anhalt.de\/blog\/wp-content\/uploads\/2013\/04\/524659_143851802462887_51516675_n.jpg\" data-orig-size=\"960,720\" data-comments-opened=\"1\" data-image-meta=\"{&quot;aperture&quot;:&quot;0&quot;,&quot;credit&quot;:&quot;&quot;,&quot;camera&quot;:&quot;&quot;,&quot;caption&quot;:&quot;&quot;,&quot;created_timestamp&quot;:&quot;0&quot;,&quot;copyright&quot;:&quot;&quot;,&quot;focal_length&quot;:&quot;0&quot;,&quot;iso&quot;:&quot;0&quot;,&quot;shutter_speed&quot;:&quot;0&quot;,&quot;title&quot;:&quot;&quot;}\" data-image-title=\"Calimero vdS spielt mit Ondra\" data-image-description=\"\" data-medium-file=\"https:\/\/i0.wp.com\/www.dalmatiner-sachsen-anhalt.de\/blog\/wp-content\/uploads\/2013\/04\/524659_143851802462887_51516675_n.jpg?fit=300%2C225&#038;ssl=1\" data-large-file=\"https:\/\/i0.wp.com\/www.dalmatiner-sachsen-anhalt.de\/blog\/wp-content\/uploads\/2013\/04\/524659_143851802462887_51516675_n.jpg?fit=584%2C438&#038;ssl=1\" src=\"https:\/\/i0.wp.com\/www.dalmatiner-sachsen-anhalt.de\/blog\/wp-content\/uploads\/2013\/04\/524659_143851802462887_51516675_n-375x281.jpg\" width=\"375\" height=\"281\" align=\"left\" title=\"Calimero vdS spielt mit Ondra\" \/><\/a><\/div><\/div><div class=\"gallery-group images-2\" style=\"width: 200px; height: 285px;\"><div class=\"tiled-gallery-item tiled-gallery-item-small\"><a href=\"https:\/\/i0.wp.com\/www.dalmatiner-sachsen-anhalt.de\/blog\/wp-content\/uploads\/2013\/04\/892944_581748321835966_1654289038_o1.jpg?ssl=1\"><img data-attachment-id=\"5344\" data-orig-file=\"https:\/\/www.dalmatiner-sachsen-anhalt.de\/blog\/wp-content\/uploads\/2013\/04\/892944_581748321835966_1654289038_o1.jpg\" data-orig-size=\"1620,1080\" data-comments-opened=\"1\" data-image-meta=\"{&quot;aperture&quot;:&quot;0&quot;,&quot;credit&quot;:&quot;&quot;,&quot;camera&quot;:&quot;&quot;,&quot;caption&quot;:&quot;&quot;,&quot;created_timestamp&quot;:&quot;0&quot;,&quot;copyright&quot;:&quot;&quot;,&quot;focal_length&quot;:&quot;0&quot;,&quot;iso&quot;:&quot;0&quot;,&quot;shutter_speed&quot;:&quot;0&quot;,&quot;title&quot;:&quot;&quot;}\" data-image-title=\"Calimero vdS &#8211; Im Fr\u00fchling\" data-image-description=\"\" data-medium-file=\"https:\/\/i0.wp.com\/www.dalmatiner-sachsen-anhalt.de\/blog\/wp-content\/uploads\/2013\/04\/892944_581748321835966_1654289038_o1.jpg?fit=300%2C200&#038;ssl=1\" data-large-file=\"https:\/\/i0.wp.com\/www.dalmatiner-sachsen-anhalt.de\/blog\/wp-content\/uploads\/2013\/04\/892944_581748321835966_1654289038_o1.jpg?fit=584%2C389&#038;ssl=1\" src=\"https:\/\/i0.wp.com\/www.dalmatiner-sachsen-anhalt.de\/blog\/wp-content\/uploads\/2013\/04\/892944_581748321835966_1654289038_o1-196x130.jpg\" width=\"196\" height=\"130\" align=\"left\" title=\"Calimero vdS - Im Fr\u00fchling\" \/><\/a><\/div><div class=\"tiled-gallery-item tiled-gallery-item-small\"><a href=\"https:\/\/i0.wp.com\/www.dalmatiner-sachsen-anhalt.de\/blog\/wp-content\/uploads\/2013\/04\/71464_143851762462891_1601277877_n.jpg?ssl=1\"><img data-attachment-id=\"5345\" data-orig-file=\"https:\/\/www.dalmatiner-sachsen-anhalt.de\/blog\/wp-content\/uploads\/2013\/04\/71464_143851762462891_1601277877_n.jpg\" data-orig-size=\"960,720\" data-comments-opened=\"1\" data-image-meta=\"{&quot;aperture&quot;:&quot;0&quot;,&quot;credit&quot;:&quot;&quot;,&quot;camera&quot;:&quot;&quot;,&quot;caption&quot;:&quot;&quot;,&quot;created_timestamp&quot;:&quot;0&quot;,&quot;copyright&quot;:&quot;&quot;,&quot;focal_length&quot;:&quot;0&quot;,&quot;iso&quot;:&quot;0&quot;,&quot;shutter_speed&quot;:&quot;0&quot;,&quot;title&quot;:&quot;&quot;}\" data-image-title=\"Calimero vdS und Ondra\" data-image-description=\"\" data-medium-file=\"https:\/\/i0.wp.com\/www.dalmatiner-sachsen-anhalt.de\/blog\/wp-content\/uploads\/2013\/04\/71464_143851762462891_1601277877_n.jpg?fit=300%2C225&#038;ssl=1\" data-large-file=\"https:\/\/i0.wp.com\/www.dalmatiner-sachsen-anhalt.de\/blog\/wp-content\/uploads\/2013\/04\/71464_143851762462891_1601277877_n.jpg?fit=584%2C438&#038;ssl=1\" src=\"https:\/\/i0.wp.com\/www.dalmatiner-sachsen-anhalt.de\/blog\/wp-content\/uploads\/2013\/04\/71464_143851762462891_1601277877_n-196x147.jpg\" width=\"196\" height=\"147\" align=\"left\" title=\"Calimero vdS und Ondra\" \/><\/a><\/div><\/div><\/div><div class=\"gallery-row\" style=\"width: 579px; height: 189px;\"><div class=\"gallery-group images-1\" style=\"width: 193px; height: 193px;\"><div class=\"tiled-gallery-item tiled-gallery-item-small\"><a href=\"https:\/\/i0.wp.com\/www.dalmatiner-sachsen-anhalt.de\/blog\/wp-content\/uploads\/2013\/04\/calimero-11-Wochen483993_583049945039137_236341657_n.jpg?ssl=1\"><img data-attachment-id=\"5336\" data-orig-file=\"https:\/\/www.dalmatiner-sachsen-anhalt.de\/blog\/wp-content\/uploads\/2013\/04\/calimero-11-Wochen483993_583049945039137_236341657_n.jpg\" data-orig-size=\"403,403\" data-comments-opened=\"1\" data-image-meta=\"{&quot;aperture&quot;:&quot;0&quot;,&quot;credit&quot;:&quot;&quot;,&quot;camera&quot;:&quot;&quot;,&quot;caption&quot;:&quot;&quot;,&quot;created_timestamp&quot;:&quot;0&quot;,&quot;copyright&quot;:&quot;&quot;,&quot;focal_length&quot;:&quot;0&quot;,&quot;iso&quot;:&quot;0&quot;,&quot;shutter_speed&quot;:&quot;0&quot;,&quot;title&quot;:&quot;&quot;}\" data-image-title=\"Calimero vdS &#8211; 11 Wochen alt\" data-image-description=\"\" data-medium-file=\"https:\/\/i0.wp.com\/www.dalmatiner-sachsen-anhalt.de\/blog\/wp-content\/uploads\/2013\/04\/calimero-11-Wochen483993_583049945039137_236341657_n.jpg?fit=300%2C300&#038;ssl=1\" data-large-file=\"https:\/\/i0.wp.com\/www.dalmatiner-sachsen-anhalt.de\/blog\/wp-content\/uploads\/2013\/04\/calimero-11-Wochen483993_583049945039137_236341657_n.jpg?fit=403%2C403&#038;ssl=1\" src=\"https:\/\/i0.wp.com\/www.dalmatiner-sachsen-anhalt.de\/blog\/wp-content\/uploads\/2013\/04\/calimero-11-Wochen483993_583049945039137_236341657_n-189x189.jpg\" width=\"189\" height=\"189\" align=\"left\" title=\"Calimero vdS - 11 Wochen alt\" \/><\/a><\/div><\/div><div class=\"gallery-group images-1\" style=\"width: 193px; height: 193px;\"><div class=\"tiled-gallery-item tiled-gallery-item-small\"><a href=\"https:\/\/i0.wp.com\/www.dalmatiner-sachsen-anhalt.de\/blog\/wp-content\/uploads\/2013\/04\/482669_581747548502710_1890476603_n1.jpg?ssl=1\"><img data-attachment-id=\"5342\" data-orig-file=\"https:\/\/www.dalmatiner-sachsen-anhalt.de\/blog\/wp-content\/uploads\/2013\/04\/482669_581747548502710_1890476603_n1.jpg\" data-orig-size=\"403,403\" data-comments-opened=\"1\" data-image-meta=\"{&quot;aperture&quot;:&quot;0&quot;,&quot;credit&quot;:&quot;&quot;,&quot;camera&quot;:&quot;&quot;,&quot;caption&quot;:&quot;&quot;,&quot;created_timestamp&quot;:&quot;0&quot;,&quot;copyright&quot;:&quot;&quot;,&quot;focal_length&quot;:&quot;0&quot;,&quot;iso&quot;:&quot;0&quot;,&quot;shutter_speed&quot;:&quot;0&quot;,&quot;title&quot;:&quot;&quot;}\" data-image-title=\"Calimero vdS &#8211; Geschwind wie der Wind.\" data-image-description=\"\" data-medium-file=\"https:\/\/i0.wp.com\/www.dalmatiner-sachsen-anhalt.de\/blog\/wp-content\/uploads\/2013\/04\/482669_581747548502710_1890476603_n1.jpg?fit=300%2C300&#038;ssl=1\" data-large-file=\"https:\/\/i0.wp.com\/www.dalmatiner-sachsen-anhalt.de\/blog\/wp-content\/uploads\/2013\/04\/482669_581747548502710_1890476603_n1.jpg?fit=403%2C403&#038;ssl=1\" src=\"https:\/\/i0.wp.com\/www.dalmatiner-sachsen-anhalt.de\/blog\/wp-content\/uploads\/2013\/04\/482669_581747548502710_1890476603_n1-189x189.jpg\" width=\"189\" height=\"189\" align=\"left\" title=\"Calimero vdS - Geschwind wie der Wind.\" \/><\/a><\/div><\/div><div class=\"gallery-group images-1\" style=\"width: 193px; height: 193px;\"><div class=\"tiled-gallery-item tiled-gallery-item-small\"><a href=\"https:\/\/i0.wp.com\/www.dalmatiner-sachsen-anhalt.de\/blog\/wp-content\/uploads\/2013\/04\/579748_583050071705791_161186498_n.jpg?ssl=1\"><img data-attachment-id=\"5349\" data-orig-file=\"https:\/\/www.dalmatiner-sachsen-anhalt.de\/blog\/wp-content\/uploads\/2013\/04\/579748_583050071705791_161186498_n.jpg\" data-orig-size=\"403,403\" data-comments-opened=\"1\" data-image-meta=\"{&quot;aperture&quot;:&quot;0&quot;,&quot;credit&quot;:&quot;&quot;,&quot;camera&quot;:&quot;&quot;,&quot;caption&quot;:&quot;&quot;,&quot;created_timestamp&quot;:&quot;0&quot;,&quot;copyright&quot;:&quot;&quot;,&quot;focal_length&quot;:&quot;0&quot;,&quot;iso&quot;:&quot;0&quot;,&quot;shutter_speed&quot;:&quot;0&quot;,&quot;title&quot;:&quot;&quot;}\" data-image-title=\"Calimero vdS &#8211; Sehr gut bewacht!\" data-image-description=\"\" data-medium-file=\"https:\/\/i0.wp.com\/www.dalmatiner-sachsen-anhalt.de\/blog\/wp-content\/uploads\/2013\/04\/579748_583050071705791_161186498_n.jpg?fit=300%2C300&#038;ssl=1\" data-large-file=\"https:\/\/i0.wp.com\/www.dalmatiner-sachsen-anhalt.de\/blog\/wp-content\/uploads\/2013\/04\/579748_583050071705791_161186498_n.jpg?fit=403%2C403&#038;ssl=1\" src=\"https:\/\/i0.wp.com\/www.dalmatiner-sachsen-anhalt.de\/blog\/wp-content\/uploads\/2013\/04\/579748_583050071705791_161186498_n-189x189.jpg\" width=\"189\" height=\"189\" align=\"left\" title=\"Calimero vdS - Sehr gut bewacht!\" \/><\/a><\/div><\/div><\/div><div class=\"gallery-row\" style=\"width: 579px; height: 382px;\"><div class=\"gallery-group images-2\" style=\"width: 193px; height: 386px;\"><div class=\"tiled-gallery-item tiled-gallery-item-small\"><a href=\"https:\/\/i0.wp.com\/www.dalmatiner-sachsen-anhalt.de\/blog\/wp-content\/uploads\/2013\/04\/534845_583049938372471_946537639_n.jpg?ssl=1\"><img data-attachment-id=\"5347\" data-orig-file=\"https:\/\/www.dalmatiner-sachsen-anhalt.de\/blog\/wp-content\/uploads\/2013\/04\/534845_583049938372471_946537639_n.jpg\" data-orig-size=\"403,403\" data-comments-opened=\"1\" data-image-meta=\"{&quot;aperture&quot;:&quot;0&quot;,&quot;credit&quot;:&quot;&quot;,&quot;camera&quot;:&quot;&quot;,&quot;caption&quot;:&quot;&quot;,&quot;created_timestamp&quot;:&quot;0&quot;,&quot;copyright&quot;:&quot;&quot;,&quot;focal_length&quot;:&quot;0&quot;,&quot;iso&quot;:&quot;0&quot;,&quot;shutter_speed&quot;:&quot;0&quot;,&quot;title&quot;:&quot;&quot;}\" data-image-title=\"Calimero vdS &#8211; Nur fliegen ist sch\u00f6ner\" data-image-description=\"\" data-medium-file=\"https:\/\/i0.wp.com\/www.dalmatiner-sachsen-anhalt.de\/blog\/wp-content\/uploads\/2013\/04\/534845_583049938372471_946537639_n.jpg?fit=300%2C300&#038;ssl=1\" data-large-file=\"https:\/\/i0.wp.com\/www.dalmatiner-sachsen-anhalt.de\/blog\/wp-content\/uploads\/2013\/04\/534845_583049938372471_946537639_n.jpg?fit=403%2C403&#038;ssl=1\" src=\"https:\/\/i0.wp.com\/www.dalmatiner-sachsen-anhalt.de\/blog\/wp-content\/uploads\/2013\/04\/534845_583049938372471_946537639_n-189x189.jpg\" width=\"189\" height=\"189\" align=\"left\" title=\"Calimero vdS - Nur fliegen ist sch\u00f6ner\" \/><\/a><\/div><div class=\"tiled-gallery-item tiled-gallery-item-small\"><a href=\"https:\/\/i0.wp.com\/www.dalmatiner-sachsen-anhalt.de\/blog\/wp-content\/uploads\/2013\/04\/536161_583050198372445_124085961_n.jpg?ssl=1\"><img data-attachment-id=\"5348\" data-orig-file=\"https:\/\/www.dalmatiner-sachsen-anhalt.de\/blog\/wp-content\/uploads\/2013\/04\/536161_583050198372445_124085961_n.jpg\" data-orig-size=\"403,403\" data-comments-opened=\"1\" data-image-meta=\"{&quot;aperture&quot;:&quot;0&quot;,&quot;credit&quot;:&quot;&quot;,&quot;camera&quot;:&quot;&quot;,&quot;caption&quot;:&quot;&quot;,&quot;created_timestamp&quot;:&quot;0&quot;,&quot;copyright&quot;:&quot;&quot;,&quot;focal_length&quot;:&quot;0&quot;,&quot;iso&quot;:&quot;0&quot;,&quot;shutter_speed&quot;:&quot;0&quot;,&quot;title&quot;:&quot;&quot;}\" data-image-title=\"Calimero vdS &#8211; mit Bodyguard Ondra\" data-image-description=\"\" data-medium-file=\"https:\/\/i0.wp.com\/www.dalmatiner-sachsen-anhalt.de\/blog\/wp-content\/uploads\/2013\/04\/536161_583050198372445_124085961_n.jpg?fit=300%2C300&#038;ssl=1\" data-large-file=\"https:\/\/i0.wp.com\/www.dalmatiner-sachsen-anhalt.de\/blog\/wp-content\/uploads\/2013\/04\/536161_583050198372445_124085961_n.jpg?fit=403%2C403&#038;ssl=1\" src=\"https:\/\/i0.wp.com\/www.dalmatiner-sachsen-anhalt.de\/blog\/wp-content\/uploads\/2013\/04\/536161_583050198372445_124085961_n-189x189.jpg\" width=\"189\" height=\"189\" align=\"left\" title=\"Calimero vdS - mit Bodyguard Ondra\" \/><\/a><\/div><\/div><div class=\"gallery-group images-1\" style=\"width: 386px; height: 386px;\"><div class=\"tiled-gallery-item tiled-gallery-item-large\"><a href=\"https:\/\/i0.wp.com\/www.dalmatiner-sachsen-anhalt.de\/blog\/wp-content\/uploads\/2013\/04\/5446_581747471836051_1554112641_n.jpg?ssl=1\"><img data-attachment-id=\"5341\" data-orig-file=\"https:\/\/www.dalmatiner-sachsen-anhalt.de\/blog\/wp-content\/uploads\/2013\/04\/5446_581747471836051_1554112641_n.jpg\" data-orig-size=\"403,403\" data-comments-opened=\"1\" data-image-meta=\"{&quot;aperture&quot;:&quot;0&quot;,&quot;credit&quot;:&quot;&quot;,&quot;camera&quot;:&quot;&quot;,&quot;caption&quot;:&quot;&quot;,&quot;created_timestamp&quot;:&quot;0&quot;,&quot;copyright&quot;:&quot;&quot;,&quot;focal_length&quot;:&quot;0&quot;,&quot;iso&quot;:&quot;0&quot;,&quot;shutter_speed&quot;:&quot;0&quot;,&quot;title&quot;:&quot;&quot;}\" data-image-title=\"Calimero vdS\" data-image-description=\"\" data-medium-file=\"https:\/\/i0.wp.com\/www.dalmatiner-sachsen-anhalt.de\/blog\/wp-content\/uploads\/2013\/04\/5446_581747471836051_1554112641_n.jpg?fit=300%2C300&#038;ssl=1\" data-large-file=\"https:\/\/i0.wp.com\/www.dalmatiner-sachsen-anhalt.de\/blog\/wp-content\/uploads\/2013\/04\/5446_581747471836051_1554112641_n.jpg?fit=403%2C403&#038;ssl=1\" src=\"https:\/\/i0.wp.com\/www.dalmatiner-sachsen-anhalt.de\/blog\/wp-content\/uploads\/2013\/04\/5446_581747471836051_1554112641_n-382x382.jpg\" width=\"382\" height=\"382\" align=\"left\" title=\"Calimero vdS\" \/><\/a><\/div><\/div><\/div><div class=\"gallery-row\" style=\"width: 579px; height: 575px;\"><div class=\"gallery-group images-1\" style=\"width: 579px; height: 579px;\"><div class=\"tiled-gallery-item tiled-gallery-item-large\"><a href=\"https:\/\/i0.wp.com\/www.dalmatiner-sachsen-anhalt.de\/blog\/wp-content\/uploads\/2013\/04\/149081_581748265169305_54909076_n1.jpg?ssl=1\"><img data-attachment-id=\"5343\" data-orig-file=\"https:\/\/www.dalmatiner-sachsen-anhalt.de\/blog\/wp-content\/uploads\/2013\/04\/149081_581748265169305_54909076_n1.jpg\" data-orig-size=\"403,403\" data-comments-opened=\"1\" data-image-meta=\"{&quot;aperture&quot;:&quot;0&quot;,&quot;credit&quot;:&quot;&quot;,&quot;camera&quot;:&quot;&quot;,&quot;caption&quot;:&quot;&quot;,&quot;created_timestamp&quot;:&quot;0&quot;,&quot;copyright&quot;:&quot;&quot;,&quot;focal_length&quot;:&quot;0&quot;,&quot;iso&quot;:&quot;0&quot;,&quot;shutter_speed&quot;:&quot;0&quot;,&quot;title&quot;:&quot;&quot;}\" data-image-title=\"Calimero vdS &#8211; Ich schaff das schon.\" data-image-description=\"\" data-medium-file=\"https:\/\/i0.wp.com\/www.dalmatiner-sachsen-anhalt.de\/blog\/wp-content\/uploads\/2013\/04\/149081_581748265169305_54909076_n1.jpg?fit=300%2C300&#038;ssl=1\" data-large-file=\"https:\/\/i0.wp.com\/www.dalmatiner-sachsen-anhalt.de\/blog\/wp-content\/uploads\/2013\/04\/149081_581748265169305_54909076_n1.jpg?fit=403%2C403&#038;ssl=1\" src=\"https:\/\/i0.wp.com\/www.dalmatiner-sachsen-anhalt.de\/blog\/wp-content\/uploads\/2013\/04\/149081_581748265169305_54909076_n1.jpg?fit=403%2C403&#038;ssl=1\" width=\"575\" height=\"575\" align=\"left\" title=\"Calimero vdS - Ich schaff das schon.\" \/><\/a><\/div><\/div><\/div><\/div><\/p>\n","protected":false},"excerpt":{"rendered":"<p>&nbsp; Das &#8220;Eis&#8221; ist gebrochen. Calimero f&#252;hlt sich sehr wohl und spielt mit Sch&#228;ferh&#252;ndin Ondra. Und er kann den &#8220;Purzelbaum&#8221;!, wie seine Oma Hummel vom Magdeburger Domfelsen. Stefanie &#8211; das ist ein sehr sch&#246;nes Video. Super. Wir freuen uns sehr, &hellip; <a href=\"https:\/\/www.dalmatiner-sachsen-anhalt.de\/blog\/5330\/\">Continue reading <span class=\"meta-nav\">&rarr;<\/span><\/a><\/p>\n","protected":false},"author":1,"featured_media":5344,"comment_status":"open","ping_status":"open","sticky":false,"template":"","format":"standard","meta":{"jetpack_post_was_ever_published":false,"jetpack_publicize_message":"","jetpack_is_tweetstorm":false,"jetpack_publicize_feature_enabled":true,"jetpack_social_post_already_shared":true,"jetpack_social_options":[]},"categories":[856,1001,371],"tags":[1080,35,305,1082,1081,400],"jetpack_publicize_connections":[],"jetpack_featured_media_url":"https:\/\/i0.wp.com\/www.dalmatiner-sachsen-anhalt.de\/blog\/wp-content\/uploads\/2013\/04\/892944_581748321835966_1654289038_o1.jpg?fit=1620%2C1080&ssl=1","jetpack_shortlink":"https:\/\/wp.me\/px1eF-1nY","jetpack_sharing_enabled":true,"jetpack_likes_enabled":true,"jetpack-related-posts":[{"id":6038,"url":"https:\/\/www.dalmatiner-sachsen-anhalt.de\/blog\/6038\/","url_meta":{"origin":5330,"position":0},"title":"Neue Bilder von den C-chens vdS","date":"4. April 2014","format":false,"excerpt":"Hier ein paar neue Fotos von den Sandst\u00fccken: Calimero, Caruso und Comtess - da sind sie 14 Monate alt, in ihrem neuen Zuhause. Wir wollen gerne Stehbilder, von der Seite betrachtet. Vielleicht klappt das ja einmal. A & A","rel":"","context":"In &quot;C-Wurf&quot;","img":{"alt_text":"calimero-vds-mit-ondra","src":"https:\/\/i0.wp.com\/www.dalmatiner-sachsen-anhalt.de\/blog\/wp-content\/uploads\/2014\/04\/calimero-vds-mit-ondra.jpg?fit=1200%2C900&ssl=1&resize=350%2C200","width":350,"height":200},"classes":[]},{"id":5932,"url":"https:\/\/www.dalmatiner-sachsen-anhalt.de\/blog\/5932\/","url_meta":{"origin":5330,"position":1},"title":"Dalmatiner &#8220;Pinselchen&#8221;","date":"9. Januar 2014","format":false,"excerpt":"Der 11 Monate alte Calimero vdS (Pinselchen) steht sch\u00f6n im Wald.","rel":"","context":"In &quot;C-Wurf&quot;","img":{"alt_text":"Calimero-vdS-11Monate-2013 Pinselchen","src":"https:\/\/i0.wp.com\/www.dalmatiner-sachsen-anhalt.de\/blog\/wp-content\/uploads\/2014\/01\/Calimero-vdS-11Monate-2013-1024x678.jpg?resize=350%2C200","width":350,"height":200},"classes":[]},{"id":5680,"url":"https:\/\/www.dalmatiner-sachsen-anhalt.de\/blog\/5680\/","url_meta":{"origin":5330,"position":2},"title":"Calimero vdS","date":"31. Juli 2013","format":false,"excerpt":"\u00a0 Wir waren Calimero - Pinselchen - von den Sandst\u00fccken im neuen Zuhause besuchen, mit Mama Athene und Bruder Charming Merlin. Gro\u00dfe Wiedersehensfreude, herzliche Begr\u00fc\u00dfung, Toben ohne Ende und ein sch\u00f6ner Spaziergang in herrlicher Landschaft. Wir bedanken uns bei Stefanie f\u00fcr den sch\u00f6nen Nachmittag und die herzliche Gastfreundlichkeit. Wir kommen\u2026","rel":"","context":"In &quot;Athene&quot;","img":{"alt_text":"","src":"https:\/\/i0.wp.com\/www.dalmatiner-sachsen-anhalt.de\/blog\/wp-content\/uploads\/2013\/07\/IMG_5345.jpg?fit=1154%2C768&ssl=1&resize=350%2C200","width":350,"height":200},"classes":[]},{"id":6310,"url":"https:\/\/www.dalmatiner-sachsen-anhalt.de\/blog\/6310\/","url_meta":{"origin":5330,"position":3},"title":"Geburtstag C-Wurf vdS","date":"22. Januar 2016","format":false,"excerpt":"\u00a0 Herzlichen Gl\u00fcckwunsch an den C-Wurf \"von den Sandst\u00fccken\". Carlotta, Comtess, Caruso, Calimero, Collin und Charming Merlin werden heute 3 Jahre alt. M\u00f6get Ihr noch lange gesund und munter umherspringen. Wir freuen uns auf ein Wiedersehen mit Euch und Euren lieben Menschen. La\u00dft Euch knuddeln und heute ganz besonders doll\u2026","rel":"","context":"In &quot;C-Wurf&quot;","img":{"alt_text":"dalmatiner-welpen-vdS-tag20_1689","src":"https:\/\/i0.wp.com\/www.dalmatiner-sachsen-anhalt.de\/blog\/wp-content\/uploads\/2013\/02\/dalmatiner-welpen-vdS-tag20_1689.jpg?fit=1154%2C768&ssl=1&resize=350%2C200","width":350,"height":200},"classes":[]},{"id":5396,"url":"https:\/\/www.dalmatiner-sachsen-anhalt.de\/blog\/5396\/","url_meta":{"origin":5330,"position":4},"title":"Calimero vdS &#8211; 12 Wochen alt","date":"12. April 2013","format":false,"excerpt":"","rel":"","context":"In &quot;C-Wurf&quot;","img":{"alt_text":"","src":"https:\/\/i0.wp.com\/www.dalmatiner-sachsen-anhalt.de\/blog\/wp-content\/uploads\/2013\/04\/Calimero-vdS-12-Wochen_o-1024x682.jpg?resize=350%2C200","width":350,"height":200},"classes":[]},{"id":5921,"url":"https:\/\/www.dalmatiner-sachsen-anhalt.de\/blog\/5921\/","url_meta":{"origin":5330,"position":5},"title":"Calimero vdS singt:","date":"31. Dezember 2013","format":false,"excerpt":"","rel":"","context":"In &quot;C-Wurf&quot;","img":{"alt_text":"2013_s-weihnachten_calimero_vds","src":"https:\/\/i0.wp.com\/www.dalmatiner-sachsen-anhalt.de\/blog\/wp-content\/uploads\/2013\/12\/2013_s-weihnachten_calimero_vds.jpg?resize=350%2C200","width":350,"height":200},"classes":[]}],"_links":{"self":[{"href":"https:\/\/www.dalmatiner-sachsen-anhalt.de\/blog\/wp-json\/wp\/v2\/posts\/5330"}],"collection":[{"href":"https:\/\/www.dalmatiner-sachsen-anhalt.de\/blog\/wp-json\/wp\/v2\/posts"}],"about":[{"href":"https:\/\/www.dalmatiner-sachsen-anhalt.de\/blog\/wp-json\/wp\/v2\/types\/post"}],"author":[{"embeddable":true,"href":"https:\/\/www.dalmatiner-sachsen-anhalt.de\/blog\/wp-json\/wp\/v2\/users\/1"}],"replies":[{"embeddable":true,"href":"https:\/\/www.dalmatiner-sachsen-anhalt.de\/blog\/wp-json\/wp\/v2\/comments?post=5330"}],"version-history":[{"count":4,"href":"https:\/\/www.dalmatiner-sachsen-anhalt.de\/blog\/wp-json\/wp\/v2\/posts\/5330\/revisions"}],"predecessor-version":[{"id":5333,"href":"https:\/\/www.dalmatiner-sachsen-anhalt.de\/blog\/wp-json\/wp\/v2\/posts\/5330\/revisions\/5333"}],"wp:featuredmedia":[{"embeddable":true,"href":"https:\/\/www.dalmatiner-sachsen-anhalt.de\/blog\/wp-json\/wp\/v2\/media\/5344"}],"wp:attachment":[{"href":"https:\/\/www.dalmatiner-sachsen-anhalt.de\/blog\/wp-json\/wp\/v2\/media?parent=5330"}],"wp:term":[{"taxonomy":"category","embeddable":true,"href":"https:\/\/www.dalmatiner-sachsen-anhalt.de\/blog\/wp-json\/wp\/v2\/categories?post=5330"},{"taxonomy":"post_tag","embeddable":true,"href":"https:\/\/www.dalmatiner-sachsen-anhalt.de\/blog\/wp-json\/wp\/v2\/tags?post=5330"}],"curies":[{"name":"wp","href":"https:\/\/api.w.org\/{rel}","templated":true}]}}