{"id":534,"date":"2009-06-10T22:24:32","date_gmt":"2009-06-10T20:24:32","guid":{"rendered":"http:\/\/www.dalmatiner-sachsen-anhalt.de\/blog\/?p=534"},"modified":"2009-06-11T06:26:17","modified_gmt":"2009-06-11T04:26:17","slug":"aaron","status":"publish","type":"post","link":"https:\/\/www.dalmatiner-sachsen-anhalt.de\/blog\/534\/","title":{"rendered":"Aaron"},"content":{"rendered":"<h3 style=\"text-align: center;\">Hallo, ich bin <span style=\"color: #0000ff;\">Aaron <\/span>und wiege heute 450g.<\/h3>\n<p style=\"text-align: center;\"><a href=\"https:\/\/i0.wp.com\/www.dalmatiner-sachsen-anhalt.de\/blog\/wp-content\/uploads\/2009\/06\/dalmatiner-welpe-aaron.jpg?ssl=1\" target=\"_blank\"><img data-attachment-id=\"535\" data-permalink=\"https:\/\/www.dalmatiner-sachsen-anhalt.de\/blog\/534\/dalmatiner-welpe-aaron\/\" data-orig-file=\"https:\/\/i0.wp.com\/www.dalmatiner-sachsen-anhalt.de\/blog\/wp-content\/uploads\/2009\/06\/dalmatiner-welpe-aaron.jpg?fit=719%2C480&amp;ssl=1\" data-orig-size=\"719,480\" data-comments-opened=\"1\" data-image-meta=\"{&quot;aperture&quot;:&quot;0&quot;,&quot;credit&quot;:&quot;&quot;,&quot;camera&quot;:&quot;&quot;,&quot;caption&quot;:&quot;&quot;,&quot;created_timestamp&quot;:&quot;0&quot;,&quot;copyright&quot;:&quot;&quot;,&quot;focal_length&quot;:&quot;0&quot;,&quot;iso&quot;:&quot;0&quot;,&quot;shutter_speed&quot;:&quot;0&quot;,&quot;title&quot;:&quot;&quot;}\" data-image-title=\"dalmatiner-welpe-aaron\" data-image-description=\"\" data-image-caption=\"\" data-medium-file=\"https:\/\/i0.wp.com\/www.dalmatiner-sachsen-anhalt.de\/blog\/wp-content\/uploads\/2009\/06\/dalmatiner-welpe-aaron.jpg?fit=300%2C200&amp;ssl=1\" data-large-file=\"https:\/\/i0.wp.com\/www.dalmatiner-sachsen-anhalt.de\/blog\/wp-content\/uploads\/2009\/06\/dalmatiner-welpe-aaron.jpg?fit=584%2C390&amp;ssl=1\" decoding=\"async\" loading=\"lazy\" class=\"alignnone size-full wp-image-535\" title=\"dalmatiner-welpe-aaron\" src=\"https:\/\/i0.wp.com\/www.dalmatiner-sachsen-anhalt.de\/blog\/wp-content\/uploads\/2009\/06\/dalmatiner-welpe-aaron.jpg?resize=501%2C334&#038;ssl=1\" alt=\"dalmatiner-welpe-aaron\" width=\"501\" height=\"334\" srcset=\"https:\/\/i0.wp.com\/www.dalmatiner-sachsen-anhalt.de\/blog\/wp-content\/uploads\/2009\/06\/dalmatiner-welpe-aaron.jpg?w=719&amp;ssl=1 719w, https:\/\/i0.wp.com\/www.dalmatiner-sachsen-anhalt.de\/blog\/wp-content\/uploads\/2009\/06\/dalmatiner-welpe-aaron.jpg?resize=300%2C200&amp;ssl=1 300w\" sizes=\"(max-width: 501px) 100vw, 501px\" data-recalc-dims=\"1\" \/><\/a><\/p>\n","protected":false},"excerpt":{"rendered":"<p>Hallo, ich bin Aaron und wiege heute 450g.<\/p>\n","protected":false},"author":1,"featured_media":0,"comment_status":"open","ping_status":"open","sticky":false,"template":"","format":"standard","meta":{"jetpack_post_was_ever_published":false,"jetpack_publicize_message":"","jetpack_is_tweetstorm":false,"jetpack_publicize_feature_enabled":true,"jetpack_social_post_already_shared":false,"jetpack_social_options":[]},"categories":[13,106,113],"tags":[],"jetpack_publicize_connections":[],"jetpack_featured_media_url":"","jetpack_shortlink":"https:\/\/wp.me\/sx1eF-aaron","jetpack_sharing_enabled":true,"jetpack_likes_enabled":true,"jetpack-related-posts":[{"id":572,"url":"https:\/\/www.dalmatiner-sachsen-anhalt.de\/blog\/572\/","url_meta":{"origin":534,"position":0},"title":"Aaron","date":"14. Juni 2009","format":false,"excerpt":"Ich bin Aaron, wurde als 4.Welpe geboren und wiege heute 685 g.","rel":"","context":"In &quot;A-Wurf&quot;","img":{"alt_text":"dalmatiner-welpe-aaron","src":"https:\/\/i0.wp.com\/www.dalmatiner-sachsen-anhalt.de\/blog\/wp-content\/uploads\/2009\/06\/dalmatiner-welpe-aaron-300x200.jpg?resize=350%2C200","width":350,"height":200},"classes":[]},{"id":958,"url":"https:\/\/www.dalmatiner-sachsen-anhalt.de\/blog\/958\/","url_meta":{"origin":534,"position":1},"title":"AARON gr&#252;sst FREIBURG&#8230;","date":"22. Juli 2009","format":false,"excerpt":"und sagt: Hallo, ich habe geh\u00f6rt, in Freiburg wird ein Dalmi-R\u00fcde gesucht, einer mit nicht so vielen Punkten. Meine Rudelf\u00fchrung hat gesagt, das w\u00e4re wohl das Richtige f\u00fcr mich. Also ich habe nicht so viele Punkte, aber trotzdem noch genug f\u00fcr Euch. Und ich bin ein lieber, sch\u00f6ner und brauner\u2026","rel":"","context":"In &quot;A-Wurf&quot;","img":{"alt_text":"aaron-tag38_1016","src":"https:\/\/i0.wp.com\/www.dalmatiner-sachsen-anhalt.de\/blog\/wp-content\/uploads\/2009\/07\/aaron-tag38_1016.JPG?resize=350%2C200","width":350,"height":200},"classes":[]},{"id":6437,"url":"https:\/\/www.dalmatiner-sachsen-anhalt.de\/blog\/6437\/","url_meta":{"origin":534,"position":2},"title":"D- Wurf Tag 13 \u2013 Gruesse aus der Wurfkiste","date":"28. Mai 2016","format":false,"excerpt":"\u00a0 Hallo Welt, Ich bin\u00a0Davinci \u00a0von den Sandst\u00fccken und der einzige R\u00fcde\u00a0aus dem D- Wurf. Heute bin ich 13 Tage alt und wiege 1800g. Ich bin damit der \"schwere Junge\"\u00a0in der Wurfkiste \u00a0:-)","rel":"","context":"In &quot;D-Wurf&quot;","img":{"alt_text":"dalmatiner-welpen-tag-13-IMG_0812","src":"https:\/\/i0.wp.com\/www.dalmatiner-sachsen-anhalt.de\/blog\/wp-content\/uploads\/2016\/05\/IMG_0812-1024x683.jpg?resize=350%2C200","width":350,"height":200},"classes":[]},{"id":6427,"url":"https:\/\/www.dalmatiner-sachsen-anhalt.de\/blog\/6427\/","url_meta":{"origin":534,"position":3},"title":"D- Wurf Tag 13 \u2013 Gruesse aus der Wurfkiste","date":"28. Mai 2016","format":false,"excerpt":"\u00a0 Hallo Welt, Ich bin Dukati von den Sandst\u00fccken und die zweite H\u00fcndin aus dem D- Wurf. Heute bin ich 13 Tage alt und wiege 1260g. Ich bin damit das Leichtgewicht in der Wurfkiste. Daf\u00fcr \u00f6ffnen sich bei mir aber gerade die Augen - Erster :-)","rel":"","context":"In &quot;D-Wurf&quot;","img":{"alt_text":"dalmatiner-welpen-tag-13-IMG_0761-2","src":"https:\/\/i0.wp.com\/www.dalmatiner-sachsen-anhalt.de\/blog\/wp-content\/uploads\/2016\/05\/IMG_0761-2.jpg?fit=1152%2C768&ssl=1&resize=350%2C200","width":350,"height":200},"classes":[]},{"id":6392,"url":"https:\/\/www.dalmatiner-sachsen-anhalt.de\/blog\/6392\/","url_meta":{"origin":534,"position":4},"title":"D- Wurf Tag 7 &#8211; Gruesse aus der Wurfkiste","date":"22. Mai 2016","format":false,"excerpt":"\u00a0 Hallo ich bin Dinah von den Sandst\u00fccken. Ich bin die Erst-Geborene und heute 7 Tage alt. Ich wiege 829 g. Heute war es sehr aufregend. Mir wurden heute\u00a0die Krallen geschnitten, obwohl ich protestiert habe. Alles gl\u00fccklich \u00fcberstanden. Mal sehen, was die Welt, auf der ich lebe, noch alles f\u00fcr\u2026","rel":"","context":"In &quot;D-Wurf&quot;","img":{"alt_text":"D-Wurf-Tag6-0002","src":"https:\/\/i0.wp.com\/www.dalmatiner-sachsen-anhalt.de\/blog\/wp-content\/uploads\/2016\/05\/D-Wurf-Tag60002.jpg?fit=1200%2C676&ssl=1&resize=350%2C200","width":350,"height":200},"classes":[]},{"id":2354,"url":"https:\/\/www.dalmatiner-sachsen-anhalt.de\/blog\/2354\/","url_meta":{"origin":534,"position":5},"title":"1. Geburtstag","date":"8. Juni 2010","format":false,"excerpt":"Unser A- Wurf wird heute genau ein Jahr alt. HERZLICHE GL\u00dcCKW\u00dcNSCHE gehen an Ares, Amigo, Aslan, Aaron, Attila, Athene, Antonia und Amelie! Bleibt sch\u00f6n gesund und lasst Euch heute von Euren 2- Beinern ganz besonders gut verw\u00f6hnen.","rel":"","context":"In &quot;A-Wurf&quot;","img":{"alt_text":"","src":"https:\/\/i0.wp.com\/www.dalmatiner-sachsen-anhalt.de\/blog\/wp-content\/uploads\/2010\/06\/welpen-tag42_1392-1024x683.jpg?resize=350%2C200","width":350,"height":200},"classes":[]}],"_links":{"self":[{"href":"https:\/\/www.dalmatiner-sachsen-anhalt.de\/blog\/wp-json\/wp\/v2\/posts\/534"}],"collection":[{"href":"https:\/\/www.dalmatiner-sachsen-anhalt.de\/blog\/wp-json\/wp\/v2\/posts"}],"about":[{"href":"https:\/\/www.dalmatiner-sachsen-anhalt.de\/blog\/wp-json\/wp\/v2\/types\/post"}],"author":[{"embeddable":true,"href":"https:\/\/www.dalmatiner-sachsen-anhalt.de\/blog\/wp-json\/wp\/v2\/users\/1"}],"replies":[{"embeddable":true,"href":"https:\/\/www.dalmatiner-sachsen-anhalt.de\/blog\/wp-json\/wp\/v2\/comments?post=534"}],"version-history":[{"count":3,"href":"https:\/\/www.dalmatiner-sachsen-anhalt.de\/blog\/wp-json\/wp\/v2\/posts\/534\/revisions"}],"predecessor-version":[{"id":537,"href":"https:\/\/www.dalmatiner-sachsen-anhalt.de\/blog\/wp-json\/wp\/v2\/posts\/534\/revisions\/537"}],"wp:attachment":[{"href":"https:\/\/www.dalmatiner-sachsen-anhalt.de\/blog\/wp-json\/wp\/v2\/media?parent=534"}],"wp:term":[{"taxonomy":"category","embeddable":true,"href":"https:\/\/www.dalmatiner-sachsen-anhalt.de\/blog\/wp-json\/wp\/v2\/categories?post=534"},{"taxonomy":"post_tag","embeddable":true,"href":"https:\/\/www.dalmatiner-sachsen-anhalt.de\/blog\/wp-json\/wp\/v2\/tags?post=534"}],"curies":[{"name":"wp","href":"https:\/\/api.w.org\/{rel}","templated":true}]}}