{"id":538,"date":"2009-06-11T06:25:11","date_gmt":"2009-06-11T04:25:11","guid":{"rendered":"http:\/\/www.dalmatiner-sachsen-anhalt.de\/blog\/?p=538"},"modified":"2009-06-11T07:30:15","modified_gmt":"2009-06-11T05:30:15","slug":"tag-3","status":"publish","type":"post","link":"https:\/\/www.dalmatiner-sachsen-anhalt.de\/blog\/538\/","title":{"rendered":"Tag 3"},"content":{"rendered":"<p style=\"text-align: center;\"><a href=\"https:\/\/i0.wp.com\/www.dalmatiner-sachsen-anhalt.de\/blog\/wp-content\/uploads\/2009\/06\/dalmatiner-welpen-2.jpg?ssl=1\" target=\"_blank\"><img data-attachment-id=\"540\" data-permalink=\"https:\/\/www.dalmatiner-sachsen-anhalt.de\/blog\/538\/dalmatiner-welpen-2\/\" data-orig-file=\"https:\/\/i0.wp.com\/www.dalmatiner-sachsen-anhalt.de\/blog\/wp-content\/uploads\/2009\/06\/dalmatiner-welpen-2.jpg?fit=719%2C480&amp;ssl=1\" data-orig-size=\"719,480\" data-comments-opened=\"1\" data-image-meta=\"{&quot;aperture&quot;:&quot;0&quot;,&quot;credit&quot;:&quot;&quot;,&quot;camera&quot;:&quot;&quot;,&quot;caption&quot;:&quot;&quot;,&quot;created_timestamp&quot;:&quot;0&quot;,&quot;copyright&quot;:&quot;&quot;,&quot;focal_length&quot;:&quot;0&quot;,&quot;iso&quot;:&quot;0&quot;,&quot;shutter_speed&quot;:&quot;0&quot;,&quot;title&quot;:&quot;&quot;}\" data-image-title=\"dalmatiner-welpen-2\" data-image-description=\"\" data-image-caption=\"\" data-medium-file=\"https:\/\/i0.wp.com\/www.dalmatiner-sachsen-anhalt.de\/blog\/wp-content\/uploads\/2009\/06\/dalmatiner-welpen-2.jpg?fit=300%2C200&amp;ssl=1\" data-large-file=\"https:\/\/i0.wp.com\/www.dalmatiner-sachsen-anhalt.de\/blog\/wp-content\/uploads\/2009\/06\/dalmatiner-welpen-2.jpg?fit=584%2C390&amp;ssl=1\" decoding=\"async\" loading=\"lazy\" class=\"size-full wp-image-540 aligncenter\" title=\"dalmatiner-welpen-2\" src=\"https:\/\/i0.wp.com\/www.dalmatiner-sachsen-anhalt.de\/blog\/wp-content\/uploads\/2009\/06\/dalmatiner-welpen-2.jpg?resize=502%2C335&#038;ssl=1\" alt=\"dalmatiner-welpen-2\" width=\"502\" height=\"335\" srcset=\"https:\/\/i0.wp.com\/www.dalmatiner-sachsen-anhalt.de\/blog\/wp-content\/uploads\/2009\/06\/dalmatiner-welpen-2.jpg?w=719&amp;ssl=1 719w, https:\/\/i0.wp.com\/www.dalmatiner-sachsen-anhalt.de\/blog\/wp-content\/uploads\/2009\/06\/dalmatiner-welpen-2.jpg?resize=300%2C200&amp;ssl=1 300w\" sizes=\"(max-width: 502px) 100vw, 502px\" data-recalc-dims=\"1\" \/><\/a><\/p>\n<h3>Die Welpen werden nun 3 Tage alt. Sie sind sehr agil und saufen viel Milch. <span style=\"color: #0000ff;\">AARON <\/span>ist heute Nacht aus der Wurfkiste gekrabbelt, wahrscheinlich &#252;ber Hummel hinweg &#8211; ein Bergsteiger. Aber es ist nichts weiter passiert, da um die WK herum alles abgepolstert ist. Wir haben sofort die vordere Wand der WK erh&#246;ht. Und <span style=\"color: #ff0000;\">AMELIE <\/span>hatte ihren ersten, wirklich heftigen Schluckauf.<\/h3>\n","protected":false},"excerpt":{"rendered":"<p>Die Welpen werden nun 3 Tage alt. Sie sind sehr agil und saufen viel Milch. AARON ist heute Nacht aus der Wurfkiste gekrabbelt, wahrscheinlich &#252;ber Hummel hinweg &#8211; ein Bergsteiger. Aber es ist nichts weiter passiert, da um die WK &hellip; <a href=\"https:\/\/www.dalmatiner-sachsen-anhalt.de\/blog\/538\/\">Continue reading <span class=\"meta-nav\">&rarr;<\/span><\/a><\/p>\n","protected":false},"author":1,"featured_media":0,"comment_status":"open","ping_status":"open","sticky":false,"template":"","format":"standard","meta":{"jetpack_post_was_ever_published":false,"jetpack_publicize_message":"","jetpack_is_tweetstorm":false,"jetpack_publicize_feature_enabled":true,"jetpack_social_post_already_shared":false,"jetpack_social_options":[]},"categories":[13,106,110,113],"tags":[118,1286,116,1290,1293,35,117,115,7,114],"jetpack_publicize_connections":[],"jetpack_featured_media_url":"","jetpack_shortlink":"https:\/\/wp.me\/px1eF-8G","jetpack_sharing_enabled":true,"jetpack_likes_enabled":true,"jetpack-related-posts":[{"id":8012,"url":"https:\/\/www.dalmatiner-sachsen-anhalt.de\/blog\/8012\/","url_meta":{"origin":538,"position":0},"title":"Gr&#252;&#223;e aus der WK","date":"18. Februar 2023","format":false,"excerpt":"Guten Morgen aus der Wurfkiste. Wir hatten schon Fr\u00fchst\u00fcck bei Mama Hermine. Das war so anstrengend, dass wir uns jetzt erstmal ordentlich ausruhen m\u00fcssen \ud83d\ude09","rel":"","context":"In &quot;G-Wurf&quot;","img":{"alt_text":"","src":"https:\/\/i0.wp.com\/www.dalmatiner-sachsen-anhalt.de\/blog\/wp-content\/uploads\/2023\/02\/IMG_20230218_101633-scaled.jpg?resize=350%2C200&ssl=1","width":350,"height":200},"classes":[]},{"id":7991,"url":"https:\/\/www.dalmatiner-sachsen-anhalt.de\/blog\/7991\/","url_meta":{"origin":538,"position":1},"title":"Wachsam","date":"17. Februar 2023","format":false,"excerpt":"Mama Hermine hat st\u00e4ndig im Blick, wer sich der WK n\u00e4hert. Braves M\u00e4dchen\ud83d\udc4d","rel":"","context":"In &quot;G-Wurf&quot;","img":{"alt_text":"","src":"https:\/\/i0.wp.com\/www.dalmatiner-sachsen-anhalt.de\/blog\/wp-content\/uploads\/2023\/02\/IMG-20230214-WA0002-2.jpg?fit=1200%2C900&ssl=1&resize=350%2C200","width":350,"height":200},"classes":[]},{"id":2354,"url":"https:\/\/www.dalmatiner-sachsen-anhalt.de\/blog\/2354\/","url_meta":{"origin":538,"position":2},"title":"1. Geburtstag","date":"8. Juni 2010","format":false,"excerpt":"Unser A- Wurf wird heute genau ein Jahr alt. HERZLICHE GL\u00dcCKW\u00dcNSCHE gehen an Ares, Amigo, Aslan, Aaron, Attila, Athene, Antonia und Amelie! Bleibt sch\u00f6n gesund und lasst Euch heute von Euren 2- Beinern ganz besonders gut verw\u00f6hnen.","rel":"","context":"In &quot;A-Wurf&quot;","img":{"alt_text":"","src":"https:\/\/i0.wp.com\/www.dalmatiner-sachsen-anhalt.de\/blog\/wp-content\/uploads\/2010\/06\/welpen-tag42_1392-1024x683.jpg?resize=350%2C200","width":350,"height":200},"classes":[]},{"id":697,"url":"https:\/\/www.dalmatiner-sachsen-anhalt.de\/blog\/697\/","url_meta":{"origin":538,"position":3},"title":"Premiere am 17. Tag","date":"26. Juni 2009","format":false,"excerpt":"Gestern war gemeinsames Abendessen. Nur mal so probiert. Der Welpen-Fress-Ring wurde eingeweiht und getestet. Das war vielleicht eine Schlabberei!","rel":"","context":"In &quot;A-Wurf&quot;","img":{"alt_text":"welpen-tag17fressring_0000","src":"https:\/\/i0.wp.com\/www.dalmatiner-sachsen-anhalt.de\/blog\/wp-content\/uploads\/2009\/06\/welpen-tag17fressring_0000.JPG?resize=350%2C200","width":350,"height":200},"classes":[]},{"id":8057,"url":"https:\/\/www.dalmatiner-sachsen-anhalt.de\/blog\/8057\/","url_meta":{"origin":538,"position":4},"title":"Schau dir &#8220;Tag 15 &#8211; Hunger&#8221; auf YouTube an","date":"27. Februar 2023","format":false,"excerpt":"https:\/\/youtu.be\/8M5Z71s8MUo Die Welpen sind jetzt 15 Tage alt. Die Augen sind ge\u00f6ffnet und sie beginnen, durch die Wurfkiste zu laufen. wir haben die Klappe der Wurfkiste nun ge\u00f6ffnet und alle verlassen die WK, um PiPi zu machen. Manchmal ist der Weg nach drau\u00dfen aber wohl doch noch zu weit. Aber\u2026","rel":"","context":"In &quot;G-Wurf&quot;","img":{"alt_text":"","src":"","width":0,"height":0},"classes":[]},{"id":7980,"url":"https:\/\/www.dalmatiner-sachsen-anhalt.de\/blog\/7980\/","url_meta":{"origin":538,"position":5},"title":"Fr&#252;hsport in der WK\ud83d\ude00","date":"16. Februar 2023","format":false,"excerpt":"Guten Morgen Welt. Wir waren wach, haben Fr\u00fchsport gemacht und jetzt m\u00fcssen wir uns erstmal wieder ausruhen. Fr\u00e4ulein Gelb hat den 1. Platz bei den Sitt Up's erreicht, denn sie hat am l\u00e4ngsten durchgehalten. Gratulation \ud83d\udc4d","rel":"","context":"In &quot;G-Wurf&quot;","img":{"alt_text":"","src":"https:\/\/i0.wp.com\/www.dalmatiner-sachsen-anhalt.de\/blog\/wp-content\/uploads\/2023\/02\/IMG_20230216_072921.jpg?resize=350%2C200&ssl=1","width":350,"height":200},"classes":[]}],"_links":{"self":[{"href":"https:\/\/www.dalmatiner-sachsen-anhalt.de\/blog\/wp-json\/wp\/v2\/posts\/538"}],"collection":[{"href":"https:\/\/www.dalmatiner-sachsen-anhalt.de\/blog\/wp-json\/wp\/v2\/posts"}],"about":[{"href":"https:\/\/www.dalmatiner-sachsen-anhalt.de\/blog\/wp-json\/wp\/v2\/types\/post"}],"author":[{"embeddable":true,"href":"https:\/\/www.dalmatiner-sachsen-anhalt.de\/blog\/wp-json\/wp\/v2\/users\/1"}],"replies":[{"embeddable":true,"href":"https:\/\/www.dalmatiner-sachsen-anhalt.de\/blog\/wp-json\/wp\/v2\/comments?post=538"}],"version-history":[{"count":6,"href":"https:\/\/www.dalmatiner-sachsen-anhalt.de\/blog\/wp-json\/wp\/v2\/posts\/538\/revisions"}],"predecessor-version":[{"id":546,"href":"https:\/\/www.dalmatiner-sachsen-anhalt.de\/blog\/wp-json\/wp\/v2\/posts\/538\/revisions\/546"}],"wp:attachment":[{"href":"https:\/\/www.dalmatiner-sachsen-anhalt.de\/blog\/wp-json\/wp\/v2\/media?parent=538"}],"wp:term":[{"taxonomy":"category","embeddable":true,"href":"https:\/\/www.dalmatiner-sachsen-anhalt.de\/blog\/wp-json\/wp\/v2\/categories?post=538"},{"taxonomy":"post_tag","embeddable":true,"href":"https:\/\/www.dalmatiner-sachsen-anhalt.de\/blog\/wp-json\/wp\/v2\/tags?post=538"}],"curies":[{"name":"wp","href":"https:\/\/api.w.org\/{rel}","templated":true}]}}