{"id":549,"date":"2009-07-01T20:10:42","date_gmt":"2009-07-01T18:10:42","guid":{"rendered":"http:\/\/www.dalmatiner-sachsen-anhalt.de\/blog\/?p=549"},"modified":"2009-07-01T20:20:34","modified_gmt":"2009-07-01T18:20:34","slug":"3-wochen-alt-sind-die-a-chens-nun-schon","status":"publish","type":"post","link":"https:\/\/www.dalmatiner-sachsen-anhalt.de\/blog\/549\/","title":{"rendered":"3 Wochen alt sind die A-chens nun schon"},"content":{"rendered":"<h3>Wir schreiben den <strong><span style=\"color: #993300;\">23. Tag<\/span><\/strong> und die Welpen sind richtige <strong><span style=\"color: #993300;\">&#8220;Mini-Dalmi-Racker&#8221;<\/span><\/strong> geworden, die ausgezeichnet <strong>wachsen <\/strong>und <strong>gedeihen<\/strong>. Sie haben ein Gewicht zwischen <span style=\"color: #993300;\">1900 g<\/span> und <span style=\"color: #993300;\"><br \/>\n2300 g<\/span>. Damit sind sie ca. <span style=\"color: #993300;\">4-5 x so schwer<\/span> wie bei der Geburt. Auch sind Sie nun <strong>schon so gro&#223;<\/strong>, dass es in der Wurfkiste immer enger wird. Also werden sie bald in ihr <strong><span style=\"color: #993300;\">Welpenhaus <\/span><\/strong>umziehen.<\/h3>\n<h3><span style=\"color: #993300;\"><strong>Die A-chens<\/strong><\/span> sind richtige kleine Hunde, die g&#228;hnen, knurren und bellen (sie versuchen es jedenfalls, klingt ulkig), die sich kratzen (putzen), raufen, dr&#228;ngeln, bei&#223;en (in alles), lecken&#8230;<\/h3>\n<h3>Ihre Z&#228;hne sind auch schon da. St&#228;ndig haben die Welpen Hunger. Am liebsten m&#246;gen sie <span style=\"color: #ff0000;\">rohes Fleisch<\/span> fressen.<\/h3>\n<h3><div data-carousel-extra='{\"blog_id\":1,\"permalink\":\"https:\\\/\\\/www.dalmatiner-sachsen-anhalt.de\\\/blog\\\/549\\\/\"}' class=\"tiled-gallery type-rectangular\" data-original-width=\"584\"><div class=\"gallery-row\" style=\"width: 579px; height: 255px;\"><div class=\"gallery-group images-1\" style=\"width: 387px; height: 259px;\"><div class=\"tiled-gallery-item tiled-gallery-item-large\"><a href=\"https:\/\/i0.wp.com\/www.dalmatiner-sachsen-anhalt.de\/blog\/wp-content\/uploads\/2009\/07\/welpen-tag22_0045.JPG?ssl=1\"><img data-attachment-id=\"729\" data-orig-file=\"https:\/\/www.dalmatiner-sachsen-anhalt.de\/blog\/wp-content\/uploads\/2009\/07\/welpen-tag22_0045.JPG\" data-orig-size=\"719,480\" data-comments-opened=\"1\" data-image-meta=\"{&quot;aperture&quot;:&quot;0&quot;,&quot;credit&quot;:&quot;&quot;,&quot;camera&quot;:&quot;&quot;,&quot;caption&quot;:&quot;&quot;,&quot;created_timestamp&quot;:&quot;0&quot;,&quot;copyright&quot;:&quot;&quot;,&quot;focal_length&quot;:&quot;0&quot;,&quot;iso&quot;:&quot;0&quot;,&quot;shutter_speed&quot;:&quot;0&quot;,&quot;title&quot;:&quot;&quot;}\" data-image-title=\"welpen-tag22_0045\" data-image-description=\"\" data-medium-file=\"https:\/\/i0.wp.com\/www.dalmatiner-sachsen-anhalt.de\/blog\/wp-content\/uploads\/2009\/07\/welpen-tag22_0045.JPG?fit=300%2C200&#038;ssl=1\" data-large-file=\"https:\/\/i0.wp.com\/www.dalmatiner-sachsen-anhalt.de\/blog\/wp-content\/uploads\/2009\/07\/welpen-tag22_0045.JPG?fit=584%2C390&#038;ssl=1\" src=\"https:\/\/i0.wp.com\/www.dalmatiner-sachsen-anhalt.de\/blog\/wp-content\/uploads\/2009\/07\/welpen-tag22_0045-383x255.jpg\" width=\"383\" height=\"255\" align=\"left\" title=\"welpen-tag22_0045\" \/><\/a><div class=\"tiled-gallery-caption\">Spielen<\/div><\/div><\/div><div class=\"gallery-group images-2\" style=\"width: 192px; height: 259px;\"><div class=\"tiled-gallery-item tiled-gallery-item-small\"><a href=\"https:\/\/i0.wp.com\/www.dalmatiner-sachsen-anhalt.de\/blog\/wp-content\/uploads\/2009\/07\/welpen-tag22_0041-milch.JPG?ssl=1\"><img data-attachment-id=\"730\" data-orig-file=\"https:\/\/www.dalmatiner-sachsen-anhalt.de\/blog\/wp-content\/uploads\/2009\/07\/welpen-tag22_0041-milch.JPG\" data-orig-size=\"719,480\" data-comments-opened=\"1\" data-image-meta=\"{&quot;aperture&quot;:&quot;0&quot;,&quot;credit&quot;:&quot;&quot;,&quot;camera&quot;:&quot;&quot;,&quot;caption&quot;:&quot;&quot;,&quot;created_timestamp&quot;:&quot;0&quot;,&quot;copyright&quot;:&quot;&quot;,&quot;focal_length&quot;:&quot;0&quot;,&quot;iso&quot;:&quot;0&quot;,&quot;shutter_speed&quot;:&quot;0&quot;,&quot;title&quot;:&quot;&quot;}\" data-image-title=\"welpen-tag22_0041-milch\" data-image-description=\"\" data-medium-file=\"https:\/\/i0.wp.com\/www.dalmatiner-sachsen-anhalt.de\/blog\/wp-content\/uploads\/2009\/07\/welpen-tag22_0041-milch.JPG?fit=300%2C200&#038;ssl=1\" data-large-file=\"https:\/\/i0.wp.com\/www.dalmatiner-sachsen-anhalt.de\/blog\/wp-content\/uploads\/2009\/07\/welpen-tag22_0041-milch.JPG?fit=584%2C390&#038;ssl=1\" src=\"https:\/\/i0.wp.com\/www.dalmatiner-sachsen-anhalt.de\/blog\/wp-content\/uploads\/2009\/07\/welpen-tag22_0041-milch-188x126.jpg\" width=\"188\" height=\"126\" align=\"left\" title=\"welpen-tag22_0041-milch\" \/><\/a><div class=\"tiled-gallery-caption\">Hunger!<\/div><\/div><div class=\"tiled-gallery-item tiled-gallery-item-small\"><a href=\"https:\/\/i0.wp.com\/www.dalmatiner-sachsen-anhalt.de\/blog\/wp-content\/uploads\/2009\/07\/welpen-tag22_0042-erkundung.JPG?ssl=1\"><img data-attachment-id=\"731\" data-orig-file=\"https:\/\/www.dalmatiner-sachsen-anhalt.de\/blog\/wp-content\/uploads\/2009\/07\/welpen-tag22_0042-erkundung.JPG\" data-orig-size=\"719,480\" data-comments-opened=\"1\" data-image-meta=\"{&quot;aperture&quot;:&quot;0&quot;,&quot;credit&quot;:&quot;&quot;,&quot;camera&quot;:&quot;&quot;,&quot;caption&quot;:&quot;&quot;,&quot;created_timestamp&quot;:&quot;0&quot;,&quot;copyright&quot;:&quot;&quot;,&quot;focal_length&quot;:&quot;0&quot;,&quot;iso&quot;:&quot;0&quot;,&quot;shutter_speed&quot;:&quot;0&quot;,&quot;title&quot;:&quot;&quot;}\" data-image-title=\"welpen-tag22_0042-erkundung\" data-image-description=\"\" data-medium-file=\"https:\/\/i0.wp.com\/www.dalmatiner-sachsen-anhalt.de\/blog\/wp-content\/uploads\/2009\/07\/welpen-tag22_0042-erkundung.JPG?fit=300%2C200&#038;ssl=1\" data-large-file=\"https:\/\/i0.wp.com\/www.dalmatiner-sachsen-anhalt.de\/blog\/wp-content\/uploads\/2009\/07\/welpen-tag22_0042-erkundung.JPG?fit=584%2C390&#038;ssl=1\" src=\"https:\/\/i0.wp.com\/www.dalmatiner-sachsen-anhalt.de\/blog\/wp-content\/uploads\/2009\/07\/welpen-tag22_0042-erkundung-188x125.jpg\" width=\"188\" height=\"125\" align=\"left\" title=\"welpen-tag22_0042-erkundung\" \/><\/a><div class=\"tiled-gallery-caption\">Erkunden &#038; Schn\u00fcffeln<\/div><\/div><\/div><\/div><\/div><\/h3>\n<h3 style=\"text-align: center;\"><span style=\"color: #0000ff;\">Die ersten Interessenten\/K&#228;ufer haben sich bei uns gemeldet.<\/span><\/h3>\n","protected":false},"excerpt":{"rendered":"<p>Wir schreiben den 23. Tag und die Welpen sind richtige &#8220;Mini-Dalmi-Racker&#8221; geworden, die ausgezeichnet wachsen und gedeihen. Sie haben ein Gewicht zwischen 1900 g und 2300 g. Damit sind sie ca. 4-5 x so schwer wie bei der Geburt. Auch &hellip; <a href=\"https:\/\/www.dalmatiner-sachsen-anhalt.de\/blog\/549\/\">Continue reading <span class=\"meta-nav\">&rarr;<\/span><\/a><\/p>\n","protected":false},"author":1,"featured_media":0,"comment_status":"open","ping_status":"open","sticky":false,"template":"","format":"standard","meta":{"jetpack_post_was_ever_published":false,"jetpack_publicize_message":"","jetpack_is_tweetstorm":false,"jetpack_publicize_feature_enabled":true,"jetpack_social_post_already_shared":false,"jetpack_social_options":[]},"categories":[13,1,113,3],"tags":[1284,200,208,205,35,203,207,92,157,49,211,143,213,204,209,199,206,202,210,158,212,198,11,156,7,201,165,194],"jetpack_publicize_connections":[],"jetpack_featured_media_url":"","jetpack_shortlink":"https:\/\/wp.me\/px1eF-8R","jetpack_sharing_enabled":true,"jetpack_likes_enabled":true,"jetpack-related-posts":[{"id":684,"url":"https:\/\/www.dalmatiner-sachsen-anhalt.de\/blog\/684\/","url_meta":{"origin":549,"position":0},"title":"2 Wochen alt sind die A-chens nun schon","date":"24. Juni 2009","format":false,"excerpt":"Wir schreiben den Tag 16 und die Welpen sind richtige propere Kerle geworden, die ausgezeichnet wachsen und gedeihen. Sie haben ein Gewicht zwischen 1300 g und 1500 g. Damit sind sie ca. 3 x so schwer wie bei der Geburt. Auch sind Sie nun locker doppelt so gro\u00df. Die A-chens\u2026","rel":"","context":"In &quot;A-Wurf&quot;","img":{"alt_text":"amigo-tag14_0128","src":"https:\/\/i0.wp.com\/www.dalmatiner-sachsen-anhalt.de\/blog\/wp-content\/uploads\/2009\/06\/amigo-tag14_0128.JPG?resize=350%2C200","width":350,"height":200},"classes":[]},{"id":363,"url":"https:\/\/www.dalmatiner-sachsen-anhalt.de\/blog\/363\/","url_meta":{"origin":549,"position":1},"title":"Hallo Welt &#8211; wir kommen&#8230;","date":"8. Juni 2009","format":false,"excerpt":"Die Welpen kommen","rel":"","context":"In &quot;A-Wurf&quot;","img":{"alt_text":"","src":"","width":0,"height":0},"classes":[]},{"id":6373,"url":"https:\/\/www.dalmatiner-sachsen-anhalt.de\/blog\/6373\/","url_meta":{"origin":549,"position":2},"title":"D- Wurf Tag 1","date":"16. Mai 2016","format":false,"excerpt":"Alles ok in der Wurfkiste. Zwar muss sich Hunde-Mama Athene von der anstrengenden Geburt noch erholen, aber um ihren Nachwuchs k\u00fcmmert sie sich r\u00fchrend. Die Welpen sind sehr agil, wenn sie gerade nicht schlafen, und sie nehmen ordentlich an Gewicht zu. Und hier noch ein paar Bilder vom 1. Tag\u2026","rel":"","context":"In &quot;D-Wurf&quot;","img":{"alt_text":"","src":"https:\/\/i0.wp.com\/www.dalmatiner-sachsen-anhalt.de\/blog\/wp-content\/uploads\/2016\/05\/tag1-DSC02399.jpg?fit=1200%2C676&ssl=1&resize=350%2C200","width":350,"height":200},"classes":[]},{"id":2781,"url":"https:\/\/www.dalmatiner-sachsen-anhalt.de\/blog\/2781\/","url_meta":{"origin":549,"position":3},"title":"Hallo Welt, wir sind da","date":"17. Dezember 2010","format":false,"excerpt":"Wir - das sind die H\u00fcndinnen Bianca, Ballerina, Baroness und die R\u00fcden Bennet, Bandit, und Bastian von den Sandst\u00fccken. Wir hatten heute einen aufregenden 1. Tag auf dieser Erde. Deshalb sagen wir nur kurz \"Hallo!\" Jetzt gehen wir an die Milchbar zu Mama Hummel vom Magdeburger Domfelsen - die wirklich\u2026","rel":"","context":"In &quot;B-Wurf&quot;","img":{"alt_text":"Hallo Welt - wir sind da","src":"https:\/\/i0.wp.com\/www.dalmatiner-sachsen-anhalt.de\/blog\/wp-content\/uploads\/2010\/12\/dalmatiner-welpen-tag-1_6930-1024x681.jpg?resize=350%2C200","width":350,"height":200},"classes":[]},{"id":3316,"url":"https:\/\/www.dalmatiner-sachsen-anhalt.de\/blog\/3316\/","url_meta":{"origin":549,"position":4},"title":"S&#252;&#223;es Trio","date":"15. Februar 2011","format":false,"excerpt":"Unsere s\u00fc\u00dfen allerliebsten drei Dalmi-welpen\u00a0 Bandit, Bennet und Ballerina wachsen und gedeihen, toben, spielen, fressen, schlafen, werden ausgef\u00fchrt und besuchen mehrmals t\u00e4glich Mama Hummel und Halbschwester Athene, sowie Pinschidame Paloma.","rel":"","context":"In &quot;B-Wurf&quot;","img":{"alt_text":"","src":"https:\/\/i0.wp.com\/www.dalmatiner-sachsen-anhalt.de\/blog\/wp-content\/uploads\/2011\/02\/Welpen-Tag-61_9457-383x255.jpg?resize=350%2C200","width":350,"height":200},"classes":[]},{"id":853,"url":"https:\/\/www.dalmatiner-sachsen-anhalt.de\/blog\/853\/","url_meta":{"origin":549,"position":5},"title":"Tag 33","date":"11. Juli 2009","format":false,"excerpt":"Obwohl es heute wetterm\u00e4\u00dfig sehr durchwachsen war, haben die Fleckenzwerge den ganzen Tag im Freien verbracht. Sie haben gespielt, gerauft, und wieder neue Dinge erschn\u00fcffelt.","rel":"","context":"In &quot;A-Wurf&quot;","img":{"alt_text":"welpen-tag33_0727","src":"https:\/\/i0.wp.com\/www.dalmatiner-sachsen-anhalt.de\/blog\/wp-content\/uploads\/2009\/07\/welpen-tag33_0727.JPG?resize=350%2C200","width":350,"height":200},"classes":[]}],"_links":{"self":[{"href":"https:\/\/www.dalmatiner-sachsen-anhalt.de\/blog\/wp-json\/wp\/v2\/posts\/549"}],"collection":[{"href":"https:\/\/www.dalmatiner-sachsen-anhalt.de\/blog\/wp-json\/wp\/v2\/posts"}],"about":[{"href":"https:\/\/www.dalmatiner-sachsen-anhalt.de\/blog\/wp-json\/wp\/v2\/types\/post"}],"author":[{"embeddable":true,"href":"https:\/\/www.dalmatiner-sachsen-anhalt.de\/blog\/wp-json\/wp\/v2\/users\/1"}],"replies":[{"embeddable":true,"href":"https:\/\/www.dalmatiner-sachsen-anhalt.de\/blog\/wp-json\/wp\/v2\/comments?post=549"}],"version-history":[{"count":10,"href":"https:\/\/www.dalmatiner-sachsen-anhalt.de\/blog\/wp-json\/wp\/v2\/posts\/549\/revisions"}],"predecessor-version":[{"id":733,"href":"https:\/\/www.dalmatiner-sachsen-anhalt.de\/blog\/wp-json\/wp\/v2\/posts\/549\/revisions\/733"}],"wp:attachment":[{"href":"https:\/\/www.dalmatiner-sachsen-anhalt.de\/blog\/wp-json\/wp\/v2\/media?parent=549"}],"wp:term":[{"taxonomy":"category","embeddable":true,"href":"https:\/\/www.dalmatiner-sachsen-anhalt.de\/blog\/wp-json\/wp\/v2\/categories?post=549"},{"taxonomy":"post_tag","embeddable":true,"href":"https:\/\/www.dalmatiner-sachsen-anhalt.de\/blog\/wp-json\/wp\/v2\/tags?post=549"}],"curies":[{"name":"wp","href":"https:\/\/api.w.org\/{rel}","templated":true}]}}