{"id":5653,"date":"2013-07-29T16:59:39","date_gmt":"2013-07-29T14:59:39","guid":{"rendered":"http:\/\/www.dalmatiner-sachsen-anhalt.de\/blog\/?p=5653"},"modified":"2013-07-29T17:11:23","modified_gmt":"2013-07-29T15:11:23","slug":"5653","status":"publish","type":"post","link":"https:\/\/www.dalmatiner-sachsen-anhalt.de\/blog\/5653\/","title":{"rendered":"Die &#8220;Sandst&#252;ckchen&#8221; in Barleben 2013"},"content":{"rendered":"<p>&nbsp;<\/p>\n<p>Ein wundersch&#246;nes Wochenende geht zu Ende, Viel lieber Welpenbesuch und eine erfolgreiche Ausstellung in Ebendorf, die trotz Saharahitze von Mensch und Tier gut gemeistert wurde. V3 Athene von 17 H&#252;ndinnen in der offenen Klasse, SG\u00a0<a href=\"https:\/\/www.facebook.com\/antonia.sandstuckchen?directed_target_id=0\" data-hovercard=\"\/ajax\/hovercard\/user.php?id=100003768724957&amp;extragetparams=%7B%22directed_target_id%22%3A0%7D\">Antonia Sandst&#252;ckchen<\/a>\u00a0in der offenen Klasse, VV2 Charming Merlin in der J&#252;ngsten Klasse , V4 Collin in der J&#252;ngsten Klasse und 2. Pl. In der Zuchtgruppe mit Athene, Antonia und unseren beiden LUA Welpen.<div data-carousel-extra='{\"blog_id\":1,\"permalink\":\"https:\\\/\\\/www.dalmatiner-sachsen-anhalt.de\\\/blog\\\/5653\\\/\"}' class=\"tiled-gallery type-rectangular\" data-original-width=\"584\"><div class=\"gallery-row\" style=\"width: 579px; height: 255px;\"><div class=\"gallery-group images-1\" style=\"width: 387px; height: 259px;\"><div class=\"tiled-gallery-item tiled-gallery-item-large\"><a href=\"https:\/\/www.dalmatiner-sachsen-anhalt.de\/blog\/5653\/img_5179\/\"><img data-attachment-id=\"5659\" data-orig-file=\"https:\/\/www.dalmatiner-sachsen-anhalt.de\/blog\/wp-content\/uploads\/2013\/07\/IMG_5179.jpg\" data-orig-size=\"902,600\" data-comments-opened=\"1\" data-image-meta=\"{&quot;aperture&quot;:&quot;6.3&quot;,&quot;credit&quot;:&quot;&quot;,&quot;camera&quot;:&quot;Canon EOS 1000D&quot;,&quot;caption&quot;:&quot;&quot;,&quot;created_timestamp&quot;:&quot;1375006710&quot;,&quot;copyright&quot;:&quot;&quot;,&quot;focal_length&quot;:&quot;184&quot;,&quot;iso&quot;:&quot;400&quot;,&quot;shutter_speed&quot;:&quot;0.000625&quot;,&quot;title&quot;:&quot;&quot;}\" data-image-title=\"IMG_5179\" data-image-description=\"\" data-medium-file=\"https:\/\/i0.wp.com\/www.dalmatiner-sachsen-anhalt.de\/blog\/wp-content\/uploads\/2013\/07\/IMG_5179.jpg?fit=300%2C199&#038;ssl=1\" data-large-file=\"https:\/\/i0.wp.com\/www.dalmatiner-sachsen-anhalt.de\/blog\/wp-content\/uploads\/2013\/07\/IMG_5179.jpg?fit=584%2C388&#038;ssl=1\" src=\"https:\/\/i0.wp.com\/www.dalmatiner-sachsen-anhalt.de\/blog\/wp-content\/uploads\/2013\/07\/IMG_5179-383x255.jpg\" width=\"383\" height=\"255\" align=\"left\" title=\"IMG_5179\" \/><\/a><div class=\"tiled-gallery-caption\">Charming Merlin vdS &#8211; vv2 &#8211; J\u00fcngstenklasse<\/div><\/div><\/div><div class=\"gallery-group images-2\" style=\"width: 192px; height: 259px;\"><div class=\"tiled-gallery-item tiled-gallery-item-small\"><a href=\"https:\/\/www.dalmatiner-sachsen-anhalt.de\/blog\/5653\/img_5162\/\"><img data-attachment-id=\"5658\" data-orig-file=\"https:\/\/www.dalmatiner-sachsen-anhalt.de\/blog\/wp-content\/uploads\/2013\/07\/IMG_5162.jpg\" data-orig-size=\"902,600\" data-comments-opened=\"1\" data-image-meta=\"{&quot;aperture&quot;:&quot;6.3&quot;,&quot;credit&quot;:&quot;&quot;,&quot;camera&quot;:&quot;Canon EOS 1000D&quot;,&quot;caption&quot;:&quot;&quot;,&quot;created_timestamp&quot;:&quot;1375006545&quot;,&quot;copyright&quot;:&quot;&quot;,&quot;focal_length&quot;:&quot;119&quot;,&quot;iso&quot;:&quot;400&quot;,&quot;shutter_speed&quot;:&quot;0.0008&quot;,&quot;title&quot;:&quot;&quot;}\" data-image-title=\"IMG_5162\" data-image-description=\"\" data-medium-file=\"https:\/\/i0.wp.com\/www.dalmatiner-sachsen-anhalt.de\/blog\/wp-content\/uploads\/2013\/07\/IMG_5162.jpg?fit=300%2C199&#038;ssl=1\" data-large-file=\"https:\/\/i0.wp.com\/www.dalmatiner-sachsen-anhalt.de\/blog\/wp-content\/uploads\/2013\/07\/IMG_5162.jpg?fit=584%2C388&#038;ssl=1\" src=\"https:\/\/i0.wp.com\/www.dalmatiner-sachsen-anhalt.de\/blog\/wp-content\/uploads\/2013\/07\/IMG_5162-188x125.jpg\" width=\"188\" height=\"125\" align=\"left\" title=\"IMG_5162\" \/><\/a><div class=\"tiled-gallery-caption\">Collin vdS &#8211; verpr 4 &#8211; J\u00fcngstenklasse<\/div><\/div><div class=\"tiled-gallery-item tiled-gallery-item-small\"><a href=\"https:\/\/www.dalmatiner-sachsen-anhalt.de\/blog\/5653\/img_5306\/\"><img data-attachment-id=\"5655\" data-orig-file=\"https:\/\/www.dalmatiner-sachsen-anhalt.de\/blog\/wp-content\/uploads\/2013\/07\/IMG_5306.jpg\" data-orig-size=\"1154,768\" data-comments-opened=\"1\" data-image-meta=\"{&quot;aperture&quot;:&quot;7.1&quot;,&quot;credit&quot;:&quot;&quot;,&quot;camera&quot;:&quot;Canon EOS 1000D&quot;,&quot;caption&quot;:&quot;&quot;,&quot;created_timestamp&quot;:&quot;1375028657&quot;,&quot;copyright&quot;:&quot;&quot;,&quot;focal_length&quot;:&quot;130&quot;,&quot;iso&quot;:&quot;400&quot;,&quot;shutter_speed&quot;:&quot;0.0008&quot;,&quot;title&quot;:&quot;&quot;}\" data-image-title=\"IMG_5306\" data-image-description=\"\" data-medium-file=\"https:\/\/i0.wp.com\/www.dalmatiner-sachsen-anhalt.de\/blog\/wp-content\/uploads\/2013\/07\/IMG_5306.jpg?fit=300%2C199&#038;ssl=1\" data-large-file=\"https:\/\/i0.wp.com\/www.dalmatiner-sachsen-anhalt.de\/blog\/wp-content\/uploads\/2013\/07\/IMG_5306.jpg?fit=584%2C388&#038;ssl=1\" src=\"https:\/\/i0.wp.com\/www.dalmatiner-sachsen-anhalt.de\/blog\/wp-content\/uploads\/2013\/07\/IMG_5306-188x126.jpg\" width=\"188\" height=\"126\" align=\"left\" title=\"IMG_5306\" \/><\/a><div class=\"tiled-gallery-caption\">Athene vdS V3 &#8211; OKl<\/div><\/div><\/div><\/div><div class=\"gallery-row\" style=\"width: 579px; height: 126px;\"><div class=\"gallery-group images-1\" style=\"width: 193px; height: 130px;\"><div class=\"tiled-gallery-item tiled-gallery-item-small\"><a href=\"https:\/\/www.dalmatiner-sachsen-anhalt.de\/blog\/5653\/img_5261\/\"><img data-attachment-id=\"5657\" data-orig-file=\"https:\/\/www.dalmatiner-sachsen-anhalt.de\/blog\/wp-content\/uploads\/2013\/07\/IMG_5261.jpg\" data-orig-size=\"1154,768\" data-comments-opened=\"1\" data-image-meta=\"{&quot;aperture&quot;:&quot;5.6&quot;,&quot;credit&quot;:&quot;&quot;,&quot;camera&quot;:&quot;Canon EOS 1000D&quot;,&quot;caption&quot;:&quot;&quot;,&quot;created_timestamp&quot;:&quot;1375024812&quot;,&quot;copyright&quot;:&quot;&quot;,&quot;focal_length&quot;:&quot;168&quot;,&quot;iso&quot;:&quot;400&quot;,&quot;shutter_speed&quot;:&quot;0.002&quot;,&quot;title&quot;:&quot;&quot;}\" data-image-title=\"IMG_5261\" data-image-description=\"\" data-medium-file=\"https:\/\/i0.wp.com\/www.dalmatiner-sachsen-anhalt.de\/blog\/wp-content\/uploads\/2013\/07\/IMG_5261.jpg?fit=300%2C199&#038;ssl=1\" data-large-file=\"https:\/\/i0.wp.com\/www.dalmatiner-sachsen-anhalt.de\/blog\/wp-content\/uploads\/2013\/07\/IMG_5261.jpg?fit=584%2C388&#038;ssl=1\" src=\"https:\/\/i0.wp.com\/www.dalmatiner-sachsen-anhalt.de\/blog\/wp-content\/uploads\/2013\/07\/IMG_5261-189x126.jpg\" width=\"189\" height=\"126\" align=\"left\" title=\"IMG_5261\" \/><\/a><div class=\"tiled-gallery-caption\">Antonia vdS &#8211; SG &#8211; OKl<\/div><\/div><\/div><div class=\"gallery-group images-1\" style=\"width: 193px; height: 130px;\"><div class=\"tiled-gallery-item tiled-gallery-item-small\"><a href=\"https:\/\/www.dalmatiner-sachsen-anhalt.de\/blog\/5653\/img_5310\/\"><img data-attachment-id=\"5656\" data-orig-file=\"https:\/\/www.dalmatiner-sachsen-anhalt.de\/blog\/wp-content\/uploads\/2013\/07\/IMG_5310.jpg\" data-orig-size=\"1154,768\" data-comments-opened=\"1\" data-image-meta=\"{&quot;aperture&quot;:&quot;6.3&quot;,&quot;credit&quot;:&quot;&quot;,&quot;camera&quot;:&quot;Canon EOS 1000D&quot;,&quot;caption&quot;:&quot;&quot;,&quot;created_timestamp&quot;:&quot;1375031330&quot;,&quot;copyright&quot;:&quot;&quot;,&quot;focal_length&quot;:&quot;32&quot;,&quot;iso&quot;:&quot;400&quot;,&quot;shutter_speed&quot;:&quot;0.002&quot;,&quot;title&quot;:&quot;&quot;}\" data-image-title=\"IMG_5310\" data-image-description=\"\" data-medium-file=\"https:\/\/i0.wp.com\/www.dalmatiner-sachsen-anhalt.de\/blog\/wp-content\/uploads\/2013\/07\/IMG_5310.jpg?fit=300%2C199&#038;ssl=1\" data-large-file=\"https:\/\/i0.wp.com\/www.dalmatiner-sachsen-anhalt.de\/blog\/wp-content\/uploads\/2013\/07\/IMG_5310.jpg?fit=584%2C388&#038;ssl=1\" src=\"https:\/\/i0.wp.com\/www.dalmatiner-sachsen-anhalt.de\/blog\/wp-content\/uploads\/2013\/07\/IMG_5310-189x126.jpg\" width=\"189\" height=\"126\" align=\"left\" title=\"IMG_5310\" \/><\/a><div class=\"tiled-gallery-caption\">Zuchtgruppe &#8220;Von den Sandst\u00fccken&#8221; &#8211; 2. Platz<\/div><\/div><\/div><div class=\"gallery-group images-1\" style=\"width: 193px; height: 130px;\"><div class=\"tiled-gallery-item tiled-gallery-item-small\"><a href=\"https:\/\/www.dalmatiner-sachsen-anhalt.de\/blog\/5653\/img_5223\/\"><img data-attachment-id=\"5654\" data-orig-file=\"https:\/\/www.dalmatiner-sachsen-anhalt.de\/blog\/wp-content\/uploads\/2013\/07\/IMG_5223.jpg\" data-orig-size=\"1154,768\" data-comments-opened=\"1\" data-image-meta=\"{&quot;aperture&quot;:&quot;7.1&quot;,&quot;credit&quot;:&quot;&quot;,&quot;camera&quot;:&quot;Canon EOS 1000D&quot;,&quot;caption&quot;:&quot;&quot;,&quot;created_timestamp&quot;:&quot;1375015477&quot;,&quot;copyright&quot;:&quot;&quot;,&quot;focal_length&quot;:&quot;100&quot;,&quot;iso&quot;:&quot;400&quot;,&quot;shutter_speed&quot;:&quot;0.001&quot;,&quot;title&quot;:&quot;&quot;}\" data-image-title=\"IMG_5223\" data-image-description=\"\" data-medium-file=\"https:\/\/i0.wp.com\/www.dalmatiner-sachsen-anhalt.de\/blog\/wp-content\/uploads\/2013\/07\/IMG_5223.jpg?fit=300%2C199&#038;ssl=1\" data-large-file=\"https:\/\/i0.wp.com\/www.dalmatiner-sachsen-anhalt.de\/blog\/wp-content\/uploads\/2013\/07\/IMG_5223.jpg?fit=584%2C388&#038;ssl=1\" src=\"https:\/\/i0.wp.com\/www.dalmatiner-sachsen-anhalt.de\/blog\/wp-content\/uploads\/2013\/07\/IMG_5223-189x126.jpg\" width=\"189\" height=\"126\" align=\"left\" title=\"IMG_5223\" \/><\/a><div class=\"tiled-gallery-caption\">Kind mit Hund &#8211; Felix mit Hummel vom Magdeburger Domfelsen<\/div><\/div><\/div><\/div><\/div><\/p>\n","protected":false},"excerpt":{"rendered":"<p>&nbsp; Ein wundersch&#246;nes Wochenende geht zu Ende, Viel lieber Welpenbesuch und eine erfolgreiche Ausstellung in Ebendorf, die trotz Saharahitze von Mensch und Tier gut gemeistert wurde. V3 Athene von 17 H&#252;ndinnen in der offenen Klasse, SG\u00a0Antonia Sandst&#252;ckchen\u00a0in der offenen Klasse, &hellip; <a href=\"https:\/\/www.dalmatiner-sachsen-anhalt.de\/blog\/5653\/\">Continue reading <span class=\"meta-nav\">&rarr;<\/span><\/a><\/p>\n","protected":false},"author":1,"featured_media":5656,"comment_status":"open","ping_status":"open","sticky":false,"template":"","format":"gallery","meta":{"jetpack_post_was_ever_published":false,"jetpack_publicize_message":"","jetpack_is_tweetstorm":false,"jetpack_publicize_feature_enabled":true,"jetpack_social_post_already_shared":true,"jetpack_social_options":[]},"categories":[111,112,630,999,998,16],"tags":[1291,1292,1111,1079,1113,35,1112,631,949,446,1114],"jetpack_publicize_connections":[],"jetpack_featured_media_url":"https:\/\/i0.wp.com\/www.dalmatiner-sachsen-anhalt.de\/blog\/wp-content\/uploads\/2013\/07\/IMG_5310.jpg?fit=1154%2C768&ssl=1","jetpack_shortlink":"https:\/\/wp.me\/sx1eF-5653","jetpack_sharing_enabled":true,"jetpack_likes_enabled":true,"jetpack-related-posts":[{"id":6125,"url":"https:\/\/www.dalmatiner-sachsen-anhalt.de\/blog\/6125\/","url_meta":{"origin":5653,"position":0},"title":"Barleben 2014","date":"29. Juni 2014","format":false,"excerpt":"Eine sch\u00f6ne Ausstellung des DVD in Barleben. Wir haben uns \u00fcber lieben Besuch gefreut. Michaela, Denise und Janine - sch\u00f6n da\u00df Ihr hier ward mit Euren \"Sandst\u00fccken\".","rel":"","context":"In &quot;A-Wurf&quot;","img":{"alt_text":"","src":"https:\/\/i0.wp.com\/www.dalmatiner-sachsen-anhalt.de\/blog\/wp-content\/uploads\/2014\/06\/IMG_1378.jpg?fit=1154%2C768&ssl=1&resize=350%2C200","width":350,"height":200},"classes":[]},{"id":6172,"url":"https:\/\/www.dalmatiner-sachsen-anhalt.de\/blog\/6172\/","url_meta":{"origin":5653,"position":1},"title":"Ausstellung Barleben 7.6.2015","date":"27. Juni 2015","format":false,"excerpt":"Vereinssiegerausstellung Barleben 2015 Athene von den Sandst\u00fccken (6 Jahre \u2013 OKl) \u2013 vorz\u00fcglich (V1) Antonia\u00a0von den Sandst\u00fccken (6 Jahre \u2013 OKl) \u2013 sehr gut\u00a0(sg) Collin aka Spike\u00a0von den Sandst\u00fccken (2 Jahre 5 Monate \u2013 OKl) \u2013 gut\u00a0(g)","rel":"","context":"In &quot;Antonia&quot;","img":{"alt_text":"","src":"https:\/\/i0.wp.com\/www.dalmatiner-sachsen-anhalt.de\/blog\/wp-content\/uploads\/2015\/06\/IMG_3803.jpg?fit=1154%2C768&ssl=1&resize=350%2C200","width":350,"height":200},"classes":[]},{"id":4367,"url":"https:\/\/www.dalmatiner-sachsen-anhalt.de\/blog\/4367\/","url_meta":{"origin":5653,"position":2},"title":"Annaberg Rassehundegemeinschaftsausstellung &#8211; die Letzte","date":"6. Dezember 2012","format":false,"excerpt":"Am 30.11.12 erreichte unsere Athene in Annaberg ein V1 von sieben H\u00fcndinnen in der offenen Klasse, wir sind stolz auf unsere Maus. Bennet vdS erhielt ein G. Am 01.12.12 erreichte Athene ein V3 von neun H\u00fcndinnen in der offenen Klasse und Schwester Antonia vdS ein SG. Es war ein sch\u00f6nes\u2026","rel":"","context":"In &quot;A-Wurf&quot;","img":{"alt_text":"","src":"https:\/\/i0.wp.com\/www.dalmatiner-sachsen-anhalt.de\/blog\/wp-content\/uploads\/2012\/12\/IMG_9557-383x255.jpg?resize=350%2C200","width":350,"height":200},"classes":[]},{"id":3427,"url":"https:\/\/www.dalmatiner-sachsen-anhalt.de\/blog\/3427\/","url_meta":{"origin":5653,"position":3},"title":"Ausstellung Barleben 2011","date":"20. Juli 2011","format":false,"excerpt":"In Barleben (Juli) wird es eine ganze Anzahl von \"Sandst\u00fccken\" - Dalmis zu sehen geben. Bei dieser Gelegenheit sollen Ares, Amigo und Athene von den Sandst\u00fccken zur Zuchtzulassungspr\u00fcfung vorgestellt werden.[cincopa AgCAAnqbSXn6] Wir freuen uns auf ein Wiedersehen mit Freunden, Bekannten und Hunde-Liebhabern. Ergebnisse und Bilder der Ausstellung mit ZZP gibt\u2026","rel":"","context":"In &quot;A-Wurf&quot;","img":{"alt_text":"","src":"","width":0,"height":0},"classes":[]},{"id":5144,"url":"https:\/\/www.dalmatiner-sachsen-anhalt.de\/blog\/5144\/","url_meta":{"origin":5653,"position":4},"title":"Besuch und Schnee","date":"10. M&auml;rz 2013","format":"gallery","excerpt":"\u00a0 \u00dcber Nacht hat es geschneit - der Winter kommt zur\u00fcck. Jetzt werden aus Sandst\u00fcckchen - Schneest\u00fcckchen. Heute kam auch Besuch f\u00fcr die Welpen - und zwar: die Sandst\u00fccken Amigo, Antonia und Ares sowie Kumpel Aaron.","rel":"","context":"In &quot;A-Wurf&quot;","img":{"alt_text":"","src":"https:\/\/i0.wp.com\/www.dalmatiner-sachsen-anhalt.de\/blog\/wp-content\/uploads\/2013\/03\/dalmatiner-welpen-vds-tag44-besuch_2051.jpg?fit=1024%2C768&ssl=1&resize=350%2C200","width":350,"height":200},"classes":[]},{"id":6152,"url":"https:\/\/www.dalmatiner-sachsen-anhalt.de\/blog\/6152\/","url_meta":{"origin":5653,"position":5},"title":"Sandst&#252;ckchen in Chemnitz zur 6. IRA","date":"19. April 2015","format":false,"excerpt":"\u00a0 Bei der IRA belegte unsere \"Athene von den Sandst\u00fccken\" den 2. Platz in der offenen Klasse (von 12 H.). Wir sind ganz stolz auf unsere Maus. Ihre Schwester\u00a0\"Antonia von den Sandst\u00fccken\" startete in der OKL und erhielt ein SG. Prima gemacht Denise. :-)","rel":"","context":"In &quot;Antonia&quot;","img":{"alt_text":"","src":"https:\/\/i0.wp.com\/www.dalmatiner-sachsen-anhalt.de\/blog\/wp-content\/uploads\/2015\/04\/chemnitz-DSC00827-578x578.jpg?resize=350%2C200","width":350,"height":200},"classes":[]}],"_links":{"self":[{"href":"https:\/\/www.dalmatiner-sachsen-anhalt.de\/blog\/wp-json\/wp\/v2\/posts\/5653"}],"collection":[{"href":"https:\/\/www.dalmatiner-sachsen-anhalt.de\/blog\/wp-json\/wp\/v2\/posts"}],"about":[{"href":"https:\/\/www.dalmatiner-sachsen-anhalt.de\/blog\/wp-json\/wp\/v2\/types\/post"}],"author":[{"embeddable":true,"href":"https:\/\/www.dalmatiner-sachsen-anhalt.de\/blog\/wp-json\/wp\/v2\/users\/1"}],"replies":[{"embeddable":true,"href":"https:\/\/www.dalmatiner-sachsen-anhalt.de\/blog\/wp-json\/wp\/v2\/comments?post=5653"}],"version-history":[{"count":9,"href":"https:\/\/www.dalmatiner-sachsen-anhalt.de\/blog\/wp-json\/wp\/v2\/posts\/5653\/revisions"}],"predecessor-version":[{"id":5662,"href":"https:\/\/www.dalmatiner-sachsen-anhalt.de\/blog\/wp-json\/wp\/v2\/posts\/5653\/revisions\/5662"}],"wp:featuredmedia":[{"embeddable":true,"href":"https:\/\/www.dalmatiner-sachsen-anhalt.de\/blog\/wp-json\/wp\/v2\/media\/5656"}],"wp:attachment":[{"href":"https:\/\/www.dalmatiner-sachsen-anhalt.de\/blog\/wp-json\/wp\/v2\/media?parent=5653"}],"wp:term":[{"taxonomy":"category","embeddable":true,"href":"https:\/\/www.dalmatiner-sachsen-anhalt.de\/blog\/wp-json\/wp\/v2\/categories?post=5653"},{"taxonomy":"post_tag","embeddable":true,"href":"https:\/\/www.dalmatiner-sachsen-anhalt.de\/blog\/wp-json\/wp\/v2\/tags?post=5653"}],"curies":[{"name":"wp","href":"https:\/\/api.w.org\/{rel}","templated":true}]}}