{"id":5792,"date":"2013-08-25T21:33:18","date_gmt":"2013-08-25T19:33:18","guid":{"rendered":"http:\/\/www.dalmatiner-sachsen-anhalt.de\/blog\/?p=5792"},"modified":"2013-09-05T11:20:51","modified_gmt":"2013-09-05T09:20:51","slug":"caruso-in-der-schweiz","status":"publish","type":"post","link":"https:\/\/www.dalmatiner-sachsen-anhalt.de\/blog\/5792\/","title":{"rendered":"Caruso in der Schweiz"},"content":{"rendered":"<p>&nbsp;<\/p>\n<p><strong>Caruso von den Sandst&#252;cken<\/strong> hat auf der<strong> SDC Clubsiegerschau 2013<\/strong> in Biel \/ Schweiz den<strong> 1. Platz in der J&#252;ngstenklasse<\/strong> belegt.<\/p>\n<blockquote><p><strong>Damit errang er den &#8220;Club-J&#252;ngstensieger 2013 \/ meilleur tr\u00e8s jeune du club 2013&#8221;.<\/strong><\/p><\/blockquote>\n<p>Mama Athene ist m&#228;chtig stolz auf ihren wundersch&#246;nen Sohn. Super gemacht\u00a0<a href=\"https:\/\/www.facebook.com\/gabriele.lagger.3?directed_target_id=0\" data-hovercard=\"\/ajax\/hovercard\/user.php?id=100000120606034&amp;extragetparams=%7B%22directed_target_id%22%3A0%7D\">Gabriele Lagger<\/a>!!!<\/p>\n<p style=\"text-align: center;\"><img data-attachment-id=\"5793\" data-permalink=\"https:\/\/www.dalmatiner-sachsen-anhalt.de\/blog\/5792\/caruso-vds-biel-juengstenklasse-1\/\" data-orig-file=\"https:\/\/i0.wp.com\/www.dalmatiner-sachsen-anhalt.de\/blog\/wp-content\/uploads\/2013\/08\/Caruso-vdS-Biel-Juengstenklasse-1.jpg?fit=600%2C800&amp;ssl=1\" data-orig-size=\"600,800\" data-comments-opened=\"1\" data-image-meta=\"{&quot;aperture&quot;:&quot;0&quot;,&quot;credit&quot;:&quot;&quot;,&quot;camera&quot;:&quot;&quot;,&quot;caption&quot;:&quot;&quot;,&quot;created_timestamp&quot;:&quot;0&quot;,&quot;copyright&quot;:&quot;&quot;,&quot;focal_length&quot;:&quot;0&quot;,&quot;iso&quot;:&quot;0&quot;,&quot;shutter_speed&quot;:&quot;0&quot;,&quot;title&quot;:&quot;&quot;}\" data-image-title=\"Caruso vdS Biel Juengstenklasse 1\" data-image-description=\"\" data-image-caption=\"&lt;p&gt;Caruso vdS Biel Juengstenklasse 1&lt;\/p&gt;\n\" data-medium-file=\"https:\/\/i0.wp.com\/www.dalmatiner-sachsen-anhalt.de\/blog\/wp-content\/uploads\/2013\/08\/Caruso-vdS-Biel-Juengstenklasse-1.jpg?fit=225%2C300&amp;ssl=1\" data-large-file=\"https:\/\/i0.wp.com\/www.dalmatiner-sachsen-anhalt.de\/blog\/wp-content\/uploads\/2013\/08\/Caruso-vdS-Biel-Juengstenklasse-1.jpg?fit=584%2C779&amp;ssl=1\" decoding=\"async\" loading=\"lazy\" class=\" wp-image-5793 aligncenter\" alt=\"Caruso vdS Biel Juengstenklasse 1\" src=\"https:\/\/i0.wp.com\/www.dalmatiner-sachsen-anhalt.de\/blog\/wp-content\/uploads\/2013\/08\/Caruso-vdS-Biel-Juengstenklasse-1.jpg?resize=584%2C779&#038;ssl=1\" width=\"584\" height=\"779\" srcset=\"https:\/\/i0.wp.com\/www.dalmatiner-sachsen-anhalt.de\/blog\/wp-content\/uploads\/2013\/08\/Caruso-vdS-Biel-Juengstenklasse-1.jpg?w=600&amp;ssl=1 600w, https:\/\/i0.wp.com\/www.dalmatiner-sachsen-anhalt.de\/blog\/wp-content\/uploads\/2013\/08\/Caruso-vdS-Biel-Juengstenklasse-1.jpg?resize=112%2C150&amp;ssl=1 112w, https:\/\/i0.wp.com\/www.dalmatiner-sachsen-anhalt.de\/blog\/wp-content\/uploads\/2013\/08\/Caruso-vdS-Biel-Juengstenklasse-1.jpg?resize=225%2C300&amp;ssl=1 225w, https:\/\/i0.wp.com\/www.dalmatiner-sachsen-anhalt.de\/blog\/wp-content\/uploads\/2013\/08\/Caruso-vdS-Biel-Juengstenklasse-1.jpg?resize=322%2C430&amp;ssl=1 322w\" sizes=\"(max-width: 584px) 100vw, 584px\" data-recalc-dims=\"1\" \/><\/p>\n<p>&nbsp;<\/p>\n","protected":false},"excerpt":{"rendered":"<p>&nbsp; Caruso von den Sandst&#252;cken hat auf der SDC Clubsiegerschau 2013 in Biel \/ Schweiz den 1. Platz in der J&#252;ngstenklasse belegt. Damit errang er den &#8220;Club-J&#252;ngstensieger 2013 \/ meilleur tr\u00e8s jeune du club 2013&#8221;. Mama Athene ist m&#228;chtig stolz &hellip; <a href=\"https:\/\/www.dalmatiner-sachsen-anhalt.de\/blog\/5792\/\">Continue reading <span class=\"meta-nav\">&rarr;<\/span><\/a><\/p>\n","protected":false},"author":1,"featured_media":0,"comment_status":"open","ping_status":"open","sticky":false,"template":"","format":"standard","meta":{"jetpack_post_was_ever_published":false,"jetpack_publicize_message":"","jetpack_is_tweetstorm":false,"jetpack_publicize_feature_enabled":true,"jetpack_social_post_already_shared":true,"jetpack_social_options":[]},"categories":[391,1129,856,1000,3],"tags":[1133,1132,1131,1130,400],"jetpack_publicize_connections":[],"jetpack_featured_media_url":"","jetpack_shortlink":"https:\/\/wp.me\/px1eF-1vq","jetpack_sharing_enabled":true,"jetpack_likes_enabled":true,"jetpack-related-posts":[{"id":5311,"url":"https:\/\/www.dalmatiner-sachsen-anhalt.de\/blog\/5311\/","url_meta":{"origin":5792,"position":0},"title":"Caruso auf gro&#223;er Fahrt","date":"6. April 2013","format":false,"excerpt":"Caruso hat seine Sachen gepackt und f\u00e4hrt in die Schweiz. Wir w\u00fcnschen Dir im neuen zu Hause alles Gute. Dein Schermener Rudel","rel":"","context":"In &quot;C-Wurf&quot;","img":{"alt_text":"","src":"https:\/\/i0.wp.com\/www.dalmatiner-sachsen-anhalt.de\/blog\/wp-content\/uploads\/2013\/04\/11-Wochen0158-1024x681.jpg?resize=350%2C200","width":350,"height":200},"classes":[]},{"id":5274,"url":"https:\/\/www.dalmatiner-sachsen-anhalt.de\/blog\/5274\/","url_meta":{"origin":5792,"position":1},"title":"Noch 6 mal schlafen","date":"31. M&auml;rz 2013","format":false,"excerpt":"\u00a0 ...dann verl\u00e4\u00dft Caruso vdS das Nest der \"Sandst\u00fcckchen\" und zieht in die Schweiz. Er sagt schonmal \"Gr\u00fcssli!\", aber Athene findet, dass er vorher noch ein wenig erzogen werden muss und bringt ihm Manieren bei.","rel":"","context":"In &quot;C-Wurf&quot;","img":{"alt_text":"","src":"https:\/\/i0.wp.com\/www.dalmatiner-sachsen-anhalt.de\/blog\/wp-content\/uploads\/2013\/03\/Abschied-Carlotta-vdS0026.jpg?fit=1154%2C768&ssl=1&resize=350%2C200","width":350,"height":200},"classes":[]},{"id":5383,"url":"https:\/\/www.dalmatiner-sachsen-anhalt.de\/blog\/5383\/","url_meta":{"origin":5792,"position":2},"title":"Caruso und Gipsy","date":"12. April 2013","format":false,"excerpt":"\u00a0 \u00a0 Caruso von den Sandst\u00fccken mit seiner Gipsy im neuen Zuhause in den Bergen. \u00a0","rel":"","context":"In &quot;C-Wurf&quot;","img":{"alt_text":"","src":"","width":0,"height":0},"classes":[]},{"id":5784,"url":"https:\/\/www.dalmatiner-sachsen-anhalt.de\/blog\/5784\/","url_meta":{"origin":5792,"position":3},"title":"Carlotta vdS","date":"20. August 2013","format":false,"excerpt":"\u00a0 Carlotta von den Sandst\u00fccken konnte in Pritzhagen 2 x die Bewertung \"Vielversprechend\" und den 2. Platz in der J\u00fcngstenklasse erreichen. Das war ihre 1. Ausstellung mit 7 Monaten. Und sie hat es super gemacht mit ihrem Frauchen. Herzlichen Gl\u00fcckwunsch Michaela und Tim. Und Danke f\u00fcr die sch\u00f6ne Pr\u00e4sentation.","rel":"","context":"In &quot;Ausstellungen&quot;","img":{"alt_text":"Carlotta vdS-pritzhagen2013-vv2_6016","src":"https:\/\/i0.wp.com\/www.dalmatiner-sachsen-anhalt.de\/blog\/wp-content\/uploads\/2013\/08\/Carlotta-vdS-pritzhagen2013-vv2_6016.jpg?resize=350%2C200","width":350,"height":200},"classes":[]},{"id":5010,"url":"https:\/\/www.dalmatiner-sachsen-anhalt.de\/blog\/5010\/","url_meta":{"origin":5792,"position":4},"title":"Caruso von den Sandst&#252;cken \u2013 Stehbild mit 29 Tagen","date":"20. Februar 2013","format":false,"excerpt":"Caruso von den Sandst\u00fccken\u00a0 LUA\u00a0 aus Athene von den Sandst\u00fccken & Stocklore Wizard of the Forrest ( Merlin) LUA","rel":"","context":"In &quot;Athene&quot;","img":{"alt_text":"","src":"https:\/\/i0.wp.com\/www.dalmatiner-sachsen-anhalt.de\/blog\/wp-content\/uploads\/2013\/02\/dalmatiner-welpen-caruso-vds-Tag29_1810-1024x681.jpg?resize=350%2C200","width":350,"height":200},"classes":[]},{"id":6038,"url":"https:\/\/www.dalmatiner-sachsen-anhalt.de\/blog\/6038\/","url_meta":{"origin":5792,"position":5},"title":"Neue Bilder von den C-chens vdS","date":"4. April 2014","format":false,"excerpt":"Hier ein paar neue Fotos von den Sandst\u00fccken: Calimero, Caruso und Comtess - da sind sie 14 Monate alt, in ihrem neuen Zuhause. Wir wollen gerne Stehbilder, von der Seite betrachtet. Vielleicht klappt das ja einmal. A & A","rel":"","context":"In &quot;C-Wurf&quot;","img":{"alt_text":"calimero-vds-mit-ondra","src":"https:\/\/i0.wp.com\/www.dalmatiner-sachsen-anhalt.de\/blog\/wp-content\/uploads\/2014\/04\/calimero-vds-mit-ondra.jpg?fit=1200%2C900&ssl=1&resize=350%2C200","width":350,"height":200},"classes":[]}],"_links":{"self":[{"href":"https:\/\/www.dalmatiner-sachsen-anhalt.de\/blog\/wp-json\/wp\/v2\/posts\/5792"}],"collection":[{"href":"https:\/\/www.dalmatiner-sachsen-anhalt.de\/blog\/wp-json\/wp\/v2\/posts"}],"about":[{"href":"https:\/\/www.dalmatiner-sachsen-anhalt.de\/blog\/wp-json\/wp\/v2\/types\/post"}],"author":[{"embeddable":true,"href":"https:\/\/www.dalmatiner-sachsen-anhalt.de\/blog\/wp-json\/wp\/v2\/users\/1"}],"replies":[{"embeddable":true,"href":"https:\/\/www.dalmatiner-sachsen-anhalt.de\/blog\/wp-json\/wp\/v2\/comments?post=5792"}],"version-history":[{"count":6,"href":"https:\/\/www.dalmatiner-sachsen-anhalt.de\/blog\/wp-json\/wp\/v2\/posts\/5792\/revisions"}],"predecessor-version":[{"id":5828,"href":"https:\/\/www.dalmatiner-sachsen-anhalt.de\/blog\/wp-json\/wp\/v2\/posts\/5792\/revisions\/5828"}],"wp:attachment":[{"href":"https:\/\/www.dalmatiner-sachsen-anhalt.de\/blog\/wp-json\/wp\/v2\/media?parent=5792"}],"wp:term":[{"taxonomy":"category","embeddable":true,"href":"https:\/\/www.dalmatiner-sachsen-anhalt.de\/blog\/wp-json\/wp\/v2\/categories?post=5792"},{"taxonomy":"post_tag","embeddable":true,"href":"https:\/\/www.dalmatiner-sachsen-anhalt.de\/blog\/wp-json\/wp\/v2\/tags?post=5792"}],"curies":[{"name":"wp","href":"https:\/\/api.w.org\/{rel}","templated":true}]}}