{"id":5844,"date":"2013-10-11T11:14:15","date_gmt":"2013-10-11T09:14:15","guid":{"rendered":"http:\/\/www.dalmatiner-sachsen-anhalt.de\/blog\/?p=5844"},"modified":"2013-10-12T10:18:29","modified_gmt":"2013-10-12T08:18:29","slug":"3-welpentreffen","status":"publish","type":"post","link":"https:\/\/www.dalmatiner-sachsen-anhalt.de\/blog\/5844\/","title":{"rendered":"3. Welpentreffen"},"content":{"rendered":"<p>&nbsp;<\/p>\n<p>Anfang Oktober fand das <strong>3. Welpentreffen der &#8220;Sandst&#252;cken&#8221;<\/strong> in Dierhagen statt. Es waren Dalmatiner aus allen bisherigen W&#252;rfen mit ihren 2- Beinern anwesend. Au&#223;erdem Sch&#228;ferh&#252;ndin Frieda, die vom Rudel adoptiert wurde. Wir fanden es sehr interessant und sch&#246;n Euch alle wiederzusehen und freuen uns schon sehr auf das Welpentreffen im n&#228;chsten Jahr. Viele Fotos werden in den n&#228;chsten Tagen noch ver&#246;ffentlicht. Hier zun&#228;chst eine kleine Collage:<\/p>\n<p style=\"text-align: center;\"><a href=\"https:\/\/i0.wp.com\/www.dalmatiner-sachsen-anhalt.de\/blog\/wp-content\/uploads\/2013\/10\/Colage-Welpentreffen-2013-11.10.2013-10-43-54.jpg?ssl=1\" target=\"_blank\"><img data-attachment-id=\"5845\" data-permalink=\"https:\/\/www.dalmatiner-sachsen-anhalt.de\/blog\/5844\/colage-welpentreffen-2013-11-10-2013-10-43-54\/\" data-orig-file=\"https:\/\/i0.wp.com\/www.dalmatiner-sachsen-anhalt.de\/blog\/wp-content\/uploads\/2013\/10\/Colage-Welpentreffen-2013-11.10.2013-10-43-54.jpg?fit=1365%2C768&amp;ssl=1\" data-orig-size=\"1365,768\" data-comments-opened=\"1\" data-image-meta=\"{&quot;aperture&quot;:&quot;0&quot;,&quot;credit&quot;:&quot;Picasa&quot;,&quot;camera&quot;:&quot;&quot;,&quot;caption&quot;:&quot;&quot;,&quot;created_timestamp&quot;:&quot;1381488234&quot;,&quot;copyright&quot;:&quot;&quot;,&quot;focal_length&quot;:&quot;0&quot;,&quot;iso&quot;:&quot;0&quot;,&quot;shutter_speed&quot;:&quot;0&quot;,&quot;title&quot;:&quot;&quot;}\" data-image-title=\"Colage-Welpentreffen-2013-11.10.2013-10-43-54\" data-image-description=\"\" data-image-caption=\"\" data-medium-file=\"https:\/\/i0.wp.com\/www.dalmatiner-sachsen-anhalt.de\/blog\/wp-content\/uploads\/2013\/10\/Colage-Welpentreffen-2013-11.10.2013-10-43-54.jpg?fit=300%2C168&amp;ssl=1\" data-large-file=\"https:\/\/i0.wp.com\/www.dalmatiner-sachsen-anhalt.de\/blog\/wp-content\/uploads\/2013\/10\/Colage-Welpentreffen-2013-11.10.2013-10-43-54.jpg?fit=584%2C329&amp;ssl=1\" decoding=\"async\" loading=\"lazy\" class=\"aligncenter  wp-image-5845\" alt=\"Colage-Welpentreffen-2013-11.10.2013-10-43-54\" src=\"https:\/\/i0.wp.com\/www.dalmatiner-sachsen-anhalt.de\/blog\/wp-content\/uploads\/2013\/10\/Colage-Welpentreffen-2013-11.10.2013-10-43-54.jpg?resize=584%2C328&#038;ssl=1\" width=\"584\" height=\"328\" srcset=\"https:\/\/i0.wp.com\/www.dalmatiner-sachsen-anhalt.de\/blog\/wp-content\/uploads\/2013\/10\/Colage-Welpentreffen-2013-11.10.2013-10-43-54.jpg?resize=1024%2C576&amp;ssl=1 1024w, https:\/\/i0.wp.com\/www.dalmatiner-sachsen-anhalt.de\/blog\/wp-content\/uploads\/2013\/10\/Colage-Welpentreffen-2013-11.10.2013-10-43-54.jpg?resize=150%2C84&amp;ssl=1 150w, https:\/\/i0.wp.com\/www.dalmatiner-sachsen-anhalt.de\/blog\/wp-content\/uploads\/2013\/10\/Colage-Welpentreffen-2013-11.10.2013-10-43-54.jpg?resize=300%2C168&amp;ssl=1 300w, https:\/\/i0.wp.com\/www.dalmatiner-sachsen-anhalt.de\/blog\/wp-content\/uploads\/2013\/10\/Colage-Welpentreffen-2013-11.10.2013-10-43-54.jpg?resize=589%2C331&amp;ssl=1 589w, https:\/\/i0.wp.com\/www.dalmatiner-sachsen-anhalt.de\/blog\/wp-content\/uploads\/2013\/10\/Colage-Welpentreffen-2013-11.10.2013-10-43-54.jpg?resize=500%2C281&amp;ssl=1 500w, https:\/\/i0.wp.com\/www.dalmatiner-sachsen-anhalt.de\/blog\/wp-content\/uploads\/2013\/10\/Colage-Welpentreffen-2013-11.10.2013-10-43-54.jpg?w=1365&amp;ssl=1 1365w, https:\/\/i0.wp.com\/www.dalmatiner-sachsen-anhalt.de\/blog\/wp-content\/uploads\/2013\/10\/Colage-Welpentreffen-2013-11.10.2013-10-43-54.jpg?w=1168&amp;ssl=1 1168w\" sizes=\"(max-width: 584px) 100vw, 584px\" data-recalc-dims=\"1\" \/><\/a>Ab sofort gibt es in diesem <a href=\"https:\/\/www.dalmatiner-sachsen-anhalt.de\/blog\/?page_id=5854\">WebLog <\/a>noch mehr Fotos vom Welpentreffen.<\/p>\n<p>&nbsp;<\/p>\n","protected":false},"excerpt":{"rendered":"<p>&nbsp; Anfang Oktober fand das 3. Welpentreffen der &#8220;Sandst&#252;cken&#8221; in Dierhagen statt. Es waren Dalmatiner aus allen bisherigen W&#252;rfen mit ihren 2- Beinern anwesend. Au&#223;erdem Sch&#228;ferh&#252;ndin Frieda, die vom Rudel adoptiert wurde. Wir fanden es sehr interessant und sch&#246;n Euch &hellip; <a href=\"https:\/\/www.dalmatiner-sachsen-anhalt.de\/blog\/5844\/\">Continue reading <span class=\"meta-nav\">&rarr;<\/span><\/a><\/p>\n","protected":false},"author":1,"featured_media":0,"comment_status":"open","ping_status":"open","sticky":false,"template":"","format":"standard","meta":{"jetpack_post_was_ever_published":false,"jetpack_publicize_message":"","jetpack_is_tweetstorm":false,"jetpack_publicize_feature_enabled":true,"jetpack_social_post_already_shared":true,"jetpack_social_options":[]},"categories":[110,111,112,705,1001,997,998,16,1138,3],"tags":[1139,39,891,402,1140,583,234,214],"jetpack_publicize_connections":[],"jetpack_featured_media_url":"","jetpack_shortlink":"https:\/\/wp.me\/px1eF-1wg","jetpack_sharing_enabled":true,"jetpack_likes_enabled":true,"jetpack-related-posts":[{"id":8614,"url":"https:\/\/www.dalmatiner-sachsen-anhalt.de\/blog\/8614\/","url_meta":{"origin":5844,"position":0},"title":"Dierhagen Welpentreffen","date":"6. Oktober 2024","format":false,"excerpt":"Alle Jahre wieder - die Sandst\u00fcckchen in Dierhagen zum Welpentreffen-nun schon zum 14. Mal. Und auch eine H\u00fcndin aus dem A-Wurf ist noch dabei-Amelie mit 15,5 Jahren.","rel":"","context":"In &quot;Amelie&quot;","img":{"alt_text":"","src":"https:\/\/i0.wp.com\/www.dalmatiner-sachsen-anhalt.de\/blog\/wp-content\/uploads\/2024\/10\/IMG_20241006_130405.jpg?resize=350%2C200&ssl=1","width":350,"height":200},"classes":[]},{"id":3690,"url":"https:\/\/www.dalmatiner-sachsen-anhalt.de\/blog\/3690\/","url_meta":{"origin":5844,"position":1},"title":"Wow, Dierhagen war toll !","date":"20. Oktober 2011","format":false,"excerpt":"Also nun mal eine Berichterstattung aus meiner Sicht-Athene-: ich fand das Welpentreffen an der Ostsee echt toll! So viele von meinen Geschwistern waren gekommen um mit mir zu spielen und \u00fcber den Strand zu toben, einige sind mir auch ins Wasser gefolgt, aber ich bin wohl die gr\u00f6\u00dfte Wasserratte gewesen,\u2026","rel":"","context":"In &quot;Amelie&quot;","img":{"alt_text":"","src":"","width":0,"height":0},"classes":[]},{"id":6210,"url":"https:\/\/www.dalmatiner-sachsen-anhalt.de\/blog\/6210\/","url_meta":{"origin":5844,"position":2},"title":"Unser diesj&#228;hriges Welpentreffen Anfang Oktober in Dierhagen","date":"24. Oktober 2015","format":"gallery","excerpt":"Nun sind auch unsere Bilder bearbeitet und es wird Zeit sie Euch zu zeigen. Unser LUA Collin \u00a0aka Spike musste kurzfristig absagen, daf\u00fcr kam v\u00f6llig \u00fcberraschend unser LUA Boy Charming Merlin und erfreute uns. Ansonsten waren wieder dabei Carlotta, Calimero, Antonia, Amelie, Bianca, Athene und Hummel, sowie zwei Gast-dalmis aus\u2026","rel":"","context":"In &quot;A-Wurf&quot;","img":{"alt_text":"DSC02064 (2)","src":"https:\/\/i0.wp.com\/www.dalmatiner-sachsen-anhalt.de\/blog\/wp-content\/uploads\/2015\/10\/DSC02064-2-1024x771.jpg?resize=350%2C200","width":350,"height":200},"classes":[]},{"id":7460,"url":"https:\/\/www.dalmatiner-sachsen-anhalt.de\/blog\/7460\/","url_meta":{"origin":5844,"position":3},"title":"Welpentreffen 2019 Dierhagen","date":"2. Oktober 2019","format":false,"excerpt":"heute : die drei Damen aus unserem A-Wurf, inzwischen 10 Jahre alt und alle drei in Topform.","rel":"","context":"In &quot;E-Wurf&quot;","img":{"alt_text":"","src":"https:\/\/i0.wp.com\/www.dalmatiner-sachsen-anhalt.de\/blog\/wp-content\/uploads\/2019\/10\/IMG-20191002-WA0019.jpg?resize=350%2C200&ssl=1","width":350,"height":200},"classes":[]},{"id":8567,"url":"https:\/\/www.dalmatiner-sachsen-anhalt.de\/blog\/8567\/","url_meta":{"origin":5844,"position":4},"title":"Greta","date":"7. Oktober 2023","format":false,"excerpt":"","rel":"","context":"In &quot;G-Wurf&quot;","img":{"alt_text":"","src":"https:\/\/i0.wp.com\/www.dalmatiner-sachsen-anhalt.de\/blog\/wp-content\/uploads\/2023\/10\/IMG-20231007-WA0052.jpg?resize=350%2C200&ssl=1","width":350,"height":200},"classes":[]},{"id":8565,"url":"https:\/\/www.dalmatiner-sachsen-anhalt.de\/blog\/8565\/","url_meta":{"origin":5844,"position":5},"title":"Greta am Strand","date":"6. Oktober 2023","format":false,"excerpt":"","rel":"","context":"In &quot;G-Wurf&quot;","img":{"alt_text":"","src":"","width":0,"height":0},"classes":[]}],"_links":{"self":[{"href":"https:\/\/www.dalmatiner-sachsen-anhalt.de\/blog\/wp-json\/wp\/v2\/posts\/5844"}],"collection":[{"href":"https:\/\/www.dalmatiner-sachsen-anhalt.de\/blog\/wp-json\/wp\/v2\/posts"}],"about":[{"href":"https:\/\/www.dalmatiner-sachsen-anhalt.de\/blog\/wp-json\/wp\/v2\/types\/post"}],"author":[{"embeddable":true,"href":"https:\/\/www.dalmatiner-sachsen-anhalt.de\/blog\/wp-json\/wp\/v2\/users\/1"}],"replies":[{"embeddable":true,"href":"https:\/\/www.dalmatiner-sachsen-anhalt.de\/blog\/wp-json\/wp\/v2\/comments?post=5844"}],"version-history":[{"count":8,"href":"https:\/\/www.dalmatiner-sachsen-anhalt.de\/blog\/wp-json\/wp\/v2\/posts\/5844\/revisions"}],"predecessor-version":[{"id":5858,"href":"https:\/\/www.dalmatiner-sachsen-anhalt.de\/blog\/wp-json\/wp\/v2\/posts\/5844\/revisions\/5858"}],"wp:attachment":[{"href":"https:\/\/www.dalmatiner-sachsen-anhalt.de\/blog\/wp-json\/wp\/v2\/media?parent=5844"}],"wp:term":[{"taxonomy":"category","embeddable":true,"href":"https:\/\/www.dalmatiner-sachsen-anhalt.de\/blog\/wp-json\/wp\/v2\/categories?post=5844"},{"taxonomy":"post_tag","embeddable":true,"href":"https:\/\/www.dalmatiner-sachsen-anhalt.de\/blog\/wp-json\/wp\/v2\/tags?post=5844"}],"curies":[{"name":"wp","href":"https:\/\/api.w.org\/{rel}","templated":true}]}}