{"id":5932,"date":"2014-01-09T11:10:33","date_gmt":"2014-01-09T09:10:33","guid":{"rendered":"http:\/\/www.dalmatiner-sachsen-anhalt.de\/blog\/?p=5932"},"modified":"2014-01-09T11:13:01","modified_gmt":"2014-01-09T09:13:01","slug":"dalmatiner-pinselchen","status":"publish","type":"post","link":"https:\/\/www.dalmatiner-sachsen-anhalt.de\/blog\/5932\/","title":{"rendered":"Dalmatiner &#8220;Pinselchen&#8221;"},"content":{"rendered":"<div id=\"attachment_5933\" style=\"width: 594px\" class=\"wp-caption aligncenter\"><a href=\"https:\/\/i0.wp.com\/www.dalmatiner-sachsen-anhalt.de\/blog\/wp-content\/uploads\/2014\/01\/Calimero-vdS-11Monate-2013.jpg?ssl=1\"><img aria-describedby=\"caption-attachment-5933\" data-attachment-id=\"5933\" data-permalink=\"https:\/\/www.dalmatiner-sachsen-anhalt.de\/blog\/5932\/calimero-vds-11monate-2013\/\" data-orig-file=\"https:\/\/i0.wp.com\/www.dalmatiner-sachsen-anhalt.de\/blog\/wp-content\/uploads\/2014\/01\/Calimero-vdS-11Monate-2013.jpg?fit=2048%2C1356&amp;ssl=1\" data-orig-size=\"2048,1356\" data-comments-opened=\"1\" data-image-meta=\"{&quot;aperture&quot;:&quot;0&quot;,&quot;credit&quot;:&quot;&quot;,&quot;camera&quot;:&quot;&quot;,&quot;caption&quot;:&quot;&quot;,&quot;created_timestamp&quot;:&quot;0&quot;,&quot;copyright&quot;:&quot;&quot;,&quot;focal_length&quot;:&quot;0&quot;,&quot;iso&quot;:&quot;0&quot;,&quot;shutter_speed&quot;:&quot;0&quot;,&quot;title&quot;:&quot;&quot;}\" data-image-title=\"Calimero-vdS-11Monate-2013\" data-image-description=\"\" data-image-caption=\"&lt;p&gt;Calimero-vdS-11Monate-2013&lt;\/p&gt;\n\" data-medium-file=\"https:\/\/i0.wp.com\/www.dalmatiner-sachsen-anhalt.de\/blog\/wp-content\/uploads\/2014\/01\/Calimero-vdS-11Monate-2013.jpg?fit=300%2C198&amp;ssl=1\" data-large-file=\"https:\/\/i0.wp.com\/www.dalmatiner-sachsen-anhalt.de\/blog\/wp-content\/uploads\/2014\/01\/Calimero-vdS-11Monate-2013.jpg?fit=584%2C387&amp;ssl=1\" decoding=\"async\" loading=\"lazy\" class=\"size-large wp-image-5933\" alt=\"Calimero-vdS-11Monate-2013 Pinselchen\" src=\"https:\/\/i0.wp.com\/www.dalmatiner-sachsen-anhalt.de\/blog\/wp-content\/uploads\/2014\/01\/Calimero-vdS-11Monate-2013.jpg?resize=584%2C386&#038;ssl=1\" width=\"584\" height=\"386\" srcset=\"https:\/\/i0.wp.com\/www.dalmatiner-sachsen-anhalt.de\/blog\/wp-content\/uploads\/2014\/01\/Calimero-vdS-11Monate-2013.jpg?resize=1024%2C678&amp;ssl=1 1024w, https:\/\/i0.wp.com\/www.dalmatiner-sachsen-anhalt.de\/blog\/wp-content\/uploads\/2014\/01\/Calimero-vdS-11Monate-2013.jpg?resize=150%2C99&amp;ssl=1 150w, https:\/\/i0.wp.com\/www.dalmatiner-sachsen-anhalt.de\/blog\/wp-content\/uploads\/2014\/01\/Calimero-vdS-11Monate-2013.jpg?resize=300%2C198&amp;ssl=1 300w, https:\/\/i0.wp.com\/www.dalmatiner-sachsen-anhalt.de\/blog\/wp-content\/uploads\/2014\/01\/Calimero-vdS-11Monate-2013.jpg?resize=589%2C389&amp;ssl=1 589w, https:\/\/i0.wp.com\/www.dalmatiner-sachsen-anhalt.de\/blog\/wp-content\/uploads\/2014\/01\/Calimero-vdS-11Monate-2013.jpg?resize=453%2C300&amp;ssl=1 453w, https:\/\/i0.wp.com\/www.dalmatiner-sachsen-anhalt.de\/blog\/wp-content\/uploads\/2014\/01\/Calimero-vdS-11Monate-2013.jpg?w=2048&amp;ssl=1 2048w, https:\/\/i0.wp.com\/www.dalmatiner-sachsen-anhalt.de\/blog\/wp-content\/uploads\/2014\/01\/Calimero-vdS-11Monate-2013.jpg?w=1168&amp;ssl=1 1168w, https:\/\/i0.wp.com\/www.dalmatiner-sachsen-anhalt.de\/blog\/wp-content\/uploads\/2014\/01\/Calimero-vdS-11Monate-2013.jpg?w=1752&amp;ssl=1 1752w\" sizes=\"(max-width: 584px) 100vw, 584px\" data-recalc-dims=\"1\" \/><\/a><p id=\"caption-attachment-5933\" class=\"wp-caption-text\">Calimero-vdS-11Monate-2013<\/p><\/div>\n<p>Der 11 Monate alte Calimero vdS (Pinselchen) steht sch&#246;n im Wald.<\/p>\n","protected":false},"excerpt":{"rendered":"<p>Der 11 Monate alte Calimero vdS (Pinselchen) steht sch&#246;n im Wald.<\/p>\n","protected":false},"author":1,"featured_media":0,"comment_status":"open","ping_status":"open","sticky":false,"template":"","format":"standard","meta":{"jetpack_post_was_ever_published":false,"jetpack_publicize_message":"","jetpack_is_tweetstorm":false,"jetpack_publicize_feature_enabled":true,"jetpack_social_post_already_shared":true,"jetpack_social_options":[]},"categories":[856,1001,371,1018,3],"tags":[1146,35,1145,214],"jetpack_publicize_connections":[],"jetpack_featured_media_url":"","jetpack_shortlink":"https:\/\/wp.me\/px1eF-1xG","jetpack_sharing_enabled":true,"jetpack_likes_enabled":true,"jetpack-related-posts":[{"id":5680,"url":"https:\/\/www.dalmatiner-sachsen-anhalt.de\/blog\/5680\/","url_meta":{"origin":5932,"position":0},"title":"Calimero vdS","date":"31. Juli 2013","format":false,"excerpt":"\u00a0 Wir waren Calimero - Pinselchen - von den Sandst\u00fccken im neuen Zuhause besuchen, mit Mama Athene und Bruder Charming Merlin. Gro\u00dfe Wiedersehensfreude, herzliche Begr\u00fc\u00dfung, Toben ohne Ende und ein sch\u00f6ner Spaziergang in herrlicher Landschaft. Wir bedanken uns bei Stefanie f\u00fcr den sch\u00f6nen Nachmittag und die herzliche Gastfreundlichkeit. Wir kommen\u2026","rel":"","context":"In &quot;Athene&quot;","img":{"alt_text":"","src":"https:\/\/i0.wp.com\/www.dalmatiner-sachsen-anhalt.de\/blog\/wp-content\/uploads\/2013\/07\/IMG_5345.jpg?fit=1154%2C768&ssl=1&resize=350%2C200","width":350,"height":200},"classes":[]},{"id":5243,"url":"https:\/\/www.dalmatiner-sachsen-anhalt.de\/blog\/5243\/","url_meta":{"origin":5932,"position":1},"title":"Calimero von den Sandst&#252;cken","date":"25. M&auml;rz 2013","format":false,"excerpt":"\u00a0 Hier ein Stehbild im Alter von 9 Wochen - unser \"Pinselchen\".","rel":"","context":"In &quot;C-Wurf&quot;","img":{"alt_text":"Calimero vd","src":"https:\/\/i0.wp.com\/www.dalmatiner-sachsen-anhalt.de\/blog\/wp-content\/uploads\/2013\/03\/Calimero-vdS-dalmatiner-welpe-9wochen_2242-1024x681.jpg?resize=350%2C200","width":350,"height":200},"classes":[]},{"id":7600,"url":"https:\/\/www.dalmatiner-sachsen-anhalt.de\/blog\/7600\/","url_meta":{"origin":5932,"position":2},"title":"Pinselchen 2020","date":"20. Juli 2020","format":false,"excerpt":"Calimero von den Sandst\u00fccken (7,5 J.)\ud83d\udc3e","rel":"","context":"In &quot;C-Wurf&quot;","img":{"alt_text":"","src":"https:\/\/i0.wp.com\/www.dalmatiner-sachsen-anhalt.de\/blog\/wp-content\/uploads\/2020\/07\/wp-1595272779154..jpg?resize=350%2C200&ssl=1","width":350,"height":200},"classes":[]},{"id":5246,"url":"https:\/\/www.dalmatiner-sachsen-anhalt.de\/blog\/5246\/","url_meta":{"origin":5932,"position":3},"title":"Calimero zieht aus","date":"25. M&auml;rz 2013","format":false,"excerpt":"\u00a0 Unser Pinselchen hat ein sch\u00f6nes neues zu Hause gefunden. Die Koffer sind gepackt - nun geht es los. Machs gut kleiner Mann. Wir w\u00fcnschen Dir alles Gute dieser Welt.","rel":"","context":"In &quot;C-Wurf&quot;","img":{"alt_text":"","src":"https:\/\/i0.wp.com\/www.dalmatiner-sachsen-anhalt.de\/blog\/wp-content\/uploads\/2013\/03\/IMG_2311.jpg?fit=1154%2C768&ssl=1&resize=350%2C200","width":350,"height":200},"classes":[]},{"id":6038,"url":"https:\/\/www.dalmatiner-sachsen-anhalt.de\/blog\/6038\/","url_meta":{"origin":5932,"position":4},"title":"Neue Bilder von den C-chens vdS","date":"4. April 2014","format":false,"excerpt":"Hier ein paar neue Fotos von den Sandst\u00fccken: Calimero, Caruso und Comtess - da sind sie 14 Monate alt, in ihrem neuen Zuhause. Wir wollen gerne Stehbilder, von der Seite betrachtet. Vielleicht klappt das ja einmal. A & A","rel":"","context":"In &quot;C-Wurf&quot;","img":{"alt_text":"calimero-vds-mit-ondra","src":"https:\/\/i0.wp.com\/www.dalmatiner-sachsen-anhalt.de\/blog\/wp-content\/uploads\/2014\/04\/calimero-vds-mit-ondra.jpg?fit=1200%2C900&ssl=1&resize=350%2C200","width":350,"height":200},"classes":[]},{"id":5330,"url":"https:\/\/www.dalmatiner-sachsen-anhalt.de\/blog\/5330\/","url_meta":{"origin":5932,"position":5},"title":"Calimero vdS im neuen Zuhause","date":"7. April 2013","format":false,"excerpt":"\u00a0 Das \"Eis\" ist gebrochen. Calimero f\u00fchlt sich sehr wohl und spielt mit Sch\u00e4ferh\u00fcndin Ondra. Und er kann den \"Purzelbaum\"!, wie seine Oma Hummel vom Magdeburger Domfelsen. Stefanie - das ist ein sehr sch\u00f6nes Video. Super. Wir freuen uns sehr, soetwas Sch\u00f6nes zu sehen. Wir w\u00fcnschen Euch noch viel Freude\u2026","rel":"","context":"In &quot;C-Wurf&quot;","img":{"alt_text":"","src":"https:\/\/i0.wp.com\/www.dalmatiner-sachsen-anhalt.de\/blog\/wp-content\/uploads\/2013\/04\/892944_581748321835966_1654289038_o1.jpg?fit=1200%2C800&ssl=1&resize=350%2C200","width":350,"height":200},"classes":[]}],"_links":{"self":[{"href":"https:\/\/www.dalmatiner-sachsen-anhalt.de\/blog\/wp-json\/wp\/v2\/posts\/5932"}],"collection":[{"href":"https:\/\/www.dalmatiner-sachsen-anhalt.de\/blog\/wp-json\/wp\/v2\/posts"}],"about":[{"href":"https:\/\/www.dalmatiner-sachsen-anhalt.de\/blog\/wp-json\/wp\/v2\/types\/post"}],"author":[{"embeddable":true,"href":"https:\/\/www.dalmatiner-sachsen-anhalt.de\/blog\/wp-json\/wp\/v2\/users\/1"}],"replies":[{"embeddable":true,"href":"https:\/\/www.dalmatiner-sachsen-anhalt.de\/blog\/wp-json\/wp\/v2\/comments?post=5932"}],"version-history":[{"count":3,"href":"https:\/\/www.dalmatiner-sachsen-anhalt.de\/blog\/wp-json\/wp\/v2\/posts\/5932\/revisions"}],"predecessor-version":[{"id":5937,"href":"https:\/\/www.dalmatiner-sachsen-anhalt.de\/blog\/wp-json\/wp\/v2\/posts\/5932\/revisions\/5937"}],"wp:attachment":[{"href":"https:\/\/www.dalmatiner-sachsen-anhalt.de\/blog\/wp-json\/wp\/v2\/media?parent=5932"}],"wp:term":[{"taxonomy":"category","embeddable":true,"href":"https:\/\/www.dalmatiner-sachsen-anhalt.de\/blog\/wp-json\/wp\/v2\/categories?post=5932"},{"taxonomy":"post_tag","embeddable":true,"href":"https:\/\/www.dalmatiner-sachsen-anhalt.de\/blog\/wp-json\/wp\/v2\/tags?post=5932"}],"curies":[{"name":"wp","href":"https:\/\/api.w.org\/{rel}","templated":true}]}}