{"id":6038,"date":"2014-04-04T21:05:21","date_gmt":"2014-04-04T19:05:21","guid":{"rendered":"http:\/\/www.dalmatiner-sachsen-anhalt.de\/blog\/?p=6038"},"modified":"2014-04-04T21:28:33","modified_gmt":"2014-04-04T19:28:33","slug":"neu-bilder-vds","status":"publish","type":"post","link":"https:\/\/www.dalmatiner-sachsen-anhalt.de\/blog\/6038\/","title":{"rendered":"Neue Bilder von den C-chens vdS"},"content":{"rendered":"<p>Hier ein paar neue Fotos von den Sandst&#252;cken: Calimero, Caruso und Comtess &#8211; da sind sie 14 Monate alt, in ihrem neuen Zuhause.<br \/>\nWir wollen gerne Stehbilder, von der Seite betrachtet. Vielleicht klappt das ja einmal.<br \/>\nA &amp; A<\/p>\n<div data-carousel-extra='{\"blog_id\":1,\"permalink\":\"https:\\\/\\\/www.dalmatiner-sachsen-anhalt.de\\\/blog\\\/6038\\\/\"}' class=\"tiled-gallery type-square\" data-original-width=\"584\"><div class=\"tiled-gallery-item\"><a border=\"0\" href=\"https:\/\/i0.wp.com\/www.dalmatiner-sachsen-anhalt.de\/blog\/wp-content\/uploads\/2014\/04\/comtess-vds-und-skip.jpg?ssl=1\"><img data-attachment-id=\"6039\" data-orig-file=\"https:\/\/www.dalmatiner-sachsen-anhalt.de\/blog\/wp-content\/uploads\/2014\/04\/comtess-vds-und-skip.jpg\" data-orig-size=\"720,960\" data-comments-opened=\"1\" data-image-meta=\"{&quot;aperture&quot;:&quot;0&quot;,&quot;credit&quot;:&quot;&quot;,&quot;camera&quot;:&quot;&quot;,&quot;caption&quot;:&quot;&quot;,&quot;created_timestamp&quot;:&quot;0&quot;,&quot;copyright&quot;:&quot;&quot;,&quot;focal_length&quot;:&quot;0&quot;,&quot;iso&quot;:&quot;0&quot;,&quot;shutter_speed&quot;:&quot;0&quot;,&quot;title&quot;:&quot;&quot;}\" data-image-title=\"\" data-image-description=\"\" data-medium-file=\"https:\/\/i0.wp.com\/www.dalmatiner-sachsen-anhalt.de\/blog\/wp-content\/uploads\/2014\/04\/comtess-vds-und-skip.jpg?fit=225%2C300&#038;ssl=1\" data-large-file=\"https:\/\/i0.wp.com\/www.dalmatiner-sachsen-anhalt.de\/blog\/wp-content\/uploads\/2014\/04\/comtess-vds-und-skip.jpg?fit=584%2C779&#038;ssl=1\" style=\"margin: 2px\" src=\"https:\/\/i0.wp.com\/www.dalmatiner-sachsen-anhalt.de\/blog\/wp-content\/uploads\/2014\/04\/comtess-vds-und-skip-190x190.jpg\" width=190 height=190 title=\"\" \/><\/a><div class=\"tiled-gallery-caption\">Comtess vdS mit Skip<\/div><\/div><div class=\"tiled-gallery-item\"><a border=\"0\" href=\"https:\/\/i0.wp.com\/www.dalmatiner-sachsen-anhalt.de\/blog\/wp-content\/uploads\/2014\/04\/calimero-vds-mit-ondra.jpg?ssl=1\"><img data-attachment-id=\"6040\" data-orig-file=\"https:\/\/www.dalmatiner-sachsen-anhalt.de\/blog\/wp-content\/uploads\/2014\/04\/calimero-vds-mit-ondra.jpg\" data-orig-size=\"2048,1536\" data-comments-opened=\"1\" data-image-meta=\"{&quot;aperture&quot;:&quot;0&quot;,&quot;credit&quot;:&quot;&quot;,&quot;camera&quot;:&quot;&quot;,&quot;caption&quot;:&quot;&quot;,&quot;created_timestamp&quot;:&quot;0&quot;,&quot;copyright&quot;:&quot;&quot;,&quot;focal_length&quot;:&quot;0&quot;,&quot;iso&quot;:&quot;0&quot;,&quot;shutter_speed&quot;:&quot;0&quot;,&quot;title&quot;:&quot;&quot;}\" data-image-title=\"\" data-image-description=\"\" data-medium-file=\"https:\/\/i0.wp.com\/www.dalmatiner-sachsen-anhalt.de\/blog\/wp-content\/uploads\/2014\/04\/calimero-vds-mit-ondra.jpg?fit=300%2C225&#038;ssl=1\" data-large-file=\"https:\/\/i0.wp.com\/www.dalmatiner-sachsen-anhalt.de\/blog\/wp-content\/uploads\/2014\/04\/calimero-vds-mit-ondra.jpg?fit=584%2C438&#038;ssl=1\" style=\"margin: 2px\" src=\"https:\/\/i0.wp.com\/www.dalmatiner-sachsen-anhalt.de\/blog\/wp-content\/uploads\/2014\/04\/calimero-vds-mit-ondra-190x190.jpg\" width=190 height=190 title=\"\" \/><\/a><div class=\"tiled-gallery-caption\">Calimero vdS mit seiner Sch\u00e4ferh\u00fcndin Ondra<\/div><\/div><div class=\"tiled-gallery-item\"><a border=\"0\" href=\"https:\/\/i0.wp.com\/www.dalmatiner-sachsen-anhalt.de\/blog\/wp-content\/uploads\/2014\/04\/Caruso-vds-14m-mit-freund.jpg?ssl=1\"><img data-attachment-id=\"6046\" data-orig-file=\"https:\/\/www.dalmatiner-sachsen-anhalt.de\/blog\/wp-content\/uploads\/2014\/04\/Caruso-vds-14m-mit-freund.jpg\" data-orig-size=\"540,959\" data-comments-opened=\"1\" data-image-meta=\"{&quot;aperture&quot;:&quot;0&quot;,&quot;credit&quot;:&quot;&quot;,&quot;camera&quot;:&quot;&quot;,&quot;caption&quot;:&quot;&quot;,&quot;created_timestamp&quot;:&quot;0&quot;,&quot;copyright&quot;:&quot;&quot;,&quot;focal_length&quot;:&quot;0&quot;,&quot;iso&quot;:&quot;0&quot;,&quot;shutter_speed&quot;:&quot;0&quot;,&quot;title&quot;:&quot;&quot;}\" data-image-title=\"\" data-image-description=\"\" data-medium-file=\"https:\/\/i0.wp.com\/www.dalmatiner-sachsen-anhalt.de\/blog\/wp-content\/uploads\/2014\/04\/Caruso-vds-14m-mit-freund.jpg?fit=168%2C300&#038;ssl=1\" data-large-file=\"https:\/\/i0.wp.com\/www.dalmatiner-sachsen-anhalt.de\/blog\/wp-content\/uploads\/2014\/04\/Caruso-vds-14m-mit-freund.jpg?fit=540%2C959&#038;ssl=1\" style=\"margin: 2px\" src=\"https:\/\/i0.wp.com\/www.dalmatiner-sachsen-anhalt.de\/blog\/wp-content\/uploads\/2014\/04\/Caruso-vds-14m-mit-freund-190x190.jpg\" width=190 height=190 title=\"\" \/><\/a><div class=\"tiled-gallery-caption\">Caruso vdS mit seinem Kater<\/div><\/div><\/div>\n","protected":false},"excerpt":{"rendered":"<p>Hier ein paar neue Fotos von den Sandst&#252;cken: Calimero, Caruso und Comtess &#8211; da sind sie 14 Monate alt, in ihrem neuen Zuhause. Wir wollen gerne Stehbilder, von der Seite betrachtet. Vielleicht klappt das ja einmal. A &amp; A<\/p>\n","protected":false},"author":1,"featured_media":6040,"comment_status":"open","ping_status":"open","sticky":false,"template":"","format":"standard","meta":{"jetpack_post_was_ever_published":false,"jetpack_publicize_message":"","jetpack_is_tweetstorm":false,"jetpack_publicize_feature_enabled":true,"jetpack_social_post_already_shared":true,"jetpack_social_options":[]},"categories":[856,1001,1000,996,371,3],"tags":[35,400],"jetpack_publicize_connections":[],"jetpack_featured_media_url":"https:\/\/i0.wp.com\/www.dalmatiner-sachsen-anhalt.de\/blog\/wp-content\/uploads\/2014\/04\/calimero-vds-mit-ondra.jpg?fit=2048%2C1536&ssl=1","jetpack_shortlink":"https:\/\/wp.me\/px1eF-1zo","jetpack_sharing_enabled":true,"jetpack_likes_enabled":true,"jetpack-related-posts":[{"id":5981,"url":"https:\/\/www.dalmatiner-sachsen-anhalt.de\/blog\/5981\/","url_meta":{"origin":6038,"position":0},"title":"Alles Gute zum Geburtstag","date":"22. Januar 2014","format":false,"excerpt":"Der C-Wurf wird heute schon 1 Jahr alt - herzliche Gl\u00fcckw\u00fcnsche gehen an Carlotta, Calimero, Caruso, Charming Merlin, Collin a. Spike und Comtess. La\u00dft Euch heute richtig sch\u00f6n von Euren Familien verw\u00f6hnen :-) Wir freuen uns auf ein Wiedersehen mit Euch und senden liebe Gr\u00fc\u00dfe aus Schermen.","rel":"","context":"In &quot;Calimero&quot;","img":{"alt_text":"Geburtstag-c-wurf-dalmatiner-von-den-sandstuecken","src":"https:\/\/i0.wp.com\/www.dalmatiner-sachsen-anhalt.de\/blog\/wp-content\/uploads\/2014\/01\/Geburtstag-c-wurf.jpg?resize=350%2C200","width":350,"height":200},"classes":[]},{"id":6310,"url":"https:\/\/www.dalmatiner-sachsen-anhalt.de\/blog\/6310\/","url_meta":{"origin":6038,"position":1},"title":"Geburtstag C-Wurf vdS","date":"22. Januar 2016","format":false,"excerpt":"\u00a0 Herzlichen Gl\u00fcckwunsch an den C-Wurf \"von den Sandst\u00fccken\". Carlotta, Comtess, Caruso, Calimero, Collin und Charming Merlin werden heute 3 Jahre alt. M\u00f6get Ihr noch lange gesund und munter umherspringen. Wir freuen uns auf ein Wiedersehen mit Euch und Euren lieben Menschen. La\u00dft Euch knuddeln und heute ganz besonders doll\u2026","rel":"","context":"In &quot;C-Wurf&quot;","img":{"alt_text":"dalmatiner-welpen-vdS-tag20_1689","src":"https:\/\/i0.wp.com\/www.dalmatiner-sachsen-anhalt.de\/blog\/wp-content\/uploads\/2013\/02\/dalmatiner-welpen-vdS-tag20_1689.jpg?fit=1154%2C768&ssl=1&resize=350%2C200","width":350,"height":200},"classes":[]},{"id":7647,"url":"https:\/\/www.dalmatiner-sachsen-anhalt.de\/blog\/7647\/","url_meta":{"origin":6038,"position":2},"title":"Geburtstag C-Wurf vdS","date":"22. Januar 2021","format":false,"excerpt":"Happy Birthday \ud83c\udf57\ud83c\udf56\ud83d\udc9d auch von uns alles Liebe zum 8. Wurftag (Geburtstag).","rel":"","context":"In &quot;C-Wurf&quot;","img":{"alt_text":"","src":"https:\/\/i0.wp.com\/www.dalmatiner-sachsen-anhalt.de\/blog\/wp-content\/uploads\/2021\/01\/IMG-20210122-WA0001-1.jpg?resize=350%2C200&ssl=1","width":350,"height":200},"classes":[]},{"id":4808,"url":"https:\/\/www.dalmatiner-sachsen-anhalt.de\/blog\/4808\/","url_meta":{"origin":6038,"position":3},"title":"Sandst&#252;ckener Wurfkiste Tag 16","date":"7. Februar 2013","format":false,"excerpt":"\u00a0 Die Welpen Charming Merlin und Caruso vdS schauen erstaunt zu, wie ihre Mama Athene die Milch s\u00e4uft (und durch die Gegend spritzt). Anschlie\u00dfend saufen die Welpen (an Mamas Milchbar) und Calimero vdS bekommt eine sch\u00f6ne Bauchmassage. Kinder- Besuch war auch schon f\u00fcr die Welpen da.","rel":"","context":"In &quot;Athene&quot;","img":{"alt_text":"","src":"https:\/\/i0.wp.com\/www.dalmatiner-sachsen-anhalt.de\/blog\/wp-content\/uploads\/2013\/02\/dalmatiner-welpen-vds-tag15_1531.jpg?fit=1154%2C768&ssl=1&resize=350%2C200","width":350,"height":200},"classes":[]},{"id":4800,"url":"https:\/\/www.dalmatiner-sachsen-anhalt.de\/blog\/4800\/","url_meta":{"origin":6038,"position":4},"title":"Fr&#252;hst&#252;ck war schon","date":"6. Februar 2013","format":false,"excerpt":"\u00a0 Nach dem heutigen Fr\u00fchst\u00fcck wird gerade ausgiebig geschlafen, gekuschelt und gewachsen. Jetzt beginnt die 3. Lebenswoche der Welpen.","rel":"","context":"In &quot;Athene&quot;","img":{"alt_text":"","src":"https:\/\/i0.wp.com\/www.dalmatiner-sachsen-anhalt.de\/blog\/wp-content\/uploads\/2013\/02\/dalmatiner-welpen-vds-tag15_1488.jpg?fit=1154%2C768&ssl=1&resize=350%2C200","width":350,"height":200},"classes":[]},{"id":4944,"url":"https:\/\/www.dalmatiner-sachsen-anhalt.de\/blog\/4944\/","url_meta":{"origin":6038,"position":5},"title":"Kuscheln mit Mama Athene","date":"15. Februar 2013","format":false,"excerpt":"\u00a0 \"Mama ich muss dir was erz\u00e4hlen\", scheint Carlotta zu Mama Athene zu sagen. \u00a0","rel":"","context":"In &quot;A-Wurf&quot;","img":{"alt_text":"","src":"https:\/\/i0.wp.com\/www.dalmatiner-sachsen-anhalt.de\/blog\/wp-content\/uploads\/2013\/02\/IMG_0834-383x255.jpg?resize=350%2C200","width":350,"height":200},"classes":[]}],"_links":{"self":[{"href":"https:\/\/www.dalmatiner-sachsen-anhalt.de\/blog\/wp-json\/wp\/v2\/posts\/6038"}],"collection":[{"href":"https:\/\/www.dalmatiner-sachsen-anhalt.de\/blog\/wp-json\/wp\/v2\/posts"}],"about":[{"href":"https:\/\/www.dalmatiner-sachsen-anhalt.de\/blog\/wp-json\/wp\/v2\/types\/post"}],"author":[{"embeddable":true,"href":"https:\/\/www.dalmatiner-sachsen-anhalt.de\/blog\/wp-json\/wp\/v2\/users\/1"}],"replies":[{"embeddable":true,"href":"https:\/\/www.dalmatiner-sachsen-anhalt.de\/blog\/wp-json\/wp\/v2\/comments?post=6038"}],"version-history":[{"count":10,"href":"https:\/\/www.dalmatiner-sachsen-anhalt.de\/blog\/wp-json\/wp\/v2\/posts\/6038\/revisions"}],"predecessor-version":[{"id":6052,"href":"https:\/\/www.dalmatiner-sachsen-anhalt.de\/blog\/wp-json\/wp\/v2\/posts\/6038\/revisions\/6052"}],"wp:featuredmedia":[{"embeddable":true,"href":"https:\/\/www.dalmatiner-sachsen-anhalt.de\/blog\/wp-json\/wp\/v2\/media\/6040"}],"wp:attachment":[{"href":"https:\/\/www.dalmatiner-sachsen-anhalt.de\/blog\/wp-json\/wp\/v2\/media?parent=6038"}],"wp:term":[{"taxonomy":"category","embeddable":true,"href":"https:\/\/www.dalmatiner-sachsen-anhalt.de\/blog\/wp-json\/wp\/v2\/categories?post=6038"},{"taxonomy":"post_tag","embeddable":true,"href":"https:\/\/www.dalmatiner-sachsen-anhalt.de\/blog\/wp-json\/wp\/v2\/tags?post=6038"}],"curies":[{"name":"wp","href":"https:\/\/api.w.org\/{rel}","templated":true}]}}