{"id":6055,"date":"2014-04-14T09:56:53","date_gmt":"2014-04-14T07:56:53","guid":{"rendered":"http:\/\/www.dalmatiner-sachsen-anhalt.de\/blog\/?p=6055"},"modified":"2014-04-14T10:06:14","modified_gmt":"2014-04-14T08:06:14","slug":"chemnitz-ira-2014","status":"publish","type":"post","link":"https:\/\/www.dalmatiner-sachsen-anhalt.de\/blog\/6055\/","title":{"rendered":"Chemnitz IRA 2014"},"content":{"rendered":"<p style=\"text-align: center;\">Wir waren mit den Dalmis zur Ausstellung in Chemnitz. Unsere &#8220;Hummel vom Magdeburger Domfelsen&#8221; war nur <strong>Beobachter<\/strong>.<\/p>\n<div id=\"attachment_6057\" style=\"width: 310px\" class=\"wp-caption aligncenter\"><a href=\"https:\/\/i0.wp.com\/www.dalmatiner-sachsen-anhalt.de\/blog\/wp-content\/uploads\/2014\/04\/IMG_0360.jpg?ssl=1\"><img aria-describedby=\"caption-attachment-6057\" data-attachment-id=\"6057\" data-permalink=\"https:\/\/www.dalmatiner-sachsen-anhalt.de\/blog\/6055\/img_0360\/\" data-orig-file=\"https:\/\/i0.wp.com\/www.dalmatiner-sachsen-anhalt.de\/blog\/wp-content\/uploads\/2014\/04\/IMG_0360.jpg?fit=1154%2C768&amp;ssl=1\" data-orig-size=\"1154,768\" data-comments-opened=\"1\" data-image-meta=\"{&quot;aperture&quot;:&quot;5.6&quot;,&quot;credit&quot;:&quot;&quot;,&quot;camera&quot;:&quot;Canon EOS 1000D&quot;,&quot;caption&quot;:&quot;&quot;,&quot;created_timestamp&quot;:&quot;1397295485&quot;,&quot;copyright&quot;:&quot;&quot;,&quot;focal_length&quot;:&quot;184&quot;,&quot;iso&quot;:&quot;400&quot;,&quot;shutter_speed&quot;:&quot;0.016666666666667&quot;,&quot;title&quot;:&quot;&quot;}\" data-image-title=\"Hummel Chemnitz\" data-image-description=\"\" data-image-caption=\"\" data-medium-file=\"https:\/\/i0.wp.com\/www.dalmatiner-sachsen-anhalt.de\/blog\/wp-content\/uploads\/2014\/04\/IMG_0360.jpg?fit=300%2C199&amp;ssl=1\" data-large-file=\"https:\/\/i0.wp.com\/www.dalmatiner-sachsen-anhalt.de\/blog\/wp-content\/uploads\/2014\/04\/IMG_0360.jpg?fit=584%2C388&amp;ssl=1\" decoding=\"async\" loading=\"lazy\" class=\"size-medium wp-image-6057\" alt=\"Hummel-Chemnitz\" src=\"https:\/\/i0.wp.com\/www.dalmatiner-sachsen-anhalt.de\/blog\/wp-content\/uploads\/2014\/04\/IMG_0360.jpg?resize=300%2C199&#038;ssl=1\" width=\"300\" height=\"199\" srcset=\"https:\/\/i0.wp.com\/www.dalmatiner-sachsen-anhalt.de\/blog\/wp-content\/uploads\/2014\/04\/IMG_0360.jpg?resize=300%2C199&amp;ssl=1 300w, https:\/\/i0.wp.com\/www.dalmatiner-sachsen-anhalt.de\/blog\/wp-content\/uploads\/2014\/04\/IMG_0360.jpg?resize=150%2C99&amp;ssl=1 150w, https:\/\/i0.wp.com\/www.dalmatiner-sachsen-anhalt.de\/blog\/wp-content\/uploads\/2014\/04\/IMG_0360.jpg?resize=1024%2C681&amp;ssl=1 1024w, https:\/\/i0.wp.com\/www.dalmatiner-sachsen-anhalt.de\/blog\/wp-content\/uploads\/2014\/04\/IMG_0360.jpg?resize=589%2C391&amp;ssl=1 589w, https:\/\/i0.wp.com\/www.dalmatiner-sachsen-anhalt.de\/blog\/wp-content\/uploads\/2014\/04\/IMG_0360.jpg?resize=450%2C300&amp;ssl=1 450w, https:\/\/i0.wp.com\/www.dalmatiner-sachsen-anhalt.de\/blog\/wp-content\/uploads\/2014\/04\/IMG_0360.jpg?w=1154&amp;ssl=1 1154w\" sizes=\"(max-width: 300px) 100vw, 300px\" data-recalc-dims=\"1\" \/><\/a><p id=\"caption-attachment-6057\" class=\"wp-caption-text\">Hummel<\/p><\/div>\n<p>Unsere &#8220;Athene von den Sandst&#252;cken&#8221; erreichte bei der SRA am Samstag ein V2 in der Offenen Klasse und am Sonntag &#8211; bei der IRA (Leos Jancik) &#8211; konnte sie sich unter 14 H&#252;ndinnen mit einem V3 durchsetzen. Wir sind sehr zufrieden mit diesem tollen Ergebnis \ud83d\ude42<\/p>\n<div id=\"attachment_6056\" style=\"width: 310px\" class=\"wp-caption aligncenter\"><a href=\"https:\/\/i0.wp.com\/www.dalmatiner-sachsen-anhalt.de\/blog\/wp-content\/uploads\/2014\/04\/IMG_0443.jpg?ssl=1\"><img aria-describedby=\"caption-attachment-6056\" data-attachment-id=\"6056\" data-permalink=\"https:\/\/www.dalmatiner-sachsen-anhalt.de\/blog\/6055\/img_0443\/\" data-orig-file=\"https:\/\/i0.wp.com\/www.dalmatiner-sachsen-anhalt.de\/blog\/wp-content\/uploads\/2014\/04\/IMG_0443.jpg?fit=1152%2C768&amp;ssl=1\" data-orig-size=\"1152,768\" data-comments-opened=\"1\" data-image-meta=\"{&quot;aperture&quot;:&quot;5.6&quot;,&quot;credit&quot;:&quot;&quot;,&quot;camera&quot;:&quot;Canon EOS 1000D&quot;,&quot;caption&quot;:&quot;&quot;,&quot;created_timestamp&quot;:&quot;1397392267&quot;,&quot;copyright&quot;:&quot;&quot;,&quot;focal_length&quot;:&quot;154&quot;,&quot;iso&quot;:&quot;1600&quot;,&quot;shutter_speed&quot;:&quot;0.066666666666667&quot;,&quot;title&quot;:&quot;&quot;}\" data-image-title=\"Athene vdS &#8211; Chemnitz\" data-image-description=\"\" data-image-caption=\"\" data-medium-file=\"https:\/\/i0.wp.com\/www.dalmatiner-sachsen-anhalt.de\/blog\/wp-content\/uploads\/2014\/04\/IMG_0443.jpg?fit=300%2C200&amp;ssl=1\" data-large-file=\"https:\/\/i0.wp.com\/www.dalmatiner-sachsen-anhalt.de\/blog\/wp-content\/uploads\/2014\/04\/IMG_0443.jpg?fit=584%2C389&amp;ssl=1\" decoding=\"async\" loading=\"lazy\" class=\"size-medium wp-image-6056\" alt=\"Athene vdS - Chemnitz\" src=\"https:\/\/i0.wp.com\/www.dalmatiner-sachsen-anhalt.de\/blog\/wp-content\/uploads\/2014\/04\/IMG_0443.jpg?resize=300%2C200&#038;ssl=1\" width=\"300\" height=\"200\" srcset=\"https:\/\/i0.wp.com\/www.dalmatiner-sachsen-anhalt.de\/blog\/wp-content\/uploads\/2014\/04\/IMG_0443.jpg?resize=300%2C200&amp;ssl=1 300w, https:\/\/i0.wp.com\/www.dalmatiner-sachsen-anhalt.de\/blog\/wp-content\/uploads\/2014\/04\/IMG_0443.jpg?resize=150%2C100&amp;ssl=1 150w, https:\/\/i0.wp.com\/www.dalmatiner-sachsen-anhalt.de\/blog\/wp-content\/uploads\/2014\/04\/IMG_0443.jpg?resize=1024%2C682&amp;ssl=1 1024w, https:\/\/i0.wp.com\/www.dalmatiner-sachsen-anhalt.de\/blog\/wp-content\/uploads\/2014\/04\/IMG_0443.jpg?resize=589%2C392&amp;ssl=1 589w, https:\/\/i0.wp.com\/www.dalmatiner-sachsen-anhalt.de\/blog\/wp-content\/uploads\/2014\/04\/IMG_0443.jpg?resize=450%2C300&amp;ssl=1 450w, https:\/\/i0.wp.com\/www.dalmatiner-sachsen-anhalt.de\/blog\/wp-content\/uploads\/2014\/04\/IMG_0443.jpg?w=1152&amp;ssl=1 1152w\" sizes=\"(max-width: 300px) 100vw, 300px\" data-recalc-dims=\"1\" \/><\/a><p id=\"caption-attachment-6056\" class=\"wp-caption-text\">Athene vdS &#8211; V2<\/p><\/div>\n","protected":false},"excerpt":{"rendered":"<p>Wir waren mit den Dalmis zur Ausstellung in Chemnitz. Unsere &#8220;Hummel vom Magdeburger Domfelsen&#8221; war nur Beobachter. Unsere &#8220;Athene von den Sandst&#252;cken&#8221; erreichte bei der SRA am Samstag ein V2 in der Offenen Klasse und am Sonntag &#8211; bei der &hellip; <a href=\"https:\/\/www.dalmatiner-sachsen-anhalt.de\/blog\/6055\/\">Continue reading <span class=\"meta-nav\">&rarr;<\/span><\/a><\/p>\n","protected":false},"author":1,"featured_media":0,"comment_status":"open","ping_status":"open","sticky":false,"template":"","format":"standard","meta":{"jetpack_post_was_ever_published":false,"jetpack_publicize_message":"","jetpack_is_tweetstorm":false,"jetpack_publicize_feature_enabled":true,"jetpack_social_post_already_shared":true,"jetpack_social_options":[]},"categories":[112,391,1157,16,3],"tags":[1159,1161,9,1162],"jetpack_publicize_connections":[],"jetpack_featured_media_url":"","jetpack_shortlink":"https:\/\/wp.me\/px1eF-1zF","jetpack_sharing_enabled":true,"jetpack_likes_enabled":true,"jetpack-related-posts":[{"id":3697,"url":"https:\/\/www.dalmatiner-sachsen-anhalt.de\/blog\/3697\/","url_meta":{"origin":6055,"position":0},"title":"IZH Hannover 2011","date":"24. Oktober 2011","format":false,"excerpt":"Bei der Internationalen Ausstellung f\u00fcr Hunde aller Rassen in Hannover erreichete Athene von den Sandst\u00fccken ein \"vorz\u00fcglich\" in der Offenen Klasse. Und Bennet von den Sandst\u00fccken ein erhielt ein \"sehr gut\". Es war sein 1. Auftritt in der Jugendklasse. Wir freuen uns \u00fcber dieses tolle Ergebnis. Es war auch insgesamt\u2026","rel":"","context":"In &quot;Athene&quot;","img":{"alt_text":"","src":"https:\/\/i0.wp.com\/www.dalmatiner-sachsen-anhalt.de\/blog\/wp-content\/uploads\/2011\/10\/IMG_3350-383x255.jpg?resize=350%2C200","width":350,"height":200},"classes":[]},{"id":6152,"url":"https:\/\/www.dalmatiner-sachsen-anhalt.de\/blog\/6152\/","url_meta":{"origin":6055,"position":1},"title":"Sandst&#252;ckchen in Chemnitz zur 6. IRA","date":"19. April 2015","format":false,"excerpt":"\u00a0 Bei der IRA belegte unsere \"Athene von den Sandst\u00fccken\" den 2. Platz in der offenen Klasse (von 12 H.). Wir sind ganz stolz auf unsere Maus. Ihre Schwester\u00a0\"Antonia von den Sandst\u00fccken\" startete in der OKL und erhielt ein SG. Prima gemacht Denise. :-)","rel":"","context":"In &quot;Antonia&quot;","img":{"alt_text":"","src":"https:\/\/i0.wp.com\/www.dalmatiner-sachsen-anhalt.de\/blog\/wp-content\/uploads\/2015\/04\/chemnitz-DSC00827-578x578.jpg?resize=350%2C200","width":350,"height":200},"classes":[]},{"id":3502,"url":"https:\/\/www.dalmatiner-sachsen-anhalt.de\/blog\/3502\/","url_meta":{"origin":6055,"position":2},"title":"Ostern 2011","date":"23. April 2011","format":false,"excerpt":"Bei herrlichem Sonnenschein w\u00fcnschen wir allen Dalmatiner - Freunden und Bekannten ein \"Frohes Osterfest!\"","rel":"","context":"In &quot;A-Wurf&quot;","img":{"alt_text":"","src":"https:\/\/i0.wp.com\/www.dalmatiner-sachsen-anhalt.de\/blog\/wp-content\/uploads\/2011\/04\/ostern_IMG_8994-1024x681.jpg?resize=350%2C200","width":350,"height":200},"classes":[]},{"id":3639,"url":"https:\/\/www.dalmatiner-sachsen-anhalt.de\/blog\/3639\/","url_meta":{"origin":6055,"position":3},"title":"16. Nationale &#038; Internationale Ausstellung Leipzig","date":"21. August 2011","format":false,"excerpt":"Es war ein tolles Wochenende in Leipzig. Bei wundersch\u00f6nem Wetter trafen wir Bennet vdS mit seiner Familie und hatten viel Freude beim Ausstellen unserer Hunde, beim Spazierengehen vor und nach den Ausstellungen und bei den gemeinsamen Aktivit\u00e4ten in der freien Zeit. Bennet konnte bei seiner 1. Ausstellung ein \"vv2\" erreichen\u2026","rel":"","context":"In &quot;A-Wurf&quot;","img":{"alt_text":"","src":"https:\/\/i0.wp.com\/www.dalmatiner-sachsen-anhalt.de\/blog\/wp-content\/uploads\/2011\/08\/IMG_1554-383x255.jpg?resize=350%2C200","width":350,"height":200},"classes":[]},{"id":6103,"url":"https:\/\/www.dalmatiner-sachsen-anhalt.de\/blog\/6103\/","url_meta":{"origin":6055,"position":4},"title":"Athene hat Geburtstag&#8230;","date":"8. Juni 2014","format":false,"excerpt":"\u00a0 ...und sie wird heute 5 Jahre alt. Sie ist die Mutter des C-Wurfes unserer Zuchtst\u00e4tte. Wir gratulieren unserer geliebten Punkte-Maus und ihren Wurfgeschwistern Ares, Attila, Amigo, Aslan, Aaron, Amelie und Antonia <3 Mama Hummel singt ein Geburtstagsst\u00e4ndchen. Anschlie\u00dfend wird gemeinsam gefr\u00fchst\u00fcckt. :-) \u00a0 \u00a0","rel":"","context":"In &quot;A-Wurf&quot;","img":{"alt_text":"IMG_1261-gemeinsames-fruehsteck","src":"https:\/\/i0.wp.com\/www.dalmatiner-sachsen-anhalt.de\/blog\/wp-content\/uploads\/2014\/06\/IMG_1261.jpg?fit=1154%2C768&ssl=1&resize=350%2C200","width":350,"height":200},"classes":[]},{"id":3943,"url":"https:\/\/www.dalmatiner-sachsen-anhalt.de\/blog\/3943\/","url_meta":{"origin":6055,"position":5},"title":"Bianca- Lieber Besuch","date":"27. M&auml;rz 2012","format":false,"excerpt":"Vor einiger Zeit besuchte uns Bianca vdS mit ihrer lieben Familie. Sie hat sich prima entwickelt und ist immernoch ein kleiner Wirbelwind. Nach anf\u00e4nglichen Erziehungsversuchen tobten Athene und Hummel ausgelassen mit ihr \u00fcber die Wiesen. Wir haben uns sehr gefreut und hoffen alle bald wiederzusehen.","rel":"","context":"In &quot;A-Wurf&quot;","img":{"alt_text":"","src":"https:\/\/i0.wp.com\/www.dalmatiner-sachsen-anhalt.de\/blog\/wp-content\/uploads\/2012\/03\/besuch-bianca_0785-383x255.jpg?resize=350%2C200","width":350,"height":200},"classes":[]}],"_links":{"self":[{"href":"https:\/\/www.dalmatiner-sachsen-anhalt.de\/blog\/wp-json\/wp\/v2\/posts\/6055"}],"collection":[{"href":"https:\/\/www.dalmatiner-sachsen-anhalt.de\/blog\/wp-json\/wp\/v2\/posts"}],"about":[{"href":"https:\/\/www.dalmatiner-sachsen-anhalt.de\/blog\/wp-json\/wp\/v2\/types\/post"}],"author":[{"embeddable":true,"href":"https:\/\/www.dalmatiner-sachsen-anhalt.de\/blog\/wp-json\/wp\/v2\/users\/1"}],"replies":[{"embeddable":true,"href":"https:\/\/www.dalmatiner-sachsen-anhalt.de\/blog\/wp-json\/wp\/v2\/comments?post=6055"}],"version-history":[{"count":9,"href":"https:\/\/www.dalmatiner-sachsen-anhalt.de\/blog\/wp-json\/wp\/v2\/posts\/6055\/revisions"}],"predecessor-version":[{"id":6066,"href":"https:\/\/www.dalmatiner-sachsen-anhalt.de\/blog\/wp-json\/wp\/v2\/posts\/6055\/revisions\/6066"}],"wp:attachment":[{"href":"https:\/\/www.dalmatiner-sachsen-anhalt.de\/blog\/wp-json\/wp\/v2\/media?parent=6055"}],"wp:term":[{"taxonomy":"category","embeddable":true,"href":"https:\/\/www.dalmatiner-sachsen-anhalt.de\/blog\/wp-json\/wp\/v2\/categories?post=6055"},{"taxonomy":"post_tag","embeddable":true,"href":"https:\/\/www.dalmatiner-sachsen-anhalt.de\/blog\/wp-json\/wp\/v2\/tags?post=6055"}],"curies":[{"name":"wp","href":"https:\/\/api.w.org\/{rel}","templated":true}]}}