{"id":6172,"date":"2015-06-27T20:50:03","date_gmt":"2015-06-27T18:50:03","guid":{"rendered":"http:\/\/www.dalmatiner-sachsen-anhalt.de\/blog\/?p=6172"},"modified":"2015-06-27T21:02:19","modified_gmt":"2015-06-27T19:02:19","slug":"ausstellung-barleben-7-6-2015","status":"publish","type":"post","link":"https:\/\/www.dalmatiner-sachsen-anhalt.de\/blog\/6172\/","title":{"rendered":"Ausstellung Barleben 7.6.2015"},"content":{"rendered":"<p><strong>Vereinssiegerausstellung Barleben 2015<\/strong><\/p>\n<ul>\n<li><strong>Athene<\/strong> von den Sandst&#252;cken (6 Jahre \u2013 <strong>OKl) \u2013 vorz&#252;glich <\/strong><strong>(V1)<\/strong><\/li>\n<li><strong>Antonia\u00a0<\/strong>von den Sandst&#252;cken (6 Jahre \u2013 <strong>OKl) \u2013 sehr gut\u00a0<\/strong><strong>(sg)<\/strong><\/li>\n<li><strong>Collin<\/strong> aka Spike\u00a0von den Sandst&#252;cken (2 Jahre 5 Monate \u2013 <strong>OKl) \u2013 gut\u00a0<\/strong><strong>(g)<\/strong><\/li>\n<\/ul>\n<div data-carousel-extra='{\"blog_id\":1,\"permalink\":\"https:\\\/\\\/www.dalmatiner-sachsen-anhalt.de\\\/blog\\\/6172\\\/\"}' class=\"tiled-gallery type-rectangular\" data-original-width=\"584\"><div class=\"gallery-row\" style=\"width: 579px; height: 255px;\"><div class=\"gallery-group images-1\" style=\"width: 387px; height: 259px;\"><div class=\"tiled-gallery-item tiled-gallery-item-large\"><a href=\"https:\/\/www.dalmatiner-sachsen-anhalt.de\/blog\/6172\/antonia-img_3780\/\"><img data-attachment-id=\"6179\" data-orig-file=\"https:\/\/www.dalmatiner-sachsen-anhalt.de\/blog\/wp-content\/uploads\/2015\/06\/antonia-IMG_3780.jpg\" data-orig-size=\"1154,768\" data-comments-opened=\"1\" data-image-meta=\"{&quot;aperture&quot;:&quot;6.3&quot;,&quot;credit&quot;:&quot;&quot;,&quot;camera&quot;:&quot;Canon EOS 1000D&quot;,&quot;caption&quot;:&quot;&quot;,&quot;created_timestamp&quot;:&quot;1433689791&quot;,&quot;copyright&quot;:&quot;&quot;,&quot;focal_length&quot;:&quot;100&quot;,&quot;iso&quot;:&quot;400&quot;,&quot;shutter_speed&quot;:&quot;0.00125&quot;,&quot;title&quot;:&quot;&quot;,&quot;orientation&quot;:&quot;1&quot;}\" data-image-title=\"antonia IMG_3780\" data-image-description=\"\" data-medium-file=\"https:\/\/i0.wp.com\/www.dalmatiner-sachsen-anhalt.de\/blog\/wp-content\/uploads\/2015\/06\/antonia-IMG_3780.jpg?fit=300%2C200&#038;ssl=1\" data-large-file=\"https:\/\/i0.wp.com\/www.dalmatiner-sachsen-anhalt.de\/blog\/wp-content\/uploads\/2015\/06\/antonia-IMG_3780.jpg?fit=584%2C388&#038;ssl=1\" src=\"https:\/\/i0.wp.com\/www.dalmatiner-sachsen-anhalt.de\/blog\/wp-content\/uploads\/2015\/06\/antonia-IMG_3780-383x255.jpg\" width=\"383\" height=\"255\" align=\"left\" title=\"antonia IMG_3780\" \/><\/a><div class=\"tiled-gallery-caption\">Antonia von den Sandst\u00fccken<\/div><\/div><\/div><div class=\"gallery-group images-2\" style=\"width: 192px; height: 259px;\"><div class=\"tiled-gallery-item tiled-gallery-item-small\"><a href=\"https:\/\/www.dalmatiner-sachsen-anhalt.de\/blog\/6172\/athene-v1-img_3799\/\"><img data-attachment-id=\"6180\" data-orig-file=\"https:\/\/www.dalmatiner-sachsen-anhalt.de\/blog\/wp-content\/uploads\/2015\/06\/athene-v1-IMG_3799.jpg\" data-orig-size=\"1154,768\" data-comments-opened=\"1\" data-image-meta=\"{&quot;aperture&quot;:&quot;5.6&quot;,&quot;credit&quot;:&quot;&quot;,&quot;camera&quot;:&quot;Canon EOS 1000D&quot;,&quot;caption&quot;:&quot;&quot;,&quot;created_timestamp&quot;:&quot;1433690535&quot;,&quot;copyright&quot;:&quot;&quot;,&quot;focal_length&quot;:&quot;100&quot;,&quot;iso&quot;:&quot;400&quot;,&quot;shutter_speed&quot;:&quot;0.00125&quot;,&quot;title&quot;:&quot;&quot;,&quot;orientation&quot;:&quot;1&quot;}\" data-image-title=\"athene v1 IMG_3799\" data-image-description=\"\" data-medium-file=\"https:\/\/i0.wp.com\/www.dalmatiner-sachsen-anhalt.de\/blog\/wp-content\/uploads\/2015\/06\/athene-v1-IMG_3799.jpg?fit=300%2C200&#038;ssl=1\" data-large-file=\"https:\/\/i0.wp.com\/www.dalmatiner-sachsen-anhalt.de\/blog\/wp-content\/uploads\/2015\/06\/athene-v1-IMG_3799.jpg?fit=584%2C388&#038;ssl=1\" src=\"https:\/\/i0.wp.com\/www.dalmatiner-sachsen-anhalt.de\/blog\/wp-content\/uploads\/2015\/06\/athene-v1-IMG_3799-188x126.jpg\" width=\"188\" height=\"126\" align=\"left\" title=\"athene v1 IMG_3799\" \/><\/a><div class=\"tiled-gallery-caption\">Athene von den Sandst\u00fccken<\/div><\/div><div class=\"tiled-gallery-item tiled-gallery-item-small\"><a href=\"https:\/\/www.dalmatiner-sachsen-anhalt.de\/blog\/6172\/spike-img_3586\/\"><img data-attachment-id=\"6188\" data-orig-file=\"https:\/\/www.dalmatiner-sachsen-anhalt.de\/blog\/wp-content\/uploads\/2015\/06\/spike-IMG_3586.jpg\" data-orig-size=\"1154,768\" data-comments-opened=\"1\" data-image-meta=\"{&quot;aperture&quot;:&quot;7.1&quot;,&quot;credit&quot;:&quot;&quot;,&quot;camera&quot;:&quot;Canon EOS 1000D&quot;,&quot;caption&quot;:&quot;&quot;,&quot;created_timestamp&quot;:&quot;1433678357&quot;,&quot;copyright&quot;:&quot;&quot;,&quot;focal_length&quot;:&quot;84&quot;,&quot;iso&quot;:&quot;400&quot;,&quot;shutter_speed&quot;:&quot;0.001&quot;,&quot;title&quot;:&quot;&quot;,&quot;orientation&quot;:&quot;1&quot;}\" data-image-title=\"spike IMG_3586\" data-image-description=\"\" data-medium-file=\"https:\/\/i0.wp.com\/www.dalmatiner-sachsen-anhalt.de\/blog\/wp-content\/uploads\/2015\/06\/spike-IMG_3586.jpg?fit=300%2C200&#038;ssl=1\" data-large-file=\"https:\/\/i0.wp.com\/www.dalmatiner-sachsen-anhalt.de\/blog\/wp-content\/uploads\/2015\/06\/spike-IMG_3586.jpg?fit=584%2C388&#038;ssl=1\" src=\"https:\/\/i0.wp.com\/www.dalmatiner-sachsen-anhalt.de\/blog\/wp-content\/uploads\/2015\/06\/spike-IMG_3586-188x125.jpg\" width=\"188\" height=\"125\" align=\"left\" title=\"spike IMG_3586\" \/><\/a><div class=\"tiled-gallery-caption\">Collin von den Sandst\u00fccken<\/div><\/div><\/div><\/div><div class=\"gallery-row\" style=\"width: 579px; height: 383px;\"><div class=\"gallery-group images-1\" style=\"width: 579px; height: 387px;\"><div class=\"tiled-gallery-item tiled-gallery-item-large\"><a href=\"https:\/\/www.dalmatiner-sachsen-anhalt.de\/blog\/6172\/img_3803\/\"><img data-attachment-id=\"6189\" data-orig-file=\"https:\/\/www.dalmatiner-sachsen-anhalt.de\/blog\/wp-content\/uploads\/2015\/06\/IMG_3803.jpg\" data-orig-size=\"1154,768\" data-comments-opened=\"1\" data-image-meta=\"{&quot;aperture&quot;:&quot;7.1&quot;,&quot;credit&quot;:&quot;&quot;,&quot;camera&quot;:&quot;Canon EOS 1000D&quot;,&quot;caption&quot;:&quot;&quot;,&quot;created_timestamp&quot;:&quot;1433690544&quot;,&quot;copyright&quot;:&quot;&quot;,&quot;focal_length&quot;:&quot;39&quot;,&quot;iso&quot;:&quot;400&quot;,&quot;shutter_speed&quot;:&quot;0.0015625&quot;,&quot;title&quot;:&quot;&quot;,&quot;orientation&quot;:&quot;1&quot;}\" data-image-title=\"1. Platz Athene vdS\" data-image-description=\"\" data-medium-file=\"https:\/\/i0.wp.com\/www.dalmatiner-sachsen-anhalt.de\/blog\/wp-content\/uploads\/2015\/06\/IMG_3803.jpg?fit=300%2C200&#038;ssl=1\" data-large-file=\"https:\/\/i0.wp.com\/www.dalmatiner-sachsen-anhalt.de\/blog\/wp-content\/uploads\/2015\/06\/IMG_3803.jpg?fit=584%2C388&#038;ssl=1\" src=\"https:\/\/i0.wp.com\/www.dalmatiner-sachsen-anhalt.de\/blog\/wp-content\/uploads\/2015\/06\/IMG_3803-575x383.jpg\" width=\"575\" height=\"383\" align=\"left\" title=\"1. Platz Athene vdS\" \/><\/a><div class=\"tiled-gallery-caption\">Richter Jan Coppens<\/div><\/div><\/div><\/div><\/div>\n","protected":false},"excerpt":{"rendered":"<p>Vereinssiegerausstellung Barleben 2015 Athene von den Sandst&#252;cken (6 Jahre \u2013 OKl) \u2013 vorz&#252;glich (V1) Antonia\u00a0von den Sandst&#252;cken (6 Jahre \u2013 OKl) \u2013 sehr gut\u00a0(sg) Collin aka Spike\u00a0von den Sandst&#252;cken (2 Jahre 5 Monate \u2013 OKl) \u2013 gut\u00a0(g)<\/p>\n","protected":false},"author":1,"featured_media":6189,"comment_status":"open","ping_status":"open","sticky":false,"template":"","format":"standard","meta":{"jetpack_post_was_ever_published":false,"jetpack_publicize_message":"","jetpack_is_tweetstorm":false,"jetpack_publicize_feature_enabled":true,"jetpack_social_post_already_shared":true,"jetpack_social_options":[]},"categories":[111,112,391,630,998,3],"tags":[824,39,1151,1185,686],"jetpack_publicize_connections":[],"jetpack_featured_media_url":"https:\/\/i0.wp.com\/www.dalmatiner-sachsen-anhalt.de\/blog\/wp-content\/uploads\/2015\/06\/IMG_3803.jpg?fit=1154%2C768&ssl=1","jetpack_shortlink":"https:\/\/wp.me\/px1eF-1By","jetpack_sharing_enabled":true,"jetpack_likes_enabled":true,"jetpack-related-posts":[{"id":6125,"url":"https:\/\/www.dalmatiner-sachsen-anhalt.de\/blog\/6125\/","url_meta":{"origin":6172,"position":0},"title":"Barleben 2014","date":"29. Juni 2014","format":false,"excerpt":"Eine sch\u00f6ne Ausstellung des DVD in Barleben. Wir haben uns \u00fcber lieben Besuch gefreut. Michaela, Denise und Janine - sch\u00f6n da\u00df Ihr hier ward mit Euren \"Sandst\u00fccken\".","rel":"","context":"In &quot;A-Wurf&quot;","img":{"alt_text":"","src":"https:\/\/i0.wp.com\/www.dalmatiner-sachsen-anhalt.de\/blog\/wp-content\/uploads\/2014\/06\/IMG_1378.jpg?fit=1154%2C768&ssl=1&resize=350%2C200","width":350,"height":200},"classes":[]},{"id":5719,"url":"https:\/\/www.dalmatiner-sachsen-anhalt.de\/blog\/5719\/","url_meta":{"origin":6172,"position":1},"title":"Athene vdS in Bremen 2013","date":"5. August 2013","format":false,"excerpt":"\u00a0 Unsere Athene von den Sandst\u00fccken (4 Jahre) startete in der OKL und erreichte auf der IRA Bremen ein \"V3\", auf der NRA ein \"SG\". :-)","rel":"","context":"In &quot;A-Wurf&quot;","img":{"alt_text":"Athene vdS Bremen 2013","src":"https:\/\/i0.wp.com\/www.dalmatiner-sachsen-anhalt.de\/blog\/wp-content\/uploads\/2013\/08\/Athene-vdS-Bremen-2013.jpg?resize=350%2C200","width":350,"height":200},"classes":[]},{"id":3427,"url":"https:\/\/www.dalmatiner-sachsen-anhalt.de\/blog\/3427\/","url_meta":{"origin":6172,"position":2},"title":"Ausstellung Barleben 2011","date":"20. Juli 2011","format":false,"excerpt":"In Barleben (Juli) wird es eine ganze Anzahl von \"Sandst\u00fccken\" - Dalmis zu sehen geben. Bei dieser Gelegenheit sollen Ares, Amigo und Athene von den Sandst\u00fccken zur Zuchtzulassungspr\u00fcfung vorgestellt werden.[cincopa AgCAAnqbSXn6] Wir freuen uns auf ein Wiedersehen mit Freunden, Bekannten und Hunde-Liebhabern. Ergebnisse und Bilder der Ausstellung mit ZZP gibt\u2026","rel":"","context":"In &quot;A-Wurf&quot;","img":{"alt_text":"","src":"","width":0,"height":0},"classes":[]},{"id":6152,"url":"https:\/\/www.dalmatiner-sachsen-anhalt.de\/blog\/6152\/","url_meta":{"origin":6172,"position":3},"title":"Sandst&#252;ckchen in Chemnitz zur 6. IRA","date":"19. April 2015","format":false,"excerpt":"\u00a0 Bei der IRA belegte unsere \"Athene von den Sandst\u00fccken\" den 2. Platz in der offenen Klasse (von 12 H.). Wir sind ganz stolz auf unsere Maus. Ihre Schwester\u00a0\"Antonia von den Sandst\u00fccken\" startete in der OKL und erhielt ein SG. Prima gemacht Denise. :-)","rel":"","context":"In &quot;Antonia&quot;","img":{"alt_text":"","src":"https:\/\/i0.wp.com\/www.dalmatiner-sachsen-anhalt.de\/blog\/wp-content\/uploads\/2015\/04\/chemnitz-DSC00827-578x578.jpg?resize=350%2C200","width":350,"height":200},"classes":[]},{"id":5653,"url":"https:\/\/www.dalmatiner-sachsen-anhalt.de\/blog\/5653\/","url_meta":{"origin":6172,"position":4},"title":"Die &#8220;Sandst&#252;ckchen&#8221; in Barleben 2013","date":"29. Juli 2013","format":"gallery","excerpt":"\u00a0 Ein wundersch\u00f6nes Wochenende geht zu Ende, Viel lieber Welpenbesuch und eine erfolgreiche Ausstellung in Ebendorf, die trotz Saharahitze von Mensch und Tier gut gemeistert wurde. V3 Athene von 17 H\u00fcndinnen in der offenen Klasse, SG\u00a0Antonia Sandst\u00fcckchen\u00a0in der offenen Klasse, VV2 Charming Merlin in der J\u00fcngsten Klasse , V4 Collin\u2026","rel":"","context":"In &quot;Antonia&quot;","img":{"alt_text":"","src":"https:\/\/i0.wp.com\/www.dalmatiner-sachsen-anhalt.de\/blog\/wp-content\/uploads\/2013\/07\/IMG_5310.jpg?fit=1154%2C768&ssl=1&resize=350%2C200","width":350,"height":200},"classes":[]},{"id":4237,"url":"https:\/\/www.dalmatiner-sachsen-anhalt.de\/blog\/4237\/","url_meta":{"origin":6172,"position":5},"title":"Ausstellung Barleben 2012 &#8211; unsere Ergebnisse","date":"11. Juni 2012","format":"gallery","excerpt":"Die Vereinssieger-Schau des DVD in Barleben fand bei einem super Wetter und in einer sehr sch\u00f6nen Atmosph\u00e4re statt. Wir trafen viele Freunde und Bekannte, und wir m\u00f6chten uns bei Ilona Zoch (Ausstellungsleiterin) und den vielen flei\u00dfigen Helfern bedanken, die allen Ausstellern diese harmonische Veranstaltung erm\u00f6glicht hatten. Mit unseren Hunden konnten\u2026","rel":"","context":"In &quot;Amelie&quot;","img":{"alt_text":"","src":"https:\/\/i0.wp.com\/www.dalmatiner-sachsen-anhalt.de\/blog\/wp-content\/uploads\/2012\/06\/zuchtgruppe_6421.jpg?fit=1154%2C768&ssl=1&resize=350%2C200","width":350,"height":200},"classes":[]}],"_links":{"self":[{"href":"https:\/\/www.dalmatiner-sachsen-anhalt.de\/blog\/wp-json\/wp\/v2\/posts\/6172"}],"collection":[{"href":"https:\/\/www.dalmatiner-sachsen-anhalt.de\/blog\/wp-json\/wp\/v2\/posts"}],"about":[{"href":"https:\/\/www.dalmatiner-sachsen-anhalt.de\/blog\/wp-json\/wp\/v2\/types\/post"}],"author":[{"embeddable":true,"href":"https:\/\/www.dalmatiner-sachsen-anhalt.de\/blog\/wp-json\/wp\/v2\/users\/1"}],"replies":[{"embeddable":true,"href":"https:\/\/www.dalmatiner-sachsen-anhalt.de\/blog\/wp-json\/wp\/v2\/comments?post=6172"}],"version-history":[{"count":9,"href":"https:\/\/www.dalmatiner-sachsen-anhalt.de\/blog\/wp-json\/wp\/v2\/posts\/6172\/revisions"}],"predecessor-version":[{"id":6197,"href":"https:\/\/www.dalmatiner-sachsen-anhalt.de\/blog\/wp-json\/wp\/v2\/posts\/6172\/revisions\/6197"}],"wp:featuredmedia":[{"embeddable":true,"href":"https:\/\/www.dalmatiner-sachsen-anhalt.de\/blog\/wp-json\/wp\/v2\/media\/6189"}],"wp:attachment":[{"href":"https:\/\/www.dalmatiner-sachsen-anhalt.de\/blog\/wp-json\/wp\/v2\/media?parent=6172"}],"wp:term":[{"taxonomy":"category","embeddable":true,"href":"https:\/\/www.dalmatiner-sachsen-anhalt.de\/blog\/wp-json\/wp\/v2\/categories?post=6172"},{"taxonomy":"post_tag","embeddable":true,"href":"https:\/\/www.dalmatiner-sachsen-anhalt.de\/blog\/wp-json\/wp\/v2\/tags?post=6172"}],"curies":[{"name":"wp","href":"https:\/\/api.w.org\/{rel}","templated":true}]}}