{"id":6176,"date":"2015-06-27T21:04:43","date_gmt":"2015-06-27T19:04:43","guid":{"rendered":"http:\/\/www.dalmatiner-sachsen-anhalt.de\/blog\/?p=6176"},"modified":"2015-06-27T21:09:28","modified_gmt":"2015-06-27T19:09:28","slug":"ausstellung-barleben-7-6-2015-2","status":"publish","type":"post","link":"https:\/\/www.dalmatiner-sachsen-anhalt.de\/blog\/6176\/","title":{"rendered":"Ausstellung Barleben 7.6.2015"},"content":{"rendered":"<p>&nbsp;<\/p>\n<p>&#8230;und <strong>Sohnemann Felix<\/strong> erreichte mit unserer<strong> &#8220;Hummel vom Magdeburger Domfelsen&#8221;<\/strong> (10,5 Jahre) in der Gruppe &#8220;Kind mit Hund&#8221; den <strong>1. Platz<\/strong>. Bravo und gut gemacht! \ud83d\ude42<\/p>\n<div data-carousel-extra='{\"blog_id\":1,\"permalink\":\"https:\\\/\\\/www.dalmatiner-sachsen-anhalt.de\\\/blog\\\/6176\\\/\"}' class=\"tiled-gallery type-rectangular\" data-original-width=\"584\"><div class=\"gallery-row\" style=\"width: 579px; height: 255px;\"><div class=\"gallery-group images-1\" style=\"width: 387px; height: 259px;\"><div class=\"tiled-gallery-item tiled-gallery-item-large\"><a href=\"https:\/\/www.dalmatiner-sachsen-anhalt.de\/blog\/6172\/sieger-felix-img_3689\/\"><img data-attachment-id=\"6187\" data-orig-file=\"https:\/\/www.dalmatiner-sachsen-anhalt.de\/blog\/wp-content\/uploads\/2015\/06\/sieger-Felix-IMG_3689.jpg\" data-orig-size=\"1154,768\" data-comments-opened=\"1\" data-image-meta=\"{&quot;aperture&quot;:&quot;10&quot;,&quot;credit&quot;:&quot;&quot;,&quot;camera&quot;:&quot;Canon EOS 1000D&quot;,&quot;caption&quot;:&quot;&quot;,&quot;created_timestamp&quot;:&quot;1433680392&quot;,&quot;copyright&quot;:&quot;&quot;,&quot;focal_length&quot;:&quot;50&quot;,&quot;iso&quot;:&quot;400&quot;,&quot;shutter_speed&quot;:&quot;0.00125&quot;,&quot;title&quot;:&quot;&quot;,&quot;orientation&quot;:&quot;1&quot;}\" data-image-title=\"sieger Felix IMG_3689\" data-image-description=\"\" data-medium-file=\"https:\/\/i0.wp.com\/www.dalmatiner-sachsen-anhalt.de\/blog\/wp-content\/uploads\/2015\/06\/sieger-Felix-IMG_3689.jpg?fit=300%2C200&#038;ssl=1\" data-large-file=\"https:\/\/i0.wp.com\/www.dalmatiner-sachsen-anhalt.de\/blog\/wp-content\/uploads\/2015\/06\/sieger-Felix-IMG_3689.jpg?fit=584%2C388&#038;ssl=1\" src=\"https:\/\/i0.wp.com\/www.dalmatiner-sachsen-anhalt.de\/blog\/wp-content\/uploads\/2015\/06\/sieger-Felix-IMG_3689-383x255.jpg\" width=\"383\" height=\"255\" align=\"left\" title=\"sieger Felix IMG_3689\" \/><\/a><div class=\"tiled-gallery-caption\">Bitte L\u00e4cheln!<\/div><\/div><\/div><div class=\"gallery-group images-2\" style=\"width: 192px; height: 259px;\"><div class=\"tiled-gallery-item tiled-gallery-item-small\"><a href=\"https:\/\/www.dalmatiner-sachsen-anhalt.de\/blog\/6172\/feliximg_3596\/\"><img data-attachment-id=\"6186\" data-orig-file=\"https:\/\/www.dalmatiner-sachsen-anhalt.de\/blog\/wp-content\/uploads\/2015\/06\/FelixIMG_3596.jpg\" data-orig-size=\"1154,768\" data-comments-opened=\"1\" data-image-meta=\"{&quot;aperture&quot;:&quot;5.6&quot;,&quot;credit&quot;:&quot;&quot;,&quot;camera&quot;:&quot;Canon EOS 1000D&quot;,&quot;caption&quot;:&quot;&quot;,&quot;created_timestamp&quot;:&quot;1433679552&quot;,&quot;copyright&quot;:&quot;&quot;,&quot;focal_length&quot;:&quot;154&quot;,&quot;iso&quot;:&quot;400&quot;,&quot;shutter_speed&quot;:&quot;0.0008&quot;,&quot;title&quot;:&quot;&quot;,&quot;orientation&quot;:&quot;1&quot;}\" data-image-title=\"FelixIMG_3596\" data-image-description=\"\" data-medium-file=\"https:\/\/i0.wp.com\/www.dalmatiner-sachsen-anhalt.de\/blog\/wp-content\/uploads\/2015\/06\/FelixIMG_3596.jpg?fit=300%2C200&#038;ssl=1\" data-large-file=\"https:\/\/i0.wp.com\/www.dalmatiner-sachsen-anhalt.de\/blog\/wp-content\/uploads\/2015\/06\/FelixIMG_3596.jpg?fit=584%2C388&#038;ssl=1\" src=\"https:\/\/i0.wp.com\/www.dalmatiner-sachsen-anhalt.de\/blog\/wp-content\/uploads\/2015\/06\/FelixIMG_3596-188x126.jpg\" width=\"188\" height=\"126\" align=\"left\" title=\"FelixIMG_3596\" \/><\/a><div class=\"tiled-gallery-caption\">Felix arbeitet mit Hummel<\/div><\/div><div class=\"tiled-gallery-item tiled-gallery-item-small\"><a href=\"https:\/\/www.dalmatiner-sachsen-anhalt.de\/blog\/6172\/felix-img_3628\/\"><img data-attachment-id=\"6185\" data-orig-file=\"https:\/\/www.dalmatiner-sachsen-anhalt.de\/blog\/wp-content\/uploads\/2015\/06\/felix-IMG_3628.jpg\" data-orig-size=\"1154,768\" data-comments-opened=\"1\" data-image-meta=\"{&quot;aperture&quot;:&quot;7.1&quot;,&quot;credit&quot;:&quot;&quot;,&quot;camera&quot;:&quot;Canon EOS 1000D&quot;,&quot;caption&quot;:&quot;&quot;,&quot;created_timestamp&quot;:&quot;1433679877&quot;,&quot;copyright&quot;:&quot;&quot;,&quot;focal_length&quot;:&quot;109&quot;,&quot;iso&quot;:&quot;400&quot;,&quot;shutter_speed&quot;:&quot;0.0008&quot;,&quot;title&quot;:&quot;&quot;,&quot;orientation&quot;:&quot;1&quot;}\" data-image-title=\"felix IMG_3628\" data-image-description=\"\" data-medium-file=\"https:\/\/i0.wp.com\/www.dalmatiner-sachsen-anhalt.de\/blog\/wp-content\/uploads\/2015\/06\/felix-IMG_3628.jpg?fit=300%2C200&#038;ssl=1\" data-large-file=\"https:\/\/i0.wp.com\/www.dalmatiner-sachsen-anhalt.de\/blog\/wp-content\/uploads\/2015\/06\/felix-IMG_3628.jpg?fit=584%2C388&#038;ssl=1\" src=\"https:\/\/i0.wp.com\/www.dalmatiner-sachsen-anhalt.de\/blog\/wp-content\/uploads\/2015\/06\/felix-IMG_3628-188x125.jpg\" width=\"188\" height=\"125\" align=\"left\" title=\"felix IMG_3628\" \/><\/a><div class=\"tiled-gallery-caption\">Unter Aufsicht<\/div><\/div><\/div><\/div><div class=\"gallery-row\" style=\"width: 579px; height: 126px;\"><div class=\"gallery-group images-1\" style=\"width: 193px; height: 130px;\"><div class=\"tiled-gallery-item tiled-gallery-item-small\"><a href=\"https:\/\/www.dalmatiner-sachsen-anhalt.de\/blog\/6172\/felix-img_3618\/\"><img data-attachment-id=\"6184\" data-orig-file=\"https:\/\/www.dalmatiner-sachsen-anhalt.de\/blog\/wp-content\/uploads\/2015\/06\/felix-IMG_3618.jpg\" data-orig-size=\"1154,768\" data-comments-opened=\"1\" data-image-meta=\"{&quot;aperture&quot;:&quot;6.3&quot;,&quot;credit&quot;:&quot;&quot;,&quot;camera&quot;:&quot;Canon EOS 1000D&quot;,&quot;caption&quot;:&quot;&quot;,&quot;created_timestamp&quot;:&quot;1433679691&quot;,&quot;copyright&quot;:&quot;&quot;,&quot;focal_length&quot;:&quot;91&quot;,&quot;iso&quot;:&quot;400&quot;,&quot;shutter_speed&quot;:&quot;0.001&quot;,&quot;title&quot;:&quot;&quot;,&quot;orientation&quot;:&quot;1&quot;}\" data-image-title=\"felix IMG_3618\" data-image-description=\"\" data-medium-file=\"https:\/\/i0.wp.com\/www.dalmatiner-sachsen-anhalt.de\/blog\/wp-content\/uploads\/2015\/06\/felix-IMG_3618.jpg?fit=300%2C200&#038;ssl=1\" data-large-file=\"https:\/\/i0.wp.com\/www.dalmatiner-sachsen-anhalt.de\/blog\/wp-content\/uploads\/2015\/06\/felix-IMG_3618.jpg?fit=584%2C388&#038;ssl=1\" src=\"https:\/\/i0.wp.com\/www.dalmatiner-sachsen-anhalt.de\/blog\/wp-content\/uploads\/2015\/06\/felix-IMG_3618-189x126.jpg\" width=\"189\" height=\"126\" align=\"left\" title=\"felix IMG_3618\" \/><\/a><div class=\"tiled-gallery-caption\">Im Laufen<\/div><\/div><\/div><div class=\"gallery-group images-1\" style=\"width: 193px; height: 130px;\"><div class=\"tiled-gallery-item tiled-gallery-item-small\"><a href=\"https:\/\/www.dalmatiner-sachsen-anhalt.de\/blog\/6172\/felix-img_3615\/\"><img data-attachment-id=\"6183\" data-orig-file=\"https:\/\/www.dalmatiner-sachsen-anhalt.de\/blog\/wp-content\/uploads\/2015\/06\/felix-IMG_3615.jpg\" data-orig-size=\"1154,768\" data-comments-opened=\"1\" data-image-meta=\"{&quot;aperture&quot;:&quot;9&quot;,&quot;credit&quot;:&quot;&quot;,&quot;camera&quot;:&quot;Canon EOS 1000D&quot;,&quot;caption&quot;:&quot;&quot;,&quot;created_timestamp&quot;:&quot;1433679655&quot;,&quot;copyright&quot;:&quot;&quot;,&quot;focal_length&quot;:&quot;46&quot;,&quot;iso&quot;:&quot;400&quot;,&quot;shutter_speed&quot;:&quot;0.00125&quot;,&quot;title&quot;:&quot;&quot;,&quot;orientation&quot;:&quot;1&quot;}\" data-image-title=\"felix IMG_3615\" data-image-description=\"\" data-medium-file=\"https:\/\/i0.wp.com\/www.dalmatiner-sachsen-anhalt.de\/blog\/wp-content\/uploads\/2015\/06\/felix-IMG_3615.jpg?fit=300%2C200&#038;ssl=1\" data-large-file=\"https:\/\/i0.wp.com\/www.dalmatiner-sachsen-anhalt.de\/blog\/wp-content\/uploads\/2015\/06\/felix-IMG_3615.jpg?fit=584%2C388&#038;ssl=1\" src=\"https:\/\/i0.wp.com\/www.dalmatiner-sachsen-anhalt.de\/blog\/wp-content\/uploads\/2015\/06\/felix-IMG_3615-189x126.jpg\" width=\"189\" height=\"126\" align=\"left\" title=\"felix IMG_3615\" \/><\/a><div class=\"tiled-gallery-caption\">Felix und Hummel<\/div><\/div><\/div><div class=\"gallery-group images-1\" style=\"width: 193px; height: 130px;\"><div class=\"tiled-gallery-item tiled-gallery-item-small\"><a href=\"https:\/\/www.dalmatiner-sachsen-anhalt.de\/blog\/6172\/felix-img_3612\/\"><img data-attachment-id=\"6182\" data-orig-file=\"https:\/\/www.dalmatiner-sachsen-anhalt.de\/blog\/wp-content\/uploads\/2015\/06\/felix-IMG_3612.jpg\" data-orig-size=\"1154,768\" data-comments-opened=\"1\" data-image-meta=\"{&quot;aperture&quot;:&quot;9&quot;,&quot;credit&quot;:&quot;&quot;,&quot;camera&quot;:&quot;Canon EOS 1000D&quot;,&quot;caption&quot;:&quot;&quot;,&quot;created_timestamp&quot;:&quot;1433679654&quot;,&quot;copyright&quot;:&quot;&quot;,&quot;focal_length&quot;:&quot;50&quot;,&quot;iso&quot;:&quot;400&quot;,&quot;shutter_speed&quot;:&quot;0.00125&quot;,&quot;title&quot;:&quot;&quot;,&quot;orientation&quot;:&quot;1&quot;}\" data-image-title=\"felix IMG_3612\" data-image-description=\"\" data-medium-file=\"https:\/\/i0.wp.com\/www.dalmatiner-sachsen-anhalt.de\/blog\/wp-content\/uploads\/2015\/06\/felix-IMG_3612.jpg?fit=300%2C200&#038;ssl=1\" data-large-file=\"https:\/\/i0.wp.com\/www.dalmatiner-sachsen-anhalt.de\/blog\/wp-content\/uploads\/2015\/06\/felix-IMG_3612.jpg?fit=584%2C388&#038;ssl=1\" src=\"https:\/\/i0.wp.com\/www.dalmatiner-sachsen-anhalt.de\/blog\/wp-content\/uploads\/2015\/06\/felix-IMG_3612-189x126.jpg\" width=\"189\" height=\"126\" align=\"left\" title=\"felix IMG_3612\" \/><\/a><div class=\"tiled-gallery-caption\">Geheime Zeichen?<\/div><\/div><\/div><\/div><div class=\"gallery-row\" style=\"width: 579px; height: 383px;\"><div class=\"gallery-group images-1\" style=\"width: 579px; height: 387px;\"><div class=\"tiled-gallery-item tiled-gallery-item-large\"><a href=\"https:\/\/www.dalmatiner-sachsen-anhalt.de\/blog\/6172\/felix-img_3609\/\"><img data-attachment-id=\"6181\" data-orig-file=\"https:\/\/www.dalmatiner-sachsen-anhalt.de\/blog\/wp-content\/uploads\/2015\/06\/felix-IMG_3609.jpg\" data-orig-size=\"1154,768\" data-comments-opened=\"1\" data-image-meta=\"{&quot;aperture&quot;:&quot;7.1&quot;,&quot;credit&quot;:&quot;&quot;,&quot;camera&quot;:&quot;Canon EOS 1000D&quot;,&quot;caption&quot;:&quot;&quot;,&quot;created_timestamp&quot;:&quot;1433679653&quot;,&quot;copyright&quot;:&quot;&quot;,&quot;focal_length&quot;:&quot;84&quot;,&quot;iso&quot;:&quot;400&quot;,&quot;shutter_speed&quot;:&quot;0.001&quot;,&quot;title&quot;:&quot;&quot;,&quot;orientation&quot;:&quot;1&quot;}\" data-image-title=\"felix IMG_3609\" data-image-description=\"\" data-medium-file=\"https:\/\/i0.wp.com\/www.dalmatiner-sachsen-anhalt.de\/blog\/wp-content\/uploads\/2015\/06\/felix-IMG_3609.jpg?fit=300%2C200&#038;ssl=1\" data-large-file=\"https:\/\/i0.wp.com\/www.dalmatiner-sachsen-anhalt.de\/blog\/wp-content\/uploads\/2015\/06\/felix-IMG_3609.jpg?fit=584%2C388&#038;ssl=1\" src=\"https:\/\/i0.wp.com\/www.dalmatiner-sachsen-anhalt.de\/blog\/wp-content\/uploads\/2015\/06\/felix-IMG_3609-575x383.jpg\" width=\"575\" height=\"383\" align=\"left\" title=\"felix IMG_3609\" \/><\/a><div class=\"tiled-gallery-caption\">Endspurt<\/div><\/div><\/div><\/div><\/div>\n","protected":false},"excerpt":{"rendered":"<p>&nbsp; &#8230;und Sohnemann Felix erreichte mit unserer &#8220;Hummel vom Magdeburger Domfelsen&#8221; (10,5 Jahre) in der Gruppe &#8220;Kind mit Hund&#8221; den 1. Platz. Bravo und gut gemacht! \ud83d\ude42<\/p>\n","protected":false},"author":1,"featured_media":6181,"comment_status":"open","ping_status":"open","sticky":false,"template":"","format":"standard","meta":{"jetpack_post_was_ever_published":false,"jetpack_publicize_message":"","jetpack_is_tweetstorm":false,"jetpack_publicize_feature_enabled":true,"jetpack_social_post_already_shared":true,"jetpack_social_options":[]},"categories":[391,630,16],"tags":[1187,35,1151,1185,1186],"jetpack_publicize_connections":[],"jetpack_featured_media_url":"https:\/\/i0.wp.com\/www.dalmatiner-sachsen-anhalt.de\/blog\/wp-content\/uploads\/2015\/06\/felix-IMG_3609.jpg?fit=1154%2C768&ssl=1","jetpack_shortlink":"https:\/\/wp.me\/px1eF-1BC","jetpack_sharing_enabled":true,"jetpack_likes_enabled":true,"jetpack-related-posts":[{"id":6125,"url":"https:\/\/www.dalmatiner-sachsen-anhalt.de\/blog\/6125\/","url_meta":{"origin":6176,"position":0},"title":"Barleben 2014","date":"29. Juni 2014","format":false,"excerpt":"Eine sch\u00f6ne Ausstellung des DVD in Barleben. Wir haben uns \u00fcber lieben Besuch gefreut. Michaela, Denise und Janine - sch\u00f6n da\u00df Ihr hier ward mit Euren \"Sandst\u00fccken\".","rel":"","context":"In &quot;A-Wurf&quot;","img":{"alt_text":"","src":"https:\/\/i0.wp.com\/www.dalmatiner-sachsen-anhalt.de\/blog\/wp-content\/uploads\/2014\/06\/IMG_1378.jpg?fit=1154%2C768&ssl=1&resize=350%2C200","width":350,"height":200},"classes":[]},{"id":3627,"url":"https:\/\/www.dalmatiner-sachsen-anhalt.de\/blog\/3627\/","url_meta":{"origin":6176,"position":1},"title":"Nun sind es vier&#8230;","date":"21. Juli 2011","format":false,"excerpt":"Seid heute Nachmittag ist nun auch Ballerina vdS bei uns. So bleibt noch ein wenig Zeit, um sie mit der Vorf\u00fchrleine vertraut zu machen. Am Samstag ist dann Ballerinas 1. Auftritt bei der Ausstellung in Barleben. Darauf sind wir sehr gespannt. \u00dcber 100 Dalmatiner sind f\u00fcr das WE gemeldet. \u00a0","rel":"","context":"In &quot;Ausstellungen&quot;","img":{"alt_text":"","src":"https:\/\/i0.wp.com\/www.dalmatiner-sachsen-anhalt.de\/blog\/wp-content\/uploads\/2011\/07\/S1050033-300x225.jpg?resize=350%2C200","width":350,"height":200},"classes":[]},{"id":5653,"url":"https:\/\/www.dalmatiner-sachsen-anhalt.de\/blog\/5653\/","url_meta":{"origin":6176,"position":2},"title":"Die &#8220;Sandst&#252;ckchen&#8221; in Barleben 2013","date":"29. Juli 2013","format":"gallery","excerpt":"\u00a0 Ein wundersch\u00f6nes Wochenende geht zu Ende, Viel lieber Welpenbesuch und eine erfolgreiche Ausstellung in Ebendorf, die trotz Saharahitze von Mensch und Tier gut gemeistert wurde. V3 Athene von 17 H\u00fcndinnen in der offenen Klasse, SG\u00a0Antonia Sandst\u00fcckchen\u00a0in der offenen Klasse, VV2 Charming Merlin in der J\u00fcngsten Klasse , V4 Collin\u2026","rel":"","context":"In &quot;Antonia&quot;","img":{"alt_text":"","src":"https:\/\/i0.wp.com\/www.dalmatiner-sachsen-anhalt.de\/blog\/wp-content\/uploads\/2013\/07\/IMG_5310.jpg?fit=1154%2C768&ssl=1&resize=350%2C200","width":350,"height":200},"classes":[]},{"id":2585,"url":"https:\/\/www.dalmatiner-sachsen-anhalt.de\/blog\/2585\/","url_meta":{"origin":6176,"position":3},"title":"Athene &#8211; Ausstellung in Barleben","date":"25. Juli 2010","format":false,"excerpt":"Gro\u00dfe Freude machte uns Athene auf der Spezial -Rassehunde - Ausstellung in Barleben mit einem V1 (CAC Jugend\/Anw. Dt. Jug. Ch.VDH) Rb.: sehr gute Gr\u00f6\u00dfe und Format, harmonisch vorz\u00fcglich aufgebaut, vorz\u00fcglicher Kopf, sehr gut gestellte L\u00e4ufe, tief dunkelbraunes Auge, etwas dicht stehend gleichm\u00e4\u00dfige Fleckung, fl\u00fcssiges raumgreifendes Gangwerk, aufmerksam und interessiert","rel":"","context":"In &quot;A-Wurf&quot;","img":{"alt_text":"","src":"https:\/\/i0.wp.com\/www.dalmatiner-sachsen-anhalt.de\/blog\/wp-content\/uploads\/2010\/07\/2010-07-25_6804.jpg?resize=350%2C200","width":350,"height":200},"classes":[]},{"id":2589,"url":"https:\/\/www.dalmatiner-sachsen-anhalt.de\/blog\/2589\/","url_meta":{"origin":6176,"position":4},"title":"Amigo &#8211; Austellung in Barleben","date":"25. Juli 2010","format":false,"excerpt":"Auch Amigo erhielt eine \"sehr gute\" Bewertung und erfreute seine Besitzer J\u00f6rn und Pattrick, sowie uns als Z\u00fcchter.","rel":"","context":"In &quot;A-Wurf&quot;","img":{"alt_text":"","src":"https:\/\/i0.wp.com\/www.dalmatiner-sachsen-anhalt.de\/blog\/wp-content\/uploads\/2010\/07\/2010-07-25_6359.jpg?resize=350%2C200","width":350,"height":200},"classes":[]},{"id":2602,"url":"https:\/\/www.dalmatiner-sachsen-anhalt.de\/blog\/2602\/","url_meta":{"origin":6176,"position":5},"title":"Tine in Barleben","date":"1. August 2010","format":false,"excerpt":"Unsere Tochter Christin pr\u00e4sentierte Amigo vdS bei Kind mit Hund. Das hat sie gut gemacht.","rel":"","context":"In &quot;A-Wurf&quot;","img":{"alt_text":"tine und amigo","src":"https:\/\/i0.wp.com\/www.dalmatiner-sachsen-anhalt.de\/blog\/wp-content\/uploads\/2010\/08\/2010-07-25_6433.jpg?resize=350%2C200","width":350,"height":200},"classes":[]}],"_links":{"self":[{"href":"https:\/\/www.dalmatiner-sachsen-anhalt.de\/blog\/wp-json\/wp\/v2\/posts\/6176"}],"collection":[{"href":"https:\/\/www.dalmatiner-sachsen-anhalt.de\/blog\/wp-json\/wp\/v2\/posts"}],"about":[{"href":"https:\/\/www.dalmatiner-sachsen-anhalt.de\/blog\/wp-json\/wp\/v2\/types\/post"}],"author":[{"embeddable":true,"href":"https:\/\/www.dalmatiner-sachsen-anhalt.de\/blog\/wp-json\/wp\/v2\/users\/1"}],"replies":[{"embeddable":true,"href":"https:\/\/www.dalmatiner-sachsen-anhalt.de\/blog\/wp-json\/wp\/v2\/comments?post=6176"}],"version-history":[{"count":4,"href":"https:\/\/www.dalmatiner-sachsen-anhalt.de\/blog\/wp-json\/wp\/v2\/posts\/6176\/revisions"}],"predecessor-version":[{"id":6199,"href":"https:\/\/www.dalmatiner-sachsen-anhalt.de\/blog\/wp-json\/wp\/v2\/posts\/6176\/revisions\/6199"}],"wp:featuredmedia":[{"embeddable":true,"href":"https:\/\/www.dalmatiner-sachsen-anhalt.de\/blog\/wp-json\/wp\/v2\/media\/6181"}],"wp:attachment":[{"href":"https:\/\/www.dalmatiner-sachsen-anhalt.de\/blog\/wp-json\/wp\/v2\/media?parent=6176"}],"wp:term":[{"taxonomy":"category","embeddable":true,"href":"https:\/\/www.dalmatiner-sachsen-anhalt.de\/blog\/wp-json\/wp\/v2\/categories?post=6176"},{"taxonomy":"post_tag","embeddable":true,"href":"https:\/\/www.dalmatiner-sachsen-anhalt.de\/blog\/wp-json\/wp\/v2\/tags?post=6176"}],"curies":[{"name":"wp","href":"https:\/\/api.w.org\/{rel}","templated":true}]}}