{"id":6392,"date":"2016-05-22T16:50:52","date_gmt":"2016-05-22T14:50:52","guid":{"rendered":"http:\/\/www.dalmatiner-sachsen-anhalt.de\/blog\/?p=6392"},"modified":"2016-05-24T11:26:17","modified_gmt":"2016-05-24T09:26:17","slug":"d-wurf-tag-7-gruesse-aus-der-wurfkiste","status":"publish","type":"post","link":"https:\/\/www.dalmatiner-sachsen-anhalt.de\/blog\/6392\/","title":{"rendered":"D- Wurf Tag 7 &#8211; Gruesse aus der Wurfkiste"},"content":{"rendered":"<p>&nbsp;<\/p>\n<p><a href=\"https:\/\/i0.wp.com\/www.dalmatiner-sachsen-anhalt.de\/blog\/wp-content\/uploads\/2016\/05\/D-Wurf-Tag60000.jpg?ssl=1\"><img data-attachment-id=\"6394\" data-permalink=\"https:\/\/www.dalmatiner-sachsen-anhalt.de\/blog\/6392\/d-wurf-tag60000\/\" data-orig-file=\"https:\/\/i0.wp.com\/www.dalmatiner-sachsen-anhalt.de\/blog\/wp-content\/uploads\/2016\/05\/D-Wurf-Tag60000.jpg?fit=1363%2C768&amp;ssl=1\" data-orig-size=\"1363,768\" data-comments-opened=\"1\" data-image-meta=\"{&quot;aperture&quot;:&quot;0&quot;,&quot;credit&quot;:&quot;&quot;,&quot;camera&quot;:&quot;&quot;,&quot;caption&quot;:&quot;&quot;,&quot;created_timestamp&quot;:&quot;0&quot;,&quot;copyright&quot;:&quot;&quot;,&quot;focal_length&quot;:&quot;0&quot;,&quot;iso&quot;:&quot;0&quot;,&quot;shutter_speed&quot;:&quot;0&quot;,&quot;title&quot;:&quot;&quot;,&quot;orientation&quot;:&quot;0&quot;}\" data-image-title=\"\" data-image-description=\"\" data-image-caption=\"&lt;p&gt;Dinah vdS&lt;\/p&gt;\n\" data-medium-file=\"https:\/\/i0.wp.com\/www.dalmatiner-sachsen-anhalt.de\/blog\/wp-content\/uploads\/2016\/05\/D-Wurf-Tag60000.jpg?fit=300%2C169&amp;ssl=1\" data-large-file=\"https:\/\/i0.wp.com\/www.dalmatiner-sachsen-anhalt.de\/blog\/wp-content\/uploads\/2016\/05\/D-Wurf-Tag60000.jpg?fit=584%2C329&amp;ssl=1\" decoding=\"async\" loading=\"lazy\" class=\"alignleft size-medium wp-image-6394\" src=\"https:\/\/i0.wp.com\/www.dalmatiner-sachsen-anhalt.de\/blog\/wp-content\/uploads\/2016\/05\/D-Wurf-Tag60000.jpg?resize=300%2C169&#038;ssl=1\" alt=\"D-Wurf-Tag-60000\" width=\"300\" height=\"169\" srcset=\"https:\/\/i0.wp.com\/www.dalmatiner-sachsen-anhalt.de\/blog\/wp-content\/uploads\/2016\/05\/D-Wurf-Tag60000.jpg?resize=300%2C169&amp;ssl=1 300w, https:\/\/i0.wp.com\/www.dalmatiner-sachsen-anhalt.de\/blog\/wp-content\/uploads\/2016\/05\/D-Wurf-Tag60000.jpg?resize=150%2C85&amp;ssl=1 150w, https:\/\/i0.wp.com\/www.dalmatiner-sachsen-anhalt.de\/blog\/wp-content\/uploads\/2016\/05\/D-Wurf-Tag60000.jpg?resize=1024%2C577&amp;ssl=1 1024w, https:\/\/i0.wp.com\/www.dalmatiner-sachsen-anhalt.de\/blog\/wp-content\/uploads\/2016\/05\/D-Wurf-Tag60000.jpg?resize=589%2C332&amp;ssl=1 589w, https:\/\/i0.wp.com\/www.dalmatiner-sachsen-anhalt.de\/blog\/wp-content\/uploads\/2016\/05\/D-Wurf-Tag60000.jpg?resize=500%2C282&amp;ssl=1 500w, https:\/\/i0.wp.com\/www.dalmatiner-sachsen-anhalt.de\/blog\/wp-content\/uploads\/2016\/05\/D-Wurf-Tag60000.jpg?w=1363&amp;ssl=1 1363w, https:\/\/i0.wp.com\/www.dalmatiner-sachsen-anhalt.de\/blog\/wp-content\/uploads\/2016\/05\/D-Wurf-Tag60000.jpg?w=1168&amp;ssl=1 1168w\" sizes=\"(max-width: 300px) 100vw, 300px\" data-recalc-dims=\"1\" \/><\/a>Hallo ich bin <strong>Dinah von den Sandst&#252;cken<\/strong>. Ich bin die Erst-Geborene und heute 7 Tage alt. Ich wiege 829 g. Heute war es sehr aufregend. Mir wurden heute\u00a0die Krallen geschnitten, obwohl ich protestiert habe. Alles gl&#252;cklich &#252;berstanden. Mal sehen, was die Welt, auf der ich lebe, noch alles f&#252;r &#220;berraschungen f&#252;r mich bereit h&#228;lt. Auf den Bildern<!--more--> k&#246;nnt Ihr mich mit meinen Wurfgeschwistern sehen.<\/p>\n<div data-carousel-extra='{\"blog_id\":1,\"permalink\":\"https:\\\/\\\/www.dalmatiner-sachsen-anhalt.de\\\/blog\\\/6392\\\/\"}' class=\"tiled-gallery type-rectangular\" data-original-width=\"584\"><div class=\"gallery-row\" style=\"width: 579px; height: 161px;\"><div class=\"gallery-group images-1\" style=\"width: 290px; height: 165px;\"><div class=\"tiled-gallery-item tiled-gallery-item-large\"><a href=\"https:\/\/www.dalmatiner-sachsen-anhalt.de\/blog\/6392\/d-wurf-tag60007\/\"><img data-attachment-id=\"6396\" data-orig-file=\"https:\/\/www.dalmatiner-sachsen-anhalt.de\/blog\/wp-content\/uploads\/2016\/05\/D-Wurf-Tag60007.jpg\" data-orig-size=\"1363,768\" data-comments-opened=\"1\" data-image-meta=\"{&quot;aperture&quot;:&quot;0&quot;,&quot;credit&quot;:&quot;&quot;,&quot;camera&quot;:&quot;&quot;,&quot;caption&quot;:&quot;&quot;,&quot;created_timestamp&quot;:&quot;0&quot;,&quot;copyright&quot;:&quot;&quot;,&quot;focal_length&quot;:&quot;0&quot;,&quot;iso&quot;:&quot;0&quot;,&quot;shutter_speed&quot;:&quot;0&quot;,&quot;title&quot;:&quot;&quot;,&quot;orientation&quot;:&quot;0&quot;}\" data-image-title=\"\" data-image-description=\"\" data-medium-file=\"https:\/\/i0.wp.com\/www.dalmatiner-sachsen-anhalt.de\/blog\/wp-content\/uploads\/2016\/05\/D-Wurf-Tag60007.jpg?fit=300%2C169&#038;ssl=1\" data-large-file=\"https:\/\/i0.wp.com\/www.dalmatiner-sachsen-anhalt.de\/blog\/wp-content\/uploads\/2016\/05\/D-Wurf-Tag60007.jpg?fit=584%2C329&#038;ssl=1\" src=\"https:\/\/i0.wp.com\/www.dalmatiner-sachsen-anhalt.de\/blog\/wp-content\/uploads\/2016\/05\/D-Wurf-Tag60007-286x161.jpg\" width=\"286\" height=\"161\" align=\"left\" title=\"\" \/><\/a><div class=\"tiled-gallery-caption\">Bauch-Massage<\/div><\/div><\/div><div class=\"gallery-group images-1\" style=\"width: 289px; height: 165px;\"><div class=\"tiled-gallery-item tiled-gallery-item-large\"><a href=\"https:\/\/www.dalmatiner-sachsen-anhalt.de\/blog\/6392\/d-wurf-tag60008\/\"><img data-attachment-id=\"6397\" data-orig-file=\"https:\/\/www.dalmatiner-sachsen-anhalt.de\/blog\/wp-content\/uploads\/2016\/05\/D-Wurf-Tag60008.jpg\" data-orig-size=\"1363,768\" data-comments-opened=\"1\" data-image-meta=\"{&quot;aperture&quot;:&quot;0&quot;,&quot;credit&quot;:&quot;&quot;,&quot;camera&quot;:&quot;&quot;,&quot;caption&quot;:&quot;&quot;,&quot;created_timestamp&quot;:&quot;0&quot;,&quot;copyright&quot;:&quot;&quot;,&quot;focal_length&quot;:&quot;0&quot;,&quot;iso&quot;:&quot;0&quot;,&quot;shutter_speed&quot;:&quot;0&quot;,&quot;title&quot;:&quot;&quot;,&quot;orientation&quot;:&quot;0&quot;}\" data-image-title=\"\" data-image-description=\"\" data-medium-file=\"https:\/\/i0.wp.com\/www.dalmatiner-sachsen-anhalt.de\/blog\/wp-content\/uploads\/2016\/05\/D-Wurf-Tag60008.jpg?fit=300%2C169&#038;ssl=1\" data-large-file=\"https:\/\/i0.wp.com\/www.dalmatiner-sachsen-anhalt.de\/blog\/wp-content\/uploads\/2016\/05\/D-Wurf-Tag60008.jpg?fit=584%2C329&#038;ssl=1\" src=\"https:\/\/i0.wp.com\/www.dalmatiner-sachsen-anhalt.de\/blog\/wp-content\/uploads\/2016\/05\/D-Wurf-Tag60008-285x161.jpg\" width=\"285\" height=\"161\" align=\"left\" title=\"\" \/><\/a><div class=\"tiled-gallery-caption\">und K\u00f6rperpflege<\/div><\/div><\/div><\/div><div class=\"gallery-row\" style=\"width: 579px; height: 161px;\"><div class=\"gallery-group images-1\" style=\"width: 290px; height: 165px;\"><div class=\"tiled-gallery-item tiled-gallery-item-large\"><a href=\"https:\/\/www.dalmatiner-sachsen-anhalt.de\/blog\/6392\/d-wurf-tag60002\/\"><img data-attachment-id=\"6395\" data-orig-file=\"https:\/\/www.dalmatiner-sachsen-anhalt.de\/blog\/wp-content\/uploads\/2016\/05\/D-Wurf-Tag60002.jpg\" data-orig-size=\"1363,768\" data-comments-opened=\"1\" data-image-meta=\"{&quot;aperture&quot;:&quot;0&quot;,&quot;credit&quot;:&quot;&quot;,&quot;camera&quot;:&quot;&quot;,&quot;caption&quot;:&quot;&quot;,&quot;created_timestamp&quot;:&quot;0&quot;,&quot;copyright&quot;:&quot;&quot;,&quot;focal_length&quot;:&quot;0&quot;,&quot;iso&quot;:&quot;0&quot;,&quot;shutter_speed&quot;:&quot;0&quot;,&quot;title&quot;:&quot;&quot;,&quot;orientation&quot;:&quot;0&quot;}\" data-image-title=\"\" data-image-description=\"\" data-medium-file=\"https:\/\/i0.wp.com\/www.dalmatiner-sachsen-anhalt.de\/blog\/wp-content\/uploads\/2016\/05\/D-Wurf-Tag60002.jpg?fit=300%2C169&#038;ssl=1\" data-large-file=\"https:\/\/i0.wp.com\/www.dalmatiner-sachsen-anhalt.de\/blog\/wp-content\/uploads\/2016\/05\/D-Wurf-Tag60002.jpg?fit=584%2C329&#038;ssl=1\" src=\"https:\/\/i0.wp.com\/www.dalmatiner-sachsen-anhalt.de\/blog\/wp-content\/uploads\/2016\/05\/D-Wurf-Tag60002-286x161.jpg\" width=\"286\" height=\"161\" align=\"left\" title=\"\" \/><\/a><div class=\"tiled-gallery-caption\">Kuscheln<\/div><\/div><\/div><div class=\"gallery-group images-1\" style=\"width: 289px; height: 165px;\"><div class=\"tiled-gallery-item tiled-gallery-item-large\"><a href=\"https:\/\/www.dalmatiner-sachsen-anhalt.de\/blog\/6392\/d-wurf-tag60000\/\"><img data-attachment-id=\"6394\" data-orig-file=\"https:\/\/www.dalmatiner-sachsen-anhalt.de\/blog\/wp-content\/uploads\/2016\/05\/D-Wurf-Tag60000.jpg\" data-orig-size=\"1363,768\" data-comments-opened=\"1\" data-image-meta=\"{&quot;aperture&quot;:&quot;0&quot;,&quot;credit&quot;:&quot;&quot;,&quot;camera&quot;:&quot;&quot;,&quot;caption&quot;:&quot;&quot;,&quot;created_timestamp&quot;:&quot;0&quot;,&quot;copyright&quot;:&quot;&quot;,&quot;focal_length&quot;:&quot;0&quot;,&quot;iso&quot;:&quot;0&quot;,&quot;shutter_speed&quot;:&quot;0&quot;,&quot;title&quot;:&quot;&quot;,&quot;orientation&quot;:&quot;0&quot;}\" data-image-title=\"\" data-image-description=\"\" data-medium-file=\"https:\/\/i0.wp.com\/www.dalmatiner-sachsen-anhalt.de\/blog\/wp-content\/uploads\/2016\/05\/D-Wurf-Tag60000.jpg?fit=300%2C169&#038;ssl=1\" data-large-file=\"https:\/\/i0.wp.com\/www.dalmatiner-sachsen-anhalt.de\/blog\/wp-content\/uploads\/2016\/05\/D-Wurf-Tag60000.jpg?fit=584%2C329&#038;ssl=1\" src=\"https:\/\/i0.wp.com\/www.dalmatiner-sachsen-anhalt.de\/blog\/wp-content\/uploads\/2016\/05\/D-Wurf-Tag60000-285x161.jpg\" width=\"285\" height=\"161\" align=\"left\" title=\"\" \/><\/a><div class=\"tiled-gallery-caption\">Dinah vdS<\/div><\/div><\/div><\/div><div class=\"gallery-row\" style=\"width: 579px; height: 324px;\"><div class=\"gallery-group images-1\" style=\"width: 579px; height: 328px;\"><div class=\"tiled-gallery-item tiled-gallery-item-large\"><a href=\"https:\/\/www.dalmatiner-sachsen-anhalt.de\/blog\/6392\/d-wurf-tag60011\/\"><img data-attachment-id=\"6393\" data-orig-file=\"https:\/\/www.dalmatiner-sachsen-anhalt.de\/blog\/wp-content\/uploads\/2016\/05\/D-Wurf-Tag60011.jpg\" data-orig-size=\"1363,768\" data-comments-opened=\"1\" data-image-meta=\"{&quot;aperture&quot;:&quot;0&quot;,&quot;credit&quot;:&quot;&quot;,&quot;camera&quot;:&quot;&quot;,&quot;caption&quot;:&quot;&quot;,&quot;created_timestamp&quot;:&quot;0&quot;,&quot;copyright&quot;:&quot;&quot;,&quot;focal_length&quot;:&quot;0&quot;,&quot;iso&quot;:&quot;0&quot;,&quot;shutter_speed&quot;:&quot;0&quot;,&quot;title&quot;:&quot;&quot;,&quot;orientation&quot;:&quot;0&quot;}\" data-image-title=\"\" data-image-description=\"\" data-medium-file=\"https:\/\/i0.wp.com\/www.dalmatiner-sachsen-anhalt.de\/blog\/wp-content\/uploads\/2016\/05\/D-Wurf-Tag60011.jpg?fit=300%2C169&#038;ssl=1\" data-large-file=\"https:\/\/i0.wp.com\/www.dalmatiner-sachsen-anhalt.de\/blog\/wp-content\/uploads\/2016\/05\/D-Wurf-Tag60011.jpg?fit=584%2C329&#038;ssl=1\" src=\"https:\/\/i0.wp.com\/www.dalmatiner-sachsen-anhalt.de\/blog\/wp-content\/uploads\/2016\/05\/D-Wurf-Tag60011-575x324.jpg\" width=\"575\" height=\"324\" align=\"left\" title=\"\" \/><\/a><div class=\"tiled-gallery-caption\">Schlafen<\/div><\/div><\/div><\/div><\/div>\n","protected":false},"excerpt":{"rendered":"<p>&nbsp; Hallo ich bin Dinah von den Sandst&#252;cken. Ich bin die Erst-Geborene und heute 7 Tage alt. Ich wiege 829 g. Heute war es sehr aufregend. Mir wurden heute\u00a0die Krallen geschnitten, obwohl ich protestiert habe. Alles gl&#252;cklich &#252;berstanden. Mal sehen, &hellip; <a href=\"https:\/\/www.dalmatiner-sachsen-anhalt.de\/blog\/6392\/\">Continue reading <span class=\"meta-nav\">&rarr;<\/span><\/a><\/p>\n","protected":false},"author":1,"featured_media":6395,"comment_status":"open","ping_status":"open","sticky":false,"template":"","format":"standard","meta":{"jetpack_post_was_ever_published":false,"jetpack_publicize_message":"","jetpack_is_tweetstorm":false,"jetpack_publicize_feature_enabled":true,"jetpack_social_post_already_shared":true,"jetpack_social_options":[]},"categories":[1188,1217,1208],"tags":[1220,35,39,1219,891,305,1218],"jetpack_publicize_connections":[],"jetpack_featured_media_url":"https:\/\/i0.wp.com\/www.dalmatiner-sachsen-anhalt.de\/blog\/wp-content\/uploads\/2016\/05\/D-Wurf-Tag60002.jpg?fit=1363%2C768&ssl=1","jetpack_shortlink":"https:\/\/wp.me\/px1eF-1F6","jetpack_sharing_enabled":true,"jetpack_likes_enabled":true,"jetpack-related-posts":[{"id":6437,"url":"https:\/\/www.dalmatiner-sachsen-anhalt.de\/blog\/6437\/","url_meta":{"origin":6392,"position":0},"title":"D- Wurf Tag 13 \u2013 Gruesse aus der Wurfkiste","date":"28. Mai 2016","format":false,"excerpt":"\u00a0 Hallo Welt, Ich bin\u00a0Davinci \u00a0von den Sandst\u00fccken und der einzige R\u00fcde\u00a0aus dem D- Wurf. Heute bin ich 13 Tage alt und wiege 1800g. Ich bin damit der \"schwere Junge\"\u00a0in der Wurfkiste \u00a0:-)","rel":"","context":"In &quot;D-Wurf&quot;","img":{"alt_text":"dalmatiner-welpen-tag-13-IMG_0812","src":"https:\/\/i0.wp.com\/www.dalmatiner-sachsen-anhalt.de\/blog\/wp-content\/uploads\/2016\/05\/IMG_0812-1024x683.jpg?resize=350%2C200","width":350,"height":200},"classes":[]},{"id":6413,"url":"https:\/\/www.dalmatiner-sachsen-anhalt.de\/blog\/6413\/","url_meta":{"origin":6392,"position":1},"title":"D- Wurf Tag 9","date":"24. Mai 2016","format":false,"excerpt":"\u00a0 Gr\u00fcsse aus der Schermener Wurfkiste. Am 9. Tag wiegen alle 3 zusammen 3,2 kg und wachsen pr\u00e4chtig weiter. Dinah von den Sandst\u00fccken schl\u00e4ft und w\u00e4hnt sich wohl im \"Himmel\"","rel":"","context":"In &quot;D-Wurf&quot;","img":{"alt_text":"#D-Wurf-Tag8-0017","src":"https:\/\/i0.wp.com\/www.dalmatiner-sachsen-anhalt.de\/blog\/wp-content\/uploads\/2016\/05\/D-Wurf-Tag8-0017.jpg?fit=1200%2C676&ssl=1&resize=350%2C200","width":350,"height":200},"classes":[]},{"id":6440,"url":"https:\/\/www.dalmatiner-sachsen-anhalt.de\/blog\/6440\/","url_meta":{"origin":6392,"position":2},"title":"D- Wurf Tag 13 \u2013 Wir k&#246;nnen sehen","date":"28. Mai 2016","format":false,"excerpt":"\u00a0 Wir haben heute einen kurzen Ausflug in den Garten gemacht. Wir haben die Augen aufgemacht und sehen eine sch\u00f6ne bunte Welt.","rel":"","context":"In &quot;D-Wurf&quot;","img":{"alt_text":"dalmatiner vds-D-Wurf-Tag12-0005","src":"https:\/\/i0.wp.com\/www.dalmatiner-sachsen-anhalt.de\/blog\/wp-content\/uploads\/2016\/05\/dalmatiner-vds-D-Wurf-Tag12-0005.jpg?fit=1160%2C768&ssl=1&resize=350%2C200","width":350,"height":200},"classes":[]},{"id":6427,"url":"https:\/\/www.dalmatiner-sachsen-anhalt.de\/blog\/6427\/","url_meta":{"origin":6392,"position":3},"title":"D- Wurf Tag 13 \u2013 Gruesse aus der Wurfkiste","date":"28. Mai 2016","format":false,"excerpt":"\u00a0 Hallo Welt, Ich bin Dukati von den Sandst\u00fccken und die zweite H\u00fcndin aus dem D- Wurf. Heute bin ich 13 Tage alt und wiege 1260g. Ich bin damit das Leichtgewicht in der Wurfkiste. Daf\u00fcr \u00f6ffnen sich bei mir aber gerade die Augen - Erster :-)","rel":"","context":"In &quot;D-Wurf&quot;","img":{"alt_text":"dalmatiner-welpen-tag-13-IMG_0761-2","src":"https:\/\/i0.wp.com\/www.dalmatiner-sachsen-anhalt.de\/blog\/wp-content\/uploads\/2016\/05\/IMG_0761-2.jpg?fit=1152%2C768&ssl=1&resize=350%2C200","width":350,"height":200},"classes":[]},{"id":6450,"url":"https:\/\/www.dalmatiner-sachsen-anhalt.de\/blog\/6450\/","url_meta":{"origin":6392,"position":4},"title":"D- Wurf Tag 15 \u2013 Bilder","date":"30. Mai 2016","format":false,"excerpt":"\u00a0 \u00a0 \u00a0 Und hier zeigen wir noch ein paar Bilder der Welpen von heute. Den Kleinen geht es gut. Sie wiegen zusammen schon 5300 g.","rel":"","context":"In &quot;Athene&quot;","img":{"alt_text":"dalmatiner-welpen-vds-D-Wurf-Tag15-0027","src":"https:\/\/i0.wp.com\/www.dalmatiner-sachsen-anhalt.de\/blog\/wp-content\/uploads\/2016\/05\/dalmatiner-welpen-vds-D-Wurf-Tag15-0027.jpg?fit=1200%2C676&ssl=1&resize=350%2C200","width":350,"height":200},"classes":[]},{"id":6469,"url":"https:\/\/www.dalmatiner-sachsen-anhalt.de\/blog\/6469\/","url_meta":{"origin":6392,"position":5},"title":"D- Wurf Tag 20","date":"4. Juni 2016","format":false,"excerpt":"\u00a0 Heute war Schlafen und Laufen in der Wurfkiste angesagt. Dabei gibt es viel zu entdecken.","rel":"","context":"In &quot;Athene&quot;","img":{"alt_text":"#dalmatiner-welpen-vds-D-Wurf-Tag20-0056","src":"https:\/\/i0.wp.com\/www.dalmatiner-sachsen-anhalt.de\/blog\/wp-content\/uploads\/2016\/06\/dalmatiner-welpen-vds-D-Wurf-Tag20-0056.jpg?fit=1154%2C768&ssl=1&resize=350%2C200","width":350,"height":200},"classes":[]}],"_links":{"self":[{"href":"https:\/\/www.dalmatiner-sachsen-anhalt.de\/blog\/wp-json\/wp\/v2\/posts\/6392"}],"collection":[{"href":"https:\/\/www.dalmatiner-sachsen-anhalt.de\/blog\/wp-json\/wp\/v2\/posts"}],"about":[{"href":"https:\/\/www.dalmatiner-sachsen-anhalt.de\/blog\/wp-json\/wp\/v2\/types\/post"}],"author":[{"embeddable":true,"href":"https:\/\/www.dalmatiner-sachsen-anhalt.de\/blog\/wp-json\/wp\/v2\/users\/1"}],"replies":[{"embeddable":true,"href":"https:\/\/www.dalmatiner-sachsen-anhalt.de\/blog\/wp-json\/wp\/v2\/comments?post=6392"}],"version-history":[{"count":3,"href":"https:\/\/www.dalmatiner-sachsen-anhalt.de\/blog\/wp-json\/wp\/v2\/posts\/6392\/revisions"}],"predecessor-version":[{"id":6400,"href":"https:\/\/www.dalmatiner-sachsen-anhalt.de\/blog\/wp-json\/wp\/v2\/posts\/6392\/revisions\/6400"}],"wp:featuredmedia":[{"embeddable":true,"href":"https:\/\/www.dalmatiner-sachsen-anhalt.de\/blog\/wp-json\/wp\/v2\/media\/6395"}],"wp:attachment":[{"href":"https:\/\/www.dalmatiner-sachsen-anhalt.de\/blog\/wp-json\/wp\/v2\/media?parent=6392"}],"wp:term":[{"taxonomy":"category","embeddable":true,"href":"https:\/\/www.dalmatiner-sachsen-anhalt.de\/blog\/wp-json\/wp\/v2\/categories?post=6392"},{"taxonomy":"post_tag","embeddable":true,"href":"https:\/\/www.dalmatiner-sachsen-anhalt.de\/blog\/wp-json\/wp\/v2\/tags?post=6392"}],"curies":[{"name":"wp","href":"https:\/\/api.w.org\/{rel}","templated":true}]}}