{"id":6746,"date":"2017-07-09T17:40:38","date_gmt":"2017-07-09T15:40:38","guid":{"rendered":"http:\/\/www.dalmatiner-sachsen-anhalt.de\/blog\/?p=6746"},"modified":"2017-07-09T17:40:38","modified_gmt":"2017-07-09T15:40:38","slug":"ausstellung-paaren-carlotta","status":"publish","type":"post","link":"https:\/\/www.dalmatiner-sachsen-anhalt.de\/blog\/6746\/","title":{"rendered":"Ausstellung Paaren &#8211; Carlotta"},"content":{"rendered":"<p>&nbsp;<\/p>\n<p><strong>Carlotta von den Sandst&#252;cken<\/strong> erreichte in Paaren (Spezialzuchtschau) von 10 H&#252;ndinnen in der OKl den 2. Platz mit der Formwertnote <strong>V<\/strong>orz&#252;glich.<\/p>\n<p>Wir freuen uns mit der\u00a0Besitzerin \/ Ausstellerin Michaela. Das habt Ihr prima gemacht! Wir sind stolz auf Euch! \ud83d\ude42<\/p>\n<div data-carousel-extra='{\"blog_id\":1,\"permalink\":\"https:\\\/\\\/www.dalmatiner-sachsen-anhalt.de\\\/blog\\\/6746\\\/\"}' class=\"tiled-gallery type-rectangular\" data-original-width=\"584\"><div class=\"gallery-row\" style=\"width: 579px; height: 243px;\"><div class=\"gallery-group images-2\" style=\"width: 208px; height: 247px;\"><div class=\"tiled-gallery-item tiled-gallery-item-small\"><a href=\"https:\/\/www.dalmatiner-sachsen-anhalt.de\/blog\/6746\/carlotta-vds-paaren2\/\"><img data-attachment-id=\"6750\" data-orig-file=\"https:\/\/www.dalmatiner-sachsen-anhalt.de\/blog\/wp-content\/uploads\/2017\/07\/carlotta-vds-paaren2.jpg\" data-orig-size=\"2048,1035\" data-comments-opened=\"1\" data-image-meta=\"{&quot;aperture&quot;:&quot;0&quot;,&quot;credit&quot;:&quot;&quot;,&quot;camera&quot;:&quot;&quot;,&quot;caption&quot;:&quot;&quot;,&quot;created_timestamp&quot;:&quot;0&quot;,&quot;copyright&quot;:&quot;&quot;,&quot;focal_length&quot;:&quot;0&quot;,&quot;iso&quot;:&quot;0&quot;,&quot;shutter_speed&quot;:&quot;0&quot;,&quot;title&quot;:&quot;&quot;,&quot;orientation&quot;:&quot;0&quot;}\" data-image-title=\"carlotta vds paaren2\" data-image-description=\"\" data-medium-file=\"https:\/\/i0.wp.com\/www.dalmatiner-sachsen-anhalt.de\/blog\/wp-content\/uploads\/2017\/07\/carlotta-vds-paaren2.jpg?fit=300%2C152&#038;ssl=1\" data-large-file=\"https:\/\/i0.wp.com\/www.dalmatiner-sachsen-anhalt.de\/blog\/wp-content\/uploads\/2017\/07\/carlotta-vds-paaren2.jpg?fit=584%2C295&#038;ssl=1\" src=\"https:\/\/i0.wp.com\/www.dalmatiner-sachsen-anhalt.de\/blog\/wp-content\/uploads\/2017\/07\/carlotta-vds-paaren2-204x103.jpg\" width=\"204\" height=\"103\" align=\"left\" title=\"carlotta vds paaren2\" \/><\/a><\/div><div class=\"tiled-gallery-item tiled-gallery-item-small\"><a href=\"https:\/\/www.dalmatiner-sachsen-anhalt.de\/blog\/6746\/carlotta-vds-paaren1\/\"><img data-attachment-id=\"6749\" data-orig-file=\"https:\/\/www.dalmatiner-sachsen-anhalt.de\/blog\/wp-content\/uploads\/2017\/07\/carlotta-vds-paaren1.jpg\" data-orig-size=\"2048,1365\" data-comments-opened=\"1\" data-image-meta=\"{&quot;aperture&quot;:&quot;0&quot;,&quot;credit&quot;:&quot;&quot;,&quot;camera&quot;:&quot;&quot;,&quot;caption&quot;:&quot;&quot;,&quot;created_timestamp&quot;:&quot;0&quot;,&quot;copyright&quot;:&quot;&quot;,&quot;focal_length&quot;:&quot;0&quot;,&quot;iso&quot;:&quot;0&quot;,&quot;shutter_speed&quot;:&quot;0&quot;,&quot;title&quot;:&quot;&quot;,&quot;orientation&quot;:&quot;0&quot;}\" data-image-title=\"carlotta vds paaren1\" data-image-description=\"\" data-medium-file=\"https:\/\/i0.wp.com\/www.dalmatiner-sachsen-anhalt.de\/blog\/wp-content\/uploads\/2017\/07\/carlotta-vds-paaren1.jpg?fit=300%2C200&#038;ssl=1\" data-large-file=\"https:\/\/i0.wp.com\/www.dalmatiner-sachsen-anhalt.de\/blog\/wp-content\/uploads\/2017\/07\/carlotta-vds-paaren1.jpg?fit=584%2C390&#038;ssl=1\" src=\"https:\/\/i0.wp.com\/www.dalmatiner-sachsen-anhalt.de\/blog\/wp-content\/uploads\/2017\/07\/carlotta-vds-paaren1-204x136.jpg\" width=\"204\" height=\"136\" align=\"left\" title=\"carlotta vds paaren1\" \/><\/a><\/div><\/div><div class=\"gallery-group images-1\" style=\"width: 371px; height: 247px;\"><div class=\"tiled-gallery-item tiled-gallery-item-large\"><a href=\"https:\/\/www.dalmatiner-sachsen-anhalt.de\/blog\/6746\/carlotta-vds-paaren\/\"><img data-attachment-id=\"6748\" data-orig-file=\"https:\/\/www.dalmatiner-sachsen-anhalt.de\/blog\/wp-content\/uploads\/2017\/07\/carlotta-vds-paaren.jpg\" data-orig-size=\"2048,1360\" data-comments-opened=\"1\" data-image-meta=\"{&quot;aperture&quot;:&quot;0&quot;,&quot;credit&quot;:&quot;&quot;,&quot;camera&quot;:&quot;&quot;,&quot;caption&quot;:&quot;&quot;,&quot;created_timestamp&quot;:&quot;0&quot;,&quot;copyright&quot;:&quot;&quot;,&quot;focal_length&quot;:&quot;0&quot;,&quot;iso&quot;:&quot;0&quot;,&quot;shutter_speed&quot;:&quot;0&quot;,&quot;title&quot;:&quot;&quot;,&quot;orientation&quot;:&quot;0&quot;}\" data-image-title=\"carlotta vds paaren\" data-image-description=\"\" data-medium-file=\"https:\/\/i0.wp.com\/www.dalmatiner-sachsen-anhalt.de\/blog\/wp-content\/uploads\/2017\/07\/carlotta-vds-paaren.jpg?fit=300%2C199&#038;ssl=1\" data-large-file=\"https:\/\/i0.wp.com\/www.dalmatiner-sachsen-anhalt.de\/blog\/wp-content\/uploads\/2017\/07\/carlotta-vds-paaren.jpg?fit=584%2C388&#038;ssl=1\" src=\"https:\/\/i0.wp.com\/www.dalmatiner-sachsen-anhalt.de\/blog\/wp-content\/uploads\/2017\/07\/carlotta-vds-paaren-367x243.jpg\" width=\"367\" height=\"243\" align=\"left\" title=\"carlotta vds paaren\" \/><\/a><\/div><\/div><\/div><div class=\"gallery-row\" style=\"width: 579px; height: 575px;\"><div class=\"gallery-group images-1\" style=\"width: 579px; height: 579px;\"><div class=\"tiled-gallery-item tiled-gallery-item-large\"><a href=\"https:\/\/www.dalmatiner-sachsen-anhalt.de\/blog\/6746\/carlotta-vds-paaren3\/\"><img data-attachment-id=\"6747\" data-orig-file=\"https:\/\/www.dalmatiner-sachsen-anhalt.de\/blog\/wp-content\/uploads\/2017\/07\/carlotta-vds-paaren3.jpg\" data-orig-size=\"1425,1425\" data-comments-opened=\"1\" data-image-meta=\"{&quot;aperture&quot;:&quot;0&quot;,&quot;credit&quot;:&quot;&quot;,&quot;camera&quot;:&quot;&quot;,&quot;caption&quot;:&quot;&quot;,&quot;created_timestamp&quot;:&quot;0&quot;,&quot;copyright&quot;:&quot;&quot;,&quot;focal_length&quot;:&quot;0&quot;,&quot;iso&quot;:&quot;0&quot;,&quot;shutter_speed&quot;:&quot;0&quot;,&quot;title&quot;:&quot;&quot;,&quot;orientation&quot;:&quot;0&quot;}\" data-image-title=\"carlotta vds paaren3\" data-image-description=\"\" data-medium-file=\"https:\/\/i0.wp.com\/www.dalmatiner-sachsen-anhalt.de\/blog\/wp-content\/uploads\/2017\/07\/carlotta-vds-paaren3.jpg?fit=300%2C300&#038;ssl=1\" data-large-file=\"https:\/\/i0.wp.com\/www.dalmatiner-sachsen-anhalt.de\/blog\/wp-content\/uploads\/2017\/07\/carlotta-vds-paaren3.jpg?fit=584%2C584&#038;ssl=1\" src=\"https:\/\/i0.wp.com\/www.dalmatiner-sachsen-anhalt.de\/blog\/wp-content\/uploads\/2017\/07\/carlotta-vds-paaren3-575x575.jpg\" width=\"575\" height=\"575\" align=\"left\" title=\"carlotta vds paaren3\" \/><\/a><\/div><\/div><\/div><\/div>\n","protected":false},"excerpt":{"rendered":"<p>&nbsp; Carlotta von den Sandst&#252;cken erreichte in Paaren (Spezialzuchtschau) von 10 H&#252;ndinnen in der OKl den 2. Platz mit der Formwertnote Vorz&#252;glich. Wir freuen uns mit der\u00a0Besitzerin \/ Ausstellerin Michaela. Das habt Ihr prima gemacht! Wir sind stolz auf Euch! &hellip; <a href=\"https:\/\/www.dalmatiner-sachsen-anhalt.de\/blog\/6746\/\">Continue reading <span class=\"meta-nav\">&rarr;<\/span><\/a><\/p>\n","protected":false},"author":1,"featured_media":6750,"comment_status":"open","ping_status":"open","sticky":false,"template":"","format":"standard","meta":{"jetpack_post_was_ever_published":false,"jetpack_publicize_message":"","jetpack_is_tweetstorm":false,"jetpack_publicize_feature_enabled":true,"jetpack_social_post_already_shared":true,"jetpack_social_options":[]},"categories":[856,997,371,1312,1210,3],"tags":[1313,1115,1315,1314,686],"jetpack_publicize_connections":[],"jetpack_featured_media_url":"https:\/\/i0.wp.com\/www.dalmatiner-sachsen-anhalt.de\/blog\/wp-content\/uploads\/2017\/07\/carlotta-vds-paaren2.jpg?fit=2048%2C1035&ssl=1","jetpack_shortlink":"https:\/\/wp.me\/px1eF-1KO","jetpack_sharing_enabled":true,"jetpack_likes_enabled":true,"jetpack-related-posts":[{"id":6096,"url":"https:\/\/www.dalmatiner-sachsen-anhalt.de\/blog\/6096\/","url_meta":{"origin":6746,"position":0},"title":"Carlotta von den Sandst&#252;cken","date":"31. Mai 2014","format":false,"excerpt":"\u00a0 ...konnte im Mai zur Ausstellung des DDC in Siek in der Jugendklasse mit \"Vorz\u00fcglich\" bewertet werden, und sie erreichte den 4. Platz. Herzlichen Gl\u00fcckwunsch an Michaela H. Das habt Ihr ganz toll gemacht. :-)","rel":"","context":"In &quot;Ausstellungen&quot;","img":{"alt_text":"carlotta-vds-v4-in-siek-2014","src":"https:\/\/i0.wp.com\/www.dalmatiner-sachsen-anhalt.de\/blog\/wp-content\/uploads\/2014\/05\/carlotta-vds-v4-in-siek-2014-300x200.jpg?resize=350%2C200","width":350,"height":200},"classes":[]},{"id":6169,"url":"https:\/\/www.dalmatiner-sachsen-anhalt.de\/blog\/6169\/","url_meta":{"origin":6746,"position":1},"title":"Carlotta vdS in Siek","date":"25. Juni 2015","format":false,"excerpt":"Siek LGA Hanse-Nord des DDC 2015 Carlotta von den Sandst\u00fccken (2 Jahre 5 Monate) erreichte in der Offenen Klasse Die Formwertnote \"Vorz\u00fcglich\". Wir freuen uns mit Michaela \u00fcber dieses sch\u00f6ne Ergebnis. Macht weiter so! :-)","rel":"","context":"In &quot;C-Wurf&quot;","img":{"alt_text":"carlotta-von-den-sandstuecken-in-siek","src":"https:\/\/i0.wp.com\/www.dalmatiner-sachsen-anhalt.de\/blog\/wp-content\/uploads\/2015\/06\/2015-SIECK-V-1024x683.jpg?resize=350%2C200","width":350,"height":200},"classes":[]},{"id":5784,"url":"https:\/\/www.dalmatiner-sachsen-anhalt.de\/blog\/5784\/","url_meta":{"origin":6746,"position":2},"title":"Carlotta vdS","date":"20. August 2013","format":false,"excerpt":"\u00a0 Carlotta von den Sandst\u00fccken konnte in Pritzhagen 2 x die Bewertung \"Vielversprechend\" und den 2. Platz in der J\u00fcngstenklasse erreichen. Das war ihre 1. Ausstellung mit 7 Monaten. Und sie hat es super gemacht mit ihrem Frauchen. Herzlichen Gl\u00fcckwunsch Michaela und Tim. Und Danke f\u00fcr die sch\u00f6ne Pr\u00e4sentation.","rel":"","context":"In &quot;Ausstellungen&quot;","img":{"alt_text":"Carlotta vdS-pritzhagen2013-vv2_6016","src":"https:\/\/i0.wp.com\/www.dalmatiner-sachsen-anhalt.de\/blog\/wp-content\/uploads\/2013\/08\/Carlotta-vdS-pritzhagen2013-vv2_6016.jpg?resize=350%2C200","width":350,"height":200},"classes":[]},{"id":5217,"url":"https:\/\/www.dalmatiner-sachsen-anhalt.de\/blog\/5217\/","url_meta":{"origin":6746,"position":3},"title":"Carlotta von den Sandst&#252;cken","date":"19. M&auml;rz 2013","format":false,"excerpt":"\u00a0 Hier zeigen wir ein Stehbild von Carlotta im Alter von 52 Tagen \u2013 Anfang 8. Woche.","rel":"","context":"In &quot;C-Wurf&quot;","img":{"alt_text":"carlotta-vds-8 Wochen","src":"https:\/\/i0.wp.com\/www.dalmatiner-sachsen-anhalt.de\/blog\/wp-content\/uploads\/2013\/03\/dalmatiner-welpe-carlotta-vds-8-Wochen-alt_1779-1024x681.jpg?resize=350%2C200","width":350,"height":200},"classes":[]},{"id":6125,"url":"https:\/\/www.dalmatiner-sachsen-anhalt.de\/blog\/6125\/","url_meta":{"origin":6746,"position":4},"title":"Barleben 2014","date":"29. Juni 2014","format":false,"excerpt":"Eine sch\u00f6ne Ausstellung des DVD in Barleben. Wir haben uns \u00fcber lieben Besuch gefreut. Michaela, Denise und Janine - sch\u00f6n da\u00df Ihr hier ward mit Euren \"Sandst\u00fccken\".","rel":"","context":"In &quot;A-Wurf&quot;","img":{"alt_text":"","src":"https:\/\/i0.wp.com\/www.dalmatiner-sachsen-anhalt.de\/blog\/wp-content\/uploads\/2014\/06\/IMG_1378.jpg?fit=1154%2C768&ssl=1&resize=350%2C200","width":350,"height":200},"classes":[]},{"id":5929,"url":"https:\/\/www.dalmatiner-sachsen-anhalt.de\/blog\/5929\/","url_meta":{"origin":6746,"position":5},"title":"Carlotta vdS","date":"9. Januar 2014","format":"image","excerpt":"Die 11 Monate alte Carlotta sieht ihrer Mama sehr \u00e4hnlich.","rel":"","context":"In &quot;C-Wurf&quot;","img":{"alt_text":"Carlotta-vdS-11-Monate 2013","src":"https:\/\/i0.wp.com\/www.dalmatiner-sachsen-anhalt.de\/blog\/wp-content\/uploads\/2014\/01\/Carlotta-vdS-11-Monate-2013-1024x682.jpg?resize=350%2C200","width":350,"height":200},"classes":[]}],"_links":{"self":[{"href":"https:\/\/www.dalmatiner-sachsen-anhalt.de\/blog\/wp-json\/wp\/v2\/posts\/6746"}],"collection":[{"href":"https:\/\/www.dalmatiner-sachsen-anhalt.de\/blog\/wp-json\/wp\/v2\/posts"}],"about":[{"href":"https:\/\/www.dalmatiner-sachsen-anhalt.de\/blog\/wp-json\/wp\/v2\/types\/post"}],"author":[{"embeddable":true,"href":"https:\/\/www.dalmatiner-sachsen-anhalt.de\/blog\/wp-json\/wp\/v2\/users\/1"}],"replies":[{"embeddable":true,"href":"https:\/\/www.dalmatiner-sachsen-anhalt.de\/blog\/wp-json\/wp\/v2\/comments?post=6746"}],"version-history":[{"count":3,"href":"https:\/\/www.dalmatiner-sachsen-anhalt.de\/blog\/wp-json\/wp\/v2\/posts\/6746\/revisions"}],"predecessor-version":[{"id":6754,"href":"https:\/\/www.dalmatiner-sachsen-anhalt.de\/blog\/wp-json\/wp\/v2\/posts\/6746\/revisions\/6754"}],"wp:featuredmedia":[{"embeddable":true,"href":"https:\/\/www.dalmatiner-sachsen-anhalt.de\/blog\/wp-json\/wp\/v2\/media\/6750"}],"wp:attachment":[{"href":"https:\/\/www.dalmatiner-sachsen-anhalt.de\/blog\/wp-json\/wp\/v2\/media?parent=6746"}],"wp:term":[{"taxonomy":"category","embeddable":true,"href":"https:\/\/www.dalmatiner-sachsen-anhalt.de\/blog\/wp-json\/wp\/v2\/categories?post=6746"},{"taxonomy":"post_tag","embeddable":true,"href":"https:\/\/www.dalmatiner-sachsen-anhalt.de\/blog\/wp-json\/wp\/v2\/tags?post=6746"}],"curies":[{"name":"wp","href":"https:\/\/api.w.org\/{rel}","templated":true}]}}