{"id":6824,"date":"2018-06-08T05:15:36","date_gmt":"2018-06-08T03:15:36","guid":{"rendered":"http:\/\/www.dalmatiner-sachsen-anhalt.de\/blog\/?p=6824"},"modified":"2018-06-07T21:24:34","modified_gmt":"2018-06-07T19:24:34","slug":"herzliche-gluckwunsche","status":"publish","type":"post","link":"https:\/\/www.dalmatiner-sachsen-anhalt.de\/blog\/6824\/","title":{"rendered":"Herzliche Gl&#252;ckw&#252;nsche&#8230;"},"content":{"rendered":"<p>&nbsp;<\/p>\n<p>gehen auf die Reise zu Ares, Amigo, Aslan, Aaron, Attila, Antonia, Amelie und Athene von den Sandst&#252;cken. Der A-Wurf wird heute 9 Jahre alt. La&#223;t Euch sch&#246;n verw&#246;hnen, Ihr Fellnasen.<\/p>\n<p><img data-attachment-id=\"6825\" data-permalink=\"https:\/\/www.dalmatiner-sachsen-anhalt.de\/blog\/6824\/welpen-tag47_1799\/\" data-orig-file=\"https:\/\/i0.wp.com\/www.dalmatiner-sachsen-anhalt.de\/blog\/wp-content\/uploads\/2018\/06\/welpen-tag47_1799.jpg?fit=1150%2C768&amp;ssl=1\" data-orig-size=\"1150,768\" data-comments-opened=\"1\" data-image-meta=\"{&quot;aperture&quot;:&quot;0&quot;,&quot;credit&quot;:&quot;&quot;,&quot;camera&quot;:&quot;&quot;,&quot;caption&quot;:&quot;&quot;,&quot;created_timestamp&quot;:&quot;0&quot;,&quot;copyright&quot;:&quot;&quot;,&quot;focal_length&quot;:&quot;0&quot;,&quot;iso&quot;:&quot;0&quot;,&quot;shutter_speed&quot;:&quot;0&quot;,&quot;title&quot;:&quot;&quot;,&quot;orientation&quot;:&quot;0&quot;}\" data-image-title=\"welpen-tag47_1799\" data-image-description=\"\" data-image-caption=\"\" data-medium-file=\"https:\/\/i0.wp.com\/www.dalmatiner-sachsen-anhalt.de\/blog\/wp-content\/uploads\/2018\/06\/welpen-tag47_1799.jpg?fit=300%2C200&amp;ssl=1\" data-large-file=\"https:\/\/i0.wp.com\/www.dalmatiner-sachsen-anhalt.de\/blog\/wp-content\/uploads\/2018\/06\/welpen-tag47_1799.jpg?fit=584%2C390&amp;ssl=1\" decoding=\"async\" loading=\"lazy\" class=\"aligncenter size-large wp-image-6825\" src=\"https:\/\/i0.wp.com\/www.dalmatiner-sachsen-anhalt.de\/blog\/wp-content\/uploads\/2018\/06\/welpen-tag47_1799.jpg?resize=584%2C390&#038;ssl=1\" alt=\"A-Wurf Tag 47\" width=\"584\" height=\"390\" srcset=\"https:\/\/i0.wp.com\/www.dalmatiner-sachsen-anhalt.de\/blog\/wp-content\/uploads\/2018\/06\/welpen-tag47_1799.jpg?resize=1024%2C684&amp;ssl=1 1024w, https:\/\/i0.wp.com\/www.dalmatiner-sachsen-anhalt.de\/blog\/wp-content\/uploads\/2018\/06\/welpen-tag47_1799.jpg?resize=150%2C100&amp;ssl=1 150w, https:\/\/i0.wp.com\/www.dalmatiner-sachsen-anhalt.de\/blog\/wp-content\/uploads\/2018\/06\/welpen-tag47_1799.jpg?resize=300%2C200&amp;ssl=1 300w, https:\/\/i0.wp.com\/www.dalmatiner-sachsen-anhalt.de\/blog\/wp-content\/uploads\/2018\/06\/welpen-tag47_1799.jpg?resize=768%2C513&amp;ssl=1 768w, https:\/\/i0.wp.com\/www.dalmatiner-sachsen-anhalt.de\/blog\/wp-content\/uploads\/2018\/06\/welpen-tag47_1799.jpg?resize=449%2C300&amp;ssl=1 449w, https:\/\/i0.wp.com\/www.dalmatiner-sachsen-anhalt.de\/blog\/wp-content\/uploads\/2018\/06\/welpen-tag47_1799.jpg?w=1150&amp;ssl=1 1150w\" sizes=\"(max-width: 584px) 100vw, 584px\" data-recalc-dims=\"1\" \/><\/p>\n","protected":false},"excerpt":{"rendered":"<p>&nbsp; gehen auf die Reise zu Ares, Amigo, Aslan, Aaron, Attila, Antonia, Amelie und Athene von den Sandst&#252;cken. Der A-Wurf wird heute 9 Jahre alt. La&#223;t Euch sch&#246;n verw&#246;hnen, Ihr Fellnasen.<\/p>\n","protected":false},"author":1,"featured_media":0,"comment_status":"open","ping_status":"open","sticky":false,"template":"","format":"standard","meta":{"jetpack_post_was_ever_published":false,"jetpack_publicize_message":"","jetpack_is_tweetstorm":false,"jetpack_publicize_feature_enabled":true,"jetpack_social_post_already_shared":true,"jetpack_social_options":[]},"categories":[13,106,110,107,111,88,108,112,109],"tags":[1310,1286,1290,1287,1291,1285,1288,1292,1289],"jetpack_publicize_connections":[],"jetpack_featured_media_url":"","jetpack_shortlink":"https:\/\/wp.me\/px1eF-1M4","jetpack_sharing_enabled":true,"jetpack_likes_enabled":true,"jetpack-related-posts":[{"id":2354,"url":"https:\/\/www.dalmatiner-sachsen-anhalt.de\/blog\/2354\/","url_meta":{"origin":6824,"position":0},"title":"1. Geburtstag","date":"8. Juni 2010","format":false,"excerpt":"Unser A- Wurf wird heute genau ein Jahr alt. HERZLICHE GL\u00dcCKW\u00dcNSCHE gehen an Ares, Amigo, Aslan, Aaron, Attila, Athene, Antonia und Amelie! Bleibt sch\u00f6n gesund und lasst Euch heute von Euren 2- Beinern ganz besonders gut verw\u00f6hnen.","rel":"","context":"In &quot;A-Wurf&quot;","img":{"alt_text":"","src":"https:\/\/i0.wp.com\/www.dalmatiner-sachsen-anhalt.de\/blog\/wp-content\/uploads\/2010\/06\/welpen-tag42_1392-1024x683.jpg?resize=350%2C200","width":350,"height":200},"classes":[]},{"id":4214,"url":"https:\/\/www.dalmatiner-sachsen-anhalt.de\/blog\/4214\/","url_meta":{"origin":6824,"position":1},"title":"Der A- Wurf vdS wird 3","date":"8. Juni 2012","format":false,"excerpt":"Zum 3. Geburtstag w\u00fcnschen wir Athene, Antonia, Amelie, Aslan, Attila, Aaron, Ares und Amigo alles Gute. Habt einen sch\u00f6nen Tag und la\u00dft Euch heute ganz besonders gut verw\u00f6hnen. Euer Schermener Rudel","rel":"","context":"In &quot;Aaron&quot;","img":{"alt_text":"","src":"https:\/\/i0.wp.com\/www.dalmatiner-sachsen-anhalt.de\/blog\/wp-content\/uploads\/2012\/06\/2012-06-07_athene-vdS_0870.jpg?fit=1154%2C768&ssl=1&resize=350%2C200","width":350,"height":200},"classes":[]},{"id":3547,"url":"https:\/\/www.dalmatiner-sachsen-anhalt.de\/blog\/3547\/","url_meta":{"origin":6824,"position":2},"title":"Herzlichen Gl&#252;ckwunsch A- Wurf!","date":"8. Juni 2011","format":false,"excerpt":"Zum 2. Geburtstag gratulieren wir ganz besonders herzlich unseren stattlichen R\u00fcden Ares, Attila, Amigo, Aaron, Aslan und den sch\u00f6nen H\u00fcndinnen Amelie, Athene und Antonia. La\u00dft Euch heute besonders gut von Euren 2- Beinern verw\u00f6hnen und schickt uns Bilder von Euch! Euer Rudel aus Schermen","rel":"","context":"In &quot;A-Wurf&quot;","img":{"alt_text":"","src":"https:\/\/i0.wp.com\/www.dalmatiner-sachsen-anhalt.de\/blog\/wp-content\/uploads\/2011\/06\/IMG_1450.jpg?resize=350%2C200","width":350,"height":200},"classes":[]},{"id":3553,"url":"https:\/\/www.dalmatiner-sachsen-anhalt.de\/blog\/3553\/","url_meta":{"origin":6824,"position":3},"title":"Geburtstagsfeier","date":"9. Juni 2011","format":false,"excerpt":"Gestern gab es f\u00fcr Athene und nat\u00fcrlich auch Mama Hummel ganz besondere Leckerlies und Kauknochen, das hat geschmeckt. Ich hoffe auch ihr Ares, Attila, Aslan, Amigo,Aaron, Antonia und Amelie hattet einen sch\u00f6nen 2. Geburtstag und habt Euch kr\u00e4ftig verw\u00f6hnen lassen. Danke an\u00a0 Familie Johanns f\u00fcr die lieben Gl\u00fcckw\u00fcnsche und das\u2026","rel":"","context":"In &quot;A-Wurf&quot;","img":{"alt_text":"","src":"https:\/\/i0.wp.com\/www.dalmatiner-sachsen-anhalt.de\/blog\/wp-content\/uploads\/2011\/06\/Geburtstag-A-chen_0698-227x151.jpg?resize=350%2C200","width":350,"height":200},"classes":[]},{"id":946,"url":"https:\/\/www.dalmatiner-sachsen-anhalt.de\/blog\/946\/","url_meta":{"origin":6824,"position":4},"title":"Reservierungen und AEP","date":"21. Juli 2009","format":false,"excerpt":"Es sind weitere Reservierungen eingegangen und Besichtigungen geplant, ein aufregendes Wochenende f\u00fcr die Welpen steht bevor, da auch Dr.Kr\u00f6ger aus Berlin anreist um die AEP Tests durchzuf\u00fchren","rel":"","context":"In &quot;A-Wurf&quot;","img":{"alt_text":"welpen-tag42_1389","src":"https:\/\/i0.wp.com\/www.dalmatiner-sachsen-anhalt.de\/blog\/wp-content\/uploads\/2009\/07\/welpen-tag42_1389.JPG?resize=350%2C200","width":350,"height":200},"classes":[]},{"id":6103,"url":"https:\/\/www.dalmatiner-sachsen-anhalt.de\/blog\/6103\/","url_meta":{"origin":6824,"position":5},"title":"Athene hat Geburtstag&#8230;","date":"8. Juni 2014","format":false,"excerpt":"\u00a0 ...und sie wird heute 5 Jahre alt. Sie ist die Mutter des C-Wurfes unserer Zuchtst\u00e4tte. Wir gratulieren unserer geliebten Punkte-Maus und ihren Wurfgeschwistern Ares, Attila, Amigo, Aslan, Aaron, Amelie und Antonia <3 Mama Hummel singt ein Geburtstagsst\u00e4ndchen. Anschlie\u00dfend wird gemeinsam gefr\u00fchst\u00fcckt. :-) \u00a0 \u00a0","rel":"","context":"In &quot;A-Wurf&quot;","img":{"alt_text":"IMG_1261-gemeinsames-fruehsteck","src":"https:\/\/i0.wp.com\/www.dalmatiner-sachsen-anhalt.de\/blog\/wp-content\/uploads\/2014\/06\/IMG_1261.jpg?fit=1154%2C768&ssl=1&resize=350%2C200","width":350,"height":200},"classes":[]}],"_links":{"self":[{"href":"https:\/\/www.dalmatiner-sachsen-anhalt.de\/blog\/wp-json\/wp\/v2\/posts\/6824"}],"collection":[{"href":"https:\/\/www.dalmatiner-sachsen-anhalt.de\/blog\/wp-json\/wp\/v2\/posts"}],"about":[{"href":"https:\/\/www.dalmatiner-sachsen-anhalt.de\/blog\/wp-json\/wp\/v2\/types\/post"}],"author":[{"embeddable":true,"href":"https:\/\/www.dalmatiner-sachsen-anhalt.de\/blog\/wp-json\/wp\/v2\/users\/1"}],"replies":[{"embeddable":true,"href":"https:\/\/www.dalmatiner-sachsen-anhalt.de\/blog\/wp-json\/wp\/v2\/comments?post=6824"}],"version-history":[{"count":1,"href":"https:\/\/www.dalmatiner-sachsen-anhalt.de\/blog\/wp-json\/wp\/v2\/posts\/6824\/revisions"}],"predecessor-version":[{"id":6826,"href":"https:\/\/www.dalmatiner-sachsen-anhalt.de\/blog\/wp-json\/wp\/v2\/posts\/6824\/revisions\/6826"}],"wp:attachment":[{"href":"https:\/\/www.dalmatiner-sachsen-anhalt.de\/blog\/wp-json\/wp\/v2\/media?parent=6824"}],"wp:term":[{"taxonomy":"category","embeddable":true,"href":"https:\/\/www.dalmatiner-sachsen-anhalt.de\/blog\/wp-json\/wp\/v2\/categories?post=6824"},{"taxonomy":"post_tag","embeddable":true,"href":"https:\/\/www.dalmatiner-sachsen-anhalt.de\/blog\/wp-json\/wp\/v2\/tags?post=6824"}],"curies":[{"name":"wp","href":"https:\/\/api.w.org\/{rel}","templated":true}]}}