{"id":6898,"date":"2019-01-27T20:44:54","date_gmt":"2019-01-27T18:44:54","guid":{"rendered":"http:\/\/www.dalmatiner-sachsen-anhalt.de\/blog\/?p=6898"},"modified":"2019-01-27T20:58:28","modified_gmt":"2019-01-27T18:58:28","slug":"hd-a1-fur-unsere-hermine","status":"publish","type":"post","link":"https:\/\/www.dalmatiner-sachsen-anhalt.de\/blog\/6898\/","title":{"rendered":"HD A1 f&#252;r unsere Hermine"},"content":{"rendered":"<p>&nbsp;<\/p>\n<p><strong>Juchu!!!<\/strong><br \/>\nDie HD- Auswertung f&#252;r Hermine ist gekommen. Sie hat eine <strong>HD A1<\/strong>, also alles perfekt &#8211; wir freuen uns sehr. Die Hummel- Gro&#223;nichte kann nun unsere Zuchtlinie fortf&#252;hren.<\/p>\n<p><img data-attachment-id=\"6899\" data-permalink=\"https:\/\/www.dalmatiner-sachsen-anhalt.de\/blog\/6898\/hermine1\/\" data-orig-file=\"https:\/\/i0.wp.com\/www.dalmatiner-sachsen-anhalt.de\/blog\/wp-content\/uploads\/2019\/01\/hermine1.jpg?fit=1024%2C768&amp;ssl=1\" data-orig-size=\"1024,768\" data-comments-opened=\"1\" data-image-meta=\"{&quot;aperture&quot;:&quot;0&quot;,&quot;credit&quot;:&quot;&quot;,&quot;camera&quot;:&quot;&quot;,&quot;caption&quot;:&quot;&quot;,&quot;created_timestamp&quot;:&quot;0&quot;,&quot;copyright&quot;:&quot;&quot;,&quot;focal_length&quot;:&quot;0&quot;,&quot;iso&quot;:&quot;0&quot;,&quot;shutter_speed&quot;:&quot;0&quot;,&quot;title&quot;:&quot;&quot;,&quot;orientation&quot;:&quot;0&quot;}\" data-image-title=\"hermine-vom-roten-herzfleck\" data-image-description=\"\" data-image-caption=\"\" data-medium-file=\"https:\/\/i0.wp.com\/www.dalmatiner-sachsen-anhalt.de\/blog\/wp-content\/uploads\/2019\/01\/hermine1.jpg?fit=300%2C225&amp;ssl=1\" data-large-file=\"https:\/\/i0.wp.com\/www.dalmatiner-sachsen-anhalt.de\/blog\/wp-content\/uploads\/2019\/01\/hermine1.jpg?fit=584%2C438&amp;ssl=1\" decoding=\"async\" loading=\"lazy\" class=\"aligncenter wp-image-6899 size-large\" src=\"https:\/\/i0.wp.com\/www.dalmatiner-sachsen-anhalt.de\/blog\/wp-content\/uploads\/2019\/01\/hermine1.jpg?resize=584%2C438&#038;ssl=1\" alt=\"\" width=\"584\" height=\"438\" srcset=\"https:\/\/i0.wp.com\/www.dalmatiner-sachsen-anhalt.de\/blog\/wp-content\/uploads\/2019\/01\/hermine1.jpg?w=1024&amp;ssl=1 1024w, https:\/\/i0.wp.com\/www.dalmatiner-sachsen-anhalt.de\/blog\/wp-content\/uploads\/2019\/01\/hermine1.jpg?resize=150%2C113&amp;ssl=1 150w, https:\/\/i0.wp.com\/www.dalmatiner-sachsen-anhalt.de\/blog\/wp-content\/uploads\/2019\/01\/hermine1.jpg?resize=300%2C225&amp;ssl=1 300w, https:\/\/i0.wp.com\/www.dalmatiner-sachsen-anhalt.de\/blog\/wp-content\/uploads\/2019\/01\/hermine1.jpg?resize=768%2C576&amp;ssl=1 768w, https:\/\/i0.wp.com\/www.dalmatiner-sachsen-anhalt.de\/blog\/wp-content\/uploads\/2019\/01\/hermine1.jpg?resize=400%2C300&amp;ssl=1 400w\" sizes=\"(max-width: 584px) 100vw, 584px\" data-recalc-dims=\"1\" \/><\/p>\n","protected":false},"excerpt":{"rendered":"<p>&nbsp; Juchu!!! Die HD- Auswertung f&#252;r Hermine ist gekommen. Sie hat eine HD A1, also alles perfekt &#8211; wir freuen uns sehr. Die Hummel- Gro&#223;nichte kann nun unsere Zuchtlinie fortf&#252;hren.<\/p>\n","protected":false},"author":1,"featured_media":0,"comment_status":"open","ping_status":"open","sticky":false,"template":"","format":"standard","meta":{"jetpack_post_was_ever_published":false,"jetpack_publicize_message":"","jetpack_is_tweetstorm":false,"jetpack_publicize_feature_enabled":true,"jetpack_social_post_already_shared":true,"jetpack_social_options":[]},"categories":[1309],"tags":[1316],"jetpack_publicize_connections":[],"jetpack_featured_media_url":"","jetpack_shortlink":"https:\/\/wp.me\/px1eF-1Ng","jetpack_sharing_enabled":true,"jetpack_likes_enabled":true,"jetpack-related-posts":[{"id":6838,"url":"https:\/\/www.dalmatiner-sachsen-anhalt.de\/blog\/6838\/","url_meta":{"origin":6898,"position":0},"title":"X-RAY Hermine","date":"12. Januar 2019","format":false,"excerpt":"\u00a0 Heute war es endlich soweit, Hermine vom Roten Herzfleck, welche als Gro\u00dfnichte unserer Hummel unsere Zucht fortsetzen wird, war zum HD R\u00f6ntgen. Soweit sehen die H\u00fcften gut aus. Nun erwarten wir die Bewertung durch den Gutachter.","rel":"","context":"In &quot;D-Wurf&quot;","img":{"alt_text":"","src":"https:\/\/i0.wp.com\/www.dalmatiner-sachsen-anhalt.de\/blog\/wp-content\/uploads\/2019\/01\/hermine-HD-roentgen-e1547409869165-1024x768.jpg?resize=350%2C200","width":350,"height":200},"classes":[]},{"id":6741,"url":"https:\/\/www.dalmatiner-sachsen-anhalt.de\/blog\/6741\/","url_meta":{"origin":6898,"position":1},"title":"Hermine vom Roten Herzfleck (13 Wochen)","date":"28. Mai 2017","format":false,"excerpt":"\u00a0 Unsere Nachzuchth\u00fcndin Hermine :-)","rel":"","context":"In &quot;Hermine&quot;","img":{"alt_text":"Hermine-13Wo","src":"https:\/\/i0.wp.com\/www.dalmatiner-sachsen-anhalt.de\/blog\/wp-content\/uploads\/2017\/05\/IMG_5132-1024x683.jpg?resize=350%2C200","width":350,"height":200},"classes":[]},{"id":6938,"url":"https:\/\/www.dalmatiner-sachsen-anhalt.de\/blog\/6938\/","url_meta":{"origin":6898,"position":2},"title":"Der E- Wurf ist geboren","date":"10. August 2019","format":false,"excerpt":"\u00a0 Unsere Hermine hat heute 9 Welpen zur Welt gebracht: 3 R\u00fcden und 6 H\u00fcndinnen. Und sie hat das ganz toll gemacht. Wir sehen einer interessanten Aufzucht entgegen und werden dar\u00fcber in diesem BLOG berichten.","rel":"","context":"In &quot;E-Wurf&quot;","img":{"alt_text":"","src":"","width":0,"height":0},"classes":[]},{"id":6755,"url":"https:\/\/www.dalmatiner-sachsen-anhalt.de\/blog\/6755\/","url_meta":{"origin":6898,"position":3},"title":"Die Sandst&#252;cken in Barleben 2017","date":"9. Juli 2017","format":false,"excerpt":"\u00a0 Zur Spezial-Rassehunde-Ausstellung in Barleben Ebendorf haben wir ausgestellt. Unsere Athene von den Sandst\u00fccken (8 J.) belegte den 2. Platz in der Veteranenklasse. F\u00fcr ihren Nachwuchs: Davinci von den Sandst\u00fccken (14 M) und Dinah von den Sandst\u00fccken (14 M) war es die 1. Ausstellung. Beide wurden mit V3 bewertet \/\u2026","rel":"","context":"In &quot;A-Wurf&quot;","img":{"alt_text":"Dinah-vds-5902","src":"https:\/\/i0.wp.com\/www.dalmatiner-sachsen-anhalt.de\/blog\/wp-content\/uploads\/2017\/07\/Dinah-vds-5902.jpg?fit=1152%2C768&ssl=1&resize=350%2C200","width":350,"height":200},"classes":[]},{"id":6804,"url":"https:\/\/www.dalmatiner-sachsen-anhalt.de\/blog\/6804\/","url_meta":{"origin":6898,"position":4},"title":"8. SRA in Bochum mit den &#8220;Sandst&#252;cken-Dalmatinern&#8221;","date":"13. Mai 2018","format":false,"excerpt":"\u00a0 Die Sandst\u00fccken waren in Bochum zur wieder\u00a0 mit viel Liebe\u00a0 vorbereiteten und durchgef\u00fchrten Ausstellung mit Richterin Ovit Nevo aus Israel. Charming Merlin vdS erhielt ein V, Hermine hat in der Fun Klasse einen tollen Richterbericht erhalten und unsere Athene vdS wurde Bester Veteran (H\u00fcndin) und anschlie\u00dfend noch Bester Veteran\u2026","rel":"","context":"In &quot;Athene&quot;","img":{"alt_text":"Athene - Bester Veteran (H\u00fcndinnen)","src":"https:\/\/i0.wp.com\/www.dalmatiner-sachsen-anhalt.de\/blog\/wp-content\/uploads\/2018\/05\/athene-vds-bochum-1.platz-IMG_7087.jpg?fit=1152%2C768&ssl=1&resize=350%2C200","width":350,"height":200},"classes":[]},{"id":6793,"url":"https:\/\/www.dalmatiner-sachsen-anhalt.de\/blog\/6793\/","url_meta":{"origin":6898,"position":5},"title":"Hermine kann lachen","date":"6. November 2017","format":false,"excerpt":"\u00a0 Endlich ist uns mal ein Foto gelungen, wenn auch etwas unscharf. Hermine lacht und grinst ganz breit, wenn sie uns begr\u00fc\u00dft. Bald werden wir wohl noch bessere Fotos erhaschen.","rel":"","context":"In &quot;Hermine&quot;","img":{"alt_text":"lachen IMG_6728","src":"https:\/\/i0.wp.com\/www.dalmatiner-sachsen-anhalt.de\/blog\/wp-content\/uploads\/2017\/11\/lachen-IMG_6728-1024x683.jpg?resize=350%2C200","width":350,"height":200},"classes":[]}],"_links":{"self":[{"href":"https:\/\/www.dalmatiner-sachsen-anhalt.de\/blog\/wp-json\/wp\/v2\/posts\/6898"}],"collection":[{"href":"https:\/\/www.dalmatiner-sachsen-anhalt.de\/blog\/wp-json\/wp\/v2\/posts"}],"about":[{"href":"https:\/\/www.dalmatiner-sachsen-anhalt.de\/blog\/wp-json\/wp\/v2\/types\/post"}],"author":[{"embeddable":true,"href":"https:\/\/www.dalmatiner-sachsen-anhalt.de\/blog\/wp-json\/wp\/v2\/users\/1"}],"replies":[{"embeddable":true,"href":"https:\/\/www.dalmatiner-sachsen-anhalt.de\/blog\/wp-json\/wp\/v2\/comments?post=6898"}],"version-history":[{"count":5,"href":"https:\/\/www.dalmatiner-sachsen-anhalt.de\/blog\/wp-json\/wp\/v2\/posts\/6898\/revisions"}],"predecessor-version":[{"id":6904,"href":"https:\/\/www.dalmatiner-sachsen-anhalt.de\/blog\/wp-json\/wp\/v2\/posts\/6898\/revisions\/6904"}],"wp:attachment":[{"href":"https:\/\/www.dalmatiner-sachsen-anhalt.de\/blog\/wp-json\/wp\/v2\/media?parent=6898"}],"wp:term":[{"taxonomy":"category","embeddable":true,"href":"https:\/\/www.dalmatiner-sachsen-anhalt.de\/blog\/wp-json\/wp\/v2\/categories?post=6898"},{"taxonomy":"post_tag","embeddable":true,"href":"https:\/\/www.dalmatiner-sachsen-anhalt.de\/blog\/wp-json\/wp\/v2\/tags?post=6898"}],"curies":[{"name":"wp","href":"https:\/\/api.w.org\/{rel}","templated":true}]}}