{"id":6947,"date":"2019-08-11T19:26:47","date_gmt":"2019-08-11T17:26:47","guid":{"rendered":"https:\/\/www.dalmatiner-sachsen-anhalt.de\/blog\/?p=6947"},"modified":"2019-08-11T20:40:07","modified_gmt":"2019-08-11T18:40:07","slug":"fraulein-gelb","status":"publish","type":"post","link":"https:\/\/www.dalmatiner-sachsen-anhalt.de\/blog\/6947\/","title":{"rendered":"Fr&#228;ulein Gelb"},"content":{"rendered":"<p><img data-attachment-id=\"6946\" data-permalink=\"https:\/\/www.dalmatiner-sachsen-anhalt.de\/blog\/img_20190811_191816\/\" data-orig-file=\"https:\/\/i0.wp.com\/www.dalmatiner-sachsen-anhalt.de\/blog\/wp-content\/uploads\/2019\/08\/IMG_20190811_191816.jpg?fit=3968%2C1984&amp;ssl=1\" data-orig-size=\"3968,1984\" data-comments-opened=\"1\" data-image-meta=\"{&quot;aperture&quot;:&quot;1.8&quot;,&quot;credit&quot;:&quot;&quot;,&quot;camera&quot;:&quot;HMA-L09&quot;,&quot;caption&quot;:&quot;&quot;,&quot;created_timestamp&quot;:&quot;1565551098&quot;,&quot;copyright&quot;:&quot;&quot;,&quot;focal_length&quot;:&quot;4.75&quot;,&quot;iso&quot;:&quot;500&quot;,&quot;shutter_speed&quot;:&quot;0.03&quot;,&quot;title&quot;:&quot;&quot;,&quot;orientation&quot;:&quot;0&quot;}\" data-image-title=\"IMG_20190811_191816.jpg\" data-image-description=\"\" data-image-caption=\"\" data-medium-file=\"https:\/\/i0.wp.com\/www.dalmatiner-sachsen-anhalt.de\/blog\/wp-content\/uploads\/2019\/08\/IMG_20190811_191816.jpg?fit=300%2C150&amp;ssl=1\" data-large-file=\"https:\/\/i0.wp.com\/www.dalmatiner-sachsen-anhalt.de\/blog\/wp-content\/uploads\/2019\/08\/IMG_20190811_191816.jpg?fit=584%2C292&amp;ssl=1\" decoding=\"async\" loading=\"lazy\" class=\"wp-image-6946 alignnone size-full\" src=\"https:\/\/i0.wp.com\/www.dalmatiner-sachsen-anhalt.de\/blog\/wp-content\/uploads\/2019\/08\/IMG_20190811_191816.jpg?resize=584%2C292&#038;ssl=1\" width=\"584\" height=\"292\" srcset=\"https:\/\/i0.wp.com\/www.dalmatiner-sachsen-anhalt.de\/blog\/wp-content\/uploads\/2019\/08\/IMG_20190811_191816.jpg?w=3968&amp;ssl=1 3968w, https:\/\/i0.wp.com\/www.dalmatiner-sachsen-anhalt.de\/blog\/wp-content\/uploads\/2019\/08\/IMG_20190811_191816.jpg?resize=150%2C75&amp;ssl=1 150w, https:\/\/i0.wp.com\/www.dalmatiner-sachsen-anhalt.de\/blog\/wp-content\/uploads\/2019\/08\/IMG_20190811_191816.jpg?resize=300%2C150&amp;ssl=1 300w, https:\/\/i0.wp.com\/www.dalmatiner-sachsen-anhalt.de\/blog\/wp-content\/uploads\/2019\/08\/IMG_20190811_191816.jpg?resize=768%2C384&amp;ssl=1 768w, https:\/\/i0.wp.com\/www.dalmatiner-sachsen-anhalt.de\/blog\/wp-content\/uploads\/2019\/08\/IMG_20190811_191816.jpg?resize=1024%2C512&amp;ssl=1 1024w, https:\/\/i0.wp.com\/www.dalmatiner-sachsen-anhalt.de\/blog\/wp-content\/uploads\/2019\/08\/IMG_20190811_191816.jpg?resize=500%2C250&amp;ssl=1 500w, https:\/\/i0.wp.com\/www.dalmatiner-sachsen-anhalt.de\/blog\/wp-content\/uploads\/2019\/08\/IMG_20190811_191816.jpg?w=1168&amp;ssl=1 1168w, https:\/\/i0.wp.com\/www.dalmatiner-sachsen-anhalt.de\/blog\/wp-content\/uploads\/2019\/08\/IMG_20190811_191816.jpg?w=1752&amp;ssl=1 1752w\" sizes=\"(max-width: 584px) 100vw, 584px\" data-recalc-dims=\"1\" \/><\/p>\n","protected":false},"excerpt":{"rendered":"","protected":false},"author":1,"featured_media":0,"comment_status":"open","ping_status":"open","sticky":false,"template":"","format":"standard","meta":{"jetpack_post_was_ever_published":false,"jetpack_publicize_message":"","jetpack_is_tweetstorm":false,"jetpack_publicize_feature_enabled":true,"jetpack_social_post_already_shared":true,"jetpack_social_options":[]},"categories":[1332,1309,1340],"tags":[],"jetpack_publicize_connections":[],"jetpack_featured_media_url":"","jetpack_shortlink":"https:\/\/wp.me\/px1eF-1O3","jetpack_sharing_enabled":true,"jetpack_likes_enabled":true,"jetpack-related-posts":[{"id":6928,"url":"https:\/\/www.dalmatiner-sachsen-anhalt.de\/blog\/6928\/","url_meta":{"origin":6947,"position":0},"title":"Hermine Tag 35","date":"14. Juli 2019","format":false,"excerpt":"Noch 27 Tage, dann wird der E-Wurf geboren. Mama Hermine hat heute schon mal eine H\u00f6hle im Garten ausgesucht - f\u00fcr ihren Wurf :-)\u00a0Das wird nichts. Das ist keine Wurfkiste, sondern die Hundeh\u00fctte f\u00fcr die Welpen zum Spielen und Toben, wenn sie die Wurfkiste verlassen werden (ab der 5. Woche).\u2026","rel":"","context":"In &quot;E-Wurf&quot;","img":{"alt_text":"","src":"https:\/\/i0.wp.com\/www.dalmatiner-sachsen-anhalt.de\/blog\/wp-content\/uploads\/2019\/07\/hermine-athene-traechtig-tag-35.jpg?fit=1024%2C768&ssl=1&resize=350%2C200","width":350,"height":200},"classes":[]},{"id":8148,"url":"https:\/\/www.dalmatiner-sachsen-anhalt.de\/blog\/8148\/","url_meta":{"origin":6947,"position":1},"title":"Fr&#228;ulein Gelb","date":"13. M&auml;rz 2023","format":false,"excerpt":"","rel":"","context":"In &quot;G-Wurf&quot;","img":{"alt_text":"","src":"https:\/\/i0.wp.com\/www.dalmatiner-sachsen-anhalt.de\/blog\/wp-content\/uploads\/2023\/03\/IMG-20230312-WA0004.jpg?resize=350%2C200&ssl=1","width":350,"height":200},"classes":[]},{"id":8082,"url":"https:\/\/www.dalmatiner-sachsen-anhalt.de\/blog\/8082\/","url_meta":{"origin":6947,"position":2},"title":"Pedik&#252;re","date":"2. M&auml;rz 2023","format":false,"excerpt":"Pedik\u00fcre bei Fr\u00e4ulein Gelb.","rel":"","context":"In &quot;G-Wurf&quot;","img":{"alt_text":"","src":"https:\/\/i0.wp.com\/www.dalmatiner-sachsen-anhalt.de\/blog\/wp-content\/uploads\/2023\/03\/img_20230302_1705537697727000440115356.jpg?resize=350%2C200&ssl=1","width":350,"height":200},"classes":[]},{"id":7980,"url":"https:\/\/www.dalmatiner-sachsen-anhalt.de\/blog\/7980\/","url_meta":{"origin":6947,"position":3},"title":"Fr&#252;hsport in der WK\ud83d\ude00","date":"16. Februar 2023","format":false,"excerpt":"Guten Morgen Welt. Wir waren wach, haben Fr\u00fchsport gemacht und jetzt m\u00fcssen wir uns erstmal wieder ausruhen. Fr\u00e4ulein Gelb hat den 1. Platz bei den Sitt Up's erreicht, denn sie hat am l\u00e4ngsten durchgehalten. Gratulation \ud83d\udc4d","rel":"","context":"In &quot;G-Wurf&quot;","img":{"alt_text":"","src":"https:\/\/i0.wp.com\/www.dalmatiner-sachsen-anhalt.de\/blog\/wp-content\/uploads\/2023\/02\/IMG_20230216_072921.jpg?resize=350%2C200&ssl=1","width":350,"height":200},"classes":[]},{"id":8619,"url":"https:\/\/www.dalmatiner-sachsen-anhalt.de\/blog\/8619\/","url_meta":{"origin":6947,"position":4},"title":"Hermine ist Oma\ud83d\ude0a","date":"23. Mai 2025","format":false,"excerpt":"Hermines Tochter Elsa vdS hatte gerade ihren 1. Wurf in der Zuchtst\u00e4tte \"von der Unnesburg\". Elsa von den Sandst\u00fccken 8 Welpen. Wir w\u00fcnschen viel Erfolg bei der Aufzucht und der tollen Welpenzeit.","rel":"","context":"In &quot;E-Wurf&quot;","img":{"alt_text":"","src":"https:\/\/i0.wp.com\/www.dalmatiner-sachsen-anhalt.de\/blog\/wp-content\/uploads\/2025\/05\/wp-1747985845716751859117062168475.jpg?fit=899%2C859&ssl=1&resize=350%2C200","width":350,"height":200},"classes":[]},{"id":7657,"url":"https:\/\/www.dalmatiner-sachsen-anhalt.de\/blog\/7657\/","url_meta":{"origin":6947,"position":5},"title":"Tag 2 Willkommen","date":"9. M&auml;rz 2021","format":false,"excerpt":"Wir begr\u00fc\u00dfen Hermine mit ihrem F- Wurf in der Wurfkiste\u2764\ufe0f","rel":"","context":"In &quot;F- Wurf&quot;","img":{"alt_text":"","src":"https:\/\/i0.wp.com\/www.dalmatiner-sachsen-anhalt.de\/blog\/wp-content\/uploads\/2021\/03\/IMG-20210309-WA0000.jpg?resize=350%2C200&ssl=1","width":350,"height":200},"classes":[]}],"_links":{"self":[{"href":"https:\/\/www.dalmatiner-sachsen-anhalt.de\/blog\/wp-json\/wp\/v2\/posts\/6947"}],"collection":[{"href":"https:\/\/www.dalmatiner-sachsen-anhalt.de\/blog\/wp-json\/wp\/v2\/posts"}],"about":[{"href":"https:\/\/www.dalmatiner-sachsen-anhalt.de\/blog\/wp-json\/wp\/v2\/types\/post"}],"author":[{"embeddable":true,"href":"https:\/\/www.dalmatiner-sachsen-anhalt.de\/blog\/wp-json\/wp\/v2\/users\/1"}],"replies":[{"embeddable":true,"href":"https:\/\/www.dalmatiner-sachsen-anhalt.de\/blog\/wp-json\/wp\/v2\/comments?post=6947"}],"version-history":[{"count":2,"href":"https:\/\/www.dalmatiner-sachsen-anhalt.de\/blog\/wp-json\/wp\/v2\/posts\/6947\/revisions"}],"predecessor-version":[{"id":6953,"href":"https:\/\/www.dalmatiner-sachsen-anhalt.de\/blog\/wp-json\/wp\/v2\/posts\/6947\/revisions\/6953"}],"wp:attachment":[{"href":"https:\/\/www.dalmatiner-sachsen-anhalt.de\/blog\/wp-json\/wp\/v2\/media?parent=6947"}],"wp:term":[{"taxonomy":"category","embeddable":true,"href":"https:\/\/www.dalmatiner-sachsen-anhalt.de\/blog\/wp-json\/wp\/v2\/categories?post=6947"},{"taxonomy":"post_tag","embeddable":true,"href":"https:\/\/www.dalmatiner-sachsen-anhalt.de\/blog\/wp-json\/wp\/v2\/tags?post=6947"}],"curies":[{"name":"wp","href":"https:\/\/api.w.org\/{rel}","templated":true}]}}