{"id":739,"date":"2009-07-02T21:46:49","date_gmt":"2009-07-02T19:46:49","guid":{"rendered":"http:\/\/www.dalmatiner-sachsen-anhalt.de\/blog\/?p=739"},"modified":"2009-07-02T21:49:36","modified_gmt":"2009-07-02T19:49:36","slug":"ein-schoener-tag-geht-zu-ende","status":"publish","type":"post","link":"https:\/\/www.dalmatiner-sachsen-anhalt.de\/blog\/739\/","title":{"rendered":"Ein sch&#246;ner Tag geht zu Ende"},"content":{"rendered":"<h3>Heute war es sehr warm und die Welpen haben drau&#223;en im Schatten geschnubbelt, gespielt&#8230;ganz lange. Am Ende des Tages sind sie geschafft und m&#252;de.<\/h3>\n<h3 style=\"text-align: center;\"><span style=\"text-decoration: underline;\"><span style=\"color: #993300;\"><strong>Und morgen findet der Umzug in das Welpenhaus statt.<\/strong><\/span><\/span><\/h3>\n<h3 style=\"text-align: center;\"><a href=\"https:\/\/i0.wp.com\/www.dalmatiner-sachsen-anhalt.de\/blog\/wp-content\/uploads\/2009\/07\/welpen-tag24_0094-muede.JPG?ssl=1\"><img data-attachment-id=\"740\" data-permalink=\"https:\/\/www.dalmatiner-sachsen-anhalt.de\/blog\/739\/welpen-tag24_0094-muede\/\" data-orig-file=\"https:\/\/i0.wp.com\/www.dalmatiner-sachsen-anhalt.de\/blog\/wp-content\/uploads\/2009\/07\/welpen-tag24_0094-muede.JPG?fit=1150%2C768&amp;ssl=1\" data-orig-size=\"1150,768\" data-comments-opened=\"1\" data-image-meta=\"{&quot;aperture&quot;:&quot;0&quot;,&quot;credit&quot;:&quot;&quot;,&quot;camera&quot;:&quot;&quot;,&quot;caption&quot;:&quot;&quot;,&quot;created_timestamp&quot;:&quot;0&quot;,&quot;copyright&quot;:&quot;&quot;,&quot;focal_length&quot;:&quot;0&quot;,&quot;iso&quot;:&quot;0&quot;,&quot;shutter_speed&quot;:&quot;0&quot;,&quot;title&quot;:&quot;&quot;}\" data-image-title=\"welpen-tag24_0094-muede\" data-image-description=\"\" data-image-caption=\"\" data-medium-file=\"https:\/\/i0.wp.com\/www.dalmatiner-sachsen-anhalt.de\/blog\/wp-content\/uploads\/2009\/07\/welpen-tag24_0094-muede.JPG?fit=300%2C200&amp;ssl=1\" data-large-file=\"https:\/\/i0.wp.com\/www.dalmatiner-sachsen-anhalt.de\/blog\/wp-content\/uploads\/2009\/07\/welpen-tag24_0094-muede.JPG?fit=584%2C390&amp;ssl=1\" decoding=\"async\" loading=\"lazy\" class=\"alignnone size-full wp-image-740\" title=\"welpen-tag24_0094-muede\" src=\"https:\/\/i0.wp.com\/www.dalmatiner-sachsen-anhalt.de\/blog\/wp-content\/uploads\/2009\/07\/welpen-tag24_0094-muede.JPG?resize=500%2C332&#038;ssl=1\" alt=\"welpen-tag24_0094-muede\" width=\"500\" height=\"332\" srcset=\"https:\/\/i0.wp.com\/www.dalmatiner-sachsen-anhalt.de\/blog\/wp-content\/uploads\/2009\/07\/welpen-tag24_0094-muede.JPG?resize=300%2C200&amp;ssl=1 300w, https:\/\/i0.wp.com\/www.dalmatiner-sachsen-anhalt.de\/blog\/wp-content\/uploads\/2009\/07\/welpen-tag24_0094-muede.JPG?resize=1024%2C683&amp;ssl=1 1024w\" sizes=\"(max-width: 500px) 100vw, 500px\" data-recalc-dims=\"1\" \/><\/a><\/h3>\n","protected":false},"excerpt":{"rendered":"<p>Heute war es sehr warm und die Welpen haben drau&#223;en im Schatten geschnubbelt, gespielt&#8230;ganz lange. Am Ende des Tages sind sie geschafft und m&#252;de. Und morgen findet der Umzug in das Welpenhaus statt.<\/p>\n","protected":false},"author":1,"featured_media":0,"comment_status":"open","ping_status":"open","sticky":false,"template":"","format":"standard","meta":{"jetpack_post_was_ever_published":false,"jetpack_publicize_message":"","jetpack_is_tweetstorm":false,"jetpack_publicize_feature_enabled":true,"jetpack_social_post_already_shared":false,"jetpack_social_options":[]},"categories":[13,1,113],"tags":[216,215,35,219,49,220,214,217,80,221,11,201,218,94],"jetpack_publicize_connections":[],"jetpack_featured_media_url":"","jetpack_shortlink":"https:\/\/wp.me\/px1eF-bV","jetpack_sharing_enabled":true,"jetpack_likes_enabled":true,"jetpack-related-posts":[{"id":8167,"url":"https:\/\/www.dalmatiner-sachsen-anhalt.de\/blog\/8167\/","url_meta":{"origin":739,"position":0},"title":"Umzug der Welpen","date":"17. M&auml;rz 2023","format":false,"excerpt":"Die 7 Zwerge sind in der 5. Lebenswoche umgezogen in Ihr Eigenheim mit Auslauf und Garten. Mann, war das aufregend f\u00fcr die Kleinen. Soviele neue Ger\u00fcche und Eindr\u00fccke! Am Ende landen sie wieder in ihrer vertrauten Wurfkiste und schlafen ersch\u00f6pft ein. Mal sehen wie lange.","rel":"","context":"In &quot;G-Wurf&quot;","img":{"alt_text":"","src":"https:\/\/i0.wp.com\/www.dalmatiner-sachsen-anhalt.de\/blog\/wp-content\/uploads\/2023\/03\/IMG-20230316-WA0003.jpg?resize=350%2C200&ssl=1","width":350,"height":200},"classes":[]},{"id":747,"url":"https:\/\/www.dalmatiner-sachsen-anhalt.de\/blog\/747\/","url_meta":{"origin":739,"position":1},"title":"Umzug","date":"4. Juli 2009","format":false,"excerpt":"Wir ziehen um - in das Welpenhaus. Hoffentlich haben wir nichts vergessen: Spielzeug, Futternapf, Mama, Welpen...?","rel":"","context":"In &quot;A-Wurf&quot;","img":{"alt_text":"","src":"https:\/\/i0.wp.com\/www.dalmatiner-sachsen-anhalt.de\/blog\/wp-content\/uploads\/2009\/07\/welpen-tag25_0141-umzug-383x256.jpg?resize=350%2C200","width":350,"height":200},"classes":[]},{"id":6494,"url":"https:\/\/www.dalmatiner-sachsen-anhalt.de\/blog\/6494\/","url_meta":{"origin":739,"position":2},"title":"D- Wurf Tag 27 \u2013 Umzug","date":"12. Juni 2016","format":false,"excerpt":"Gestern, am Tag 27, sind die \"Sandst\u00fcckchen\" in das Au\u00dfengehege umgezogen. Hier gab es viel Neues und Interessantes zu entdecken. Und das ist total anstrengend. Deshalb dauerte die 1. Erkundungstour nur ca. 20 Minuten. Danach suchten die Welpen ihren Platz im warmen Welpen-Haus auf und schliefen gaaanz lange, bevor es\u2026","rel":"","context":"In &quot;A-Wurf&quot;","img":{"alt_text":"#dalmatiner-welpen-vds-D-Wurf-Tag27-0093","src":"https:\/\/i0.wp.com\/www.dalmatiner-sachsen-anhalt.de\/blog\/wp-content\/uploads\/2016\/06\/dalmatiner-welpen-vds-D-Wurf-Tag27-0093.jpg?fit=1200%2C676&ssl=1&resize=350%2C200","width":350,"height":200},"classes":[]},{"id":5067,"url":"https:\/\/www.dalmatiner-sachsen-anhalt.de\/blog\/5067\/","url_meta":{"origin":739,"position":3},"title":"Umzug &#8211; Endg&#252;ltiger Abschied aus dem Wohnzimmer","date":"2. M&auml;rz 2013","format":false,"excerpt":"Tsch\u00fc\u00df Wohnzimmer! Heute sind nun alle Welpen ins Welpenhaus gezogen und \u00fcben nun flei\u00dfig das \"Sauberwerden\" im Garten. Noch ben\u00f6tigen sie etwas Hilfe, aber schon in ein zwei Tagen werden sie die Hundeklappe alleine \u00f6ffnen. \u00a0","rel":"","context":"In &quot;A-Wurf&quot;","img":{"alt_text":"","src":"https:\/\/i0.wp.com\/www.dalmatiner-sachsen-anhalt.de\/blog\/wp-content\/uploads\/2013\/03\/IMG_1303-1024x681.jpg?resize=350%2C200","width":350,"height":200},"classes":[]},{"id":7253,"url":"https:\/\/www.dalmatiner-sachsen-anhalt.de\/blog\/7253\/","url_meta":{"origin":739,"position":4},"title":"Paketempfang","date":"9. September 2019","format":false,"excerpt":"Nach dem Umzug der Welpen in das Welpenhaus k\u00f6nnen hier auch keine Pakete mehr eingestellt werden \ud83e\udd23","rel":"","context":"In &quot;E-Wurf&quot;","img":{"alt_text":"","src":"https:\/\/i0.wp.com\/www.dalmatiner-sachsen-anhalt.de\/blog\/wp-content\/uploads\/2019\/09\/IMG_20190909_115140.jpg?resize=350%2C200&ssl=1","width":350,"height":200},"classes":[]},{"id":6461,"url":"https:\/\/www.dalmatiner-sachsen-anhalt.de\/blog\/6461\/","url_meta":{"origin":739,"position":5},"title":"D- Wurf Tag 16 \u2013 Klappe auf","date":"31. Mai 2016","format":false,"excerpt":"Am Tag 16 standen wiegen und Entwurmung (prophylaktisch-vorgegeben) auf dem Tagesplan. Und am Ende des Tages haben wir die Klappe der Wurfkiste ge\u00f6ffnet. Allerdings haben die Welpen noch keinen regen Gebrauch von dieser M\u00f6glichkeit gemacht, die n\u00e4here Umgebung ihrer\u00a0WK zu erkunden. Dies wird sich sicher in den n\u00e4chsten Tagen \u00e4ndern.\u2026","rel":"","context":"In &quot;Athene&quot;","img":{"alt_text":"#dalmatiner-welpen-vds-D-Wurf-Tag16-0009","src":"https:\/\/i0.wp.com\/www.dalmatiner-sachsen-anhalt.de\/blog\/wp-content\/uploads\/2016\/05\/dalmatiner-welpen-vds-D-Wurf-Tag16-0009.jpg?fit=1200%2C676&ssl=1&resize=350%2C200","width":350,"height":200},"classes":[]}],"_links":{"self":[{"href":"https:\/\/www.dalmatiner-sachsen-anhalt.de\/blog\/wp-json\/wp\/v2\/posts\/739"}],"collection":[{"href":"https:\/\/www.dalmatiner-sachsen-anhalt.de\/blog\/wp-json\/wp\/v2\/posts"}],"about":[{"href":"https:\/\/www.dalmatiner-sachsen-anhalt.de\/blog\/wp-json\/wp\/v2\/types\/post"}],"author":[{"embeddable":true,"href":"https:\/\/www.dalmatiner-sachsen-anhalt.de\/blog\/wp-json\/wp\/v2\/users\/1"}],"replies":[{"embeddable":true,"href":"https:\/\/www.dalmatiner-sachsen-anhalt.de\/blog\/wp-json\/wp\/v2\/comments?post=739"}],"version-history":[{"count":5,"href":"https:\/\/www.dalmatiner-sachsen-anhalt.de\/blog\/wp-json\/wp\/v2\/posts\/739\/revisions"}],"predecessor-version":[{"id":742,"href":"https:\/\/www.dalmatiner-sachsen-anhalt.de\/blog\/wp-json\/wp\/v2\/posts\/739\/revisions\/742"}],"wp:attachment":[{"href":"https:\/\/www.dalmatiner-sachsen-anhalt.de\/blog\/wp-json\/wp\/v2\/media?parent=739"}],"wp:term":[{"taxonomy":"category","embeddable":true,"href":"https:\/\/www.dalmatiner-sachsen-anhalt.de\/blog\/wp-json\/wp\/v2\/categories?post=739"},{"taxonomy":"post_tag","embeddable":true,"href":"https:\/\/www.dalmatiner-sachsen-anhalt.de\/blog\/wp-json\/wp\/v2\/tags?post=739"}],"curies":[{"name":"wp","href":"https:\/\/api.w.org\/{rel}","templated":true}]}}