{"id":7600,"date":"2020-07-20T21:22:12","date_gmt":"2020-07-20T19:22:12","guid":{"rendered":"https:\/\/www.dalmatiner-sachsen-anhalt.de\/blog\/?p=7600"},"modified":"2020-07-20T21:22:12","modified_gmt":"2020-07-20T19:22:12","slug":"pinselchen-2020","status":"publish","type":"post","link":"https:\/\/www.dalmatiner-sachsen-anhalt.de\/blog\/7600\/","title":{"rendered":"Pinselchen 2020"},"content":{"rendered":"\n<figure class=\"wp-block-image\"><img data-attachment-id=\"7599\" data-permalink=\"https:\/\/www.dalmatiner-sachsen-anhalt.de\/blog\/wp-1595272779154\/\" data-orig-file=\"https:\/\/i0.wp.com\/www.dalmatiner-sachsen-anhalt.de\/blog\/wp-content\/uploads\/2020\/07\/wp-1595272779154..jpg?fit=1600%2C1200&amp;ssl=1\" data-orig-size=\"1600,1200\" data-comments-opened=\"1\" data-image-meta=\"{&quot;aperture&quot;:&quot;0&quot;,&quot;credit&quot;:&quot;&quot;,&quot;camera&quot;:&quot;&quot;,&quot;caption&quot;:&quot;&quot;,&quot;created_timestamp&quot;:&quot;0&quot;,&quot;copyright&quot;:&quot;&quot;,&quot;focal_length&quot;:&quot;0&quot;,&quot;iso&quot;:&quot;0&quot;,&quot;shutter_speed&quot;:&quot;0&quot;,&quot;title&quot;:&quot;&quot;,&quot;orientation&quot;:&quot;0&quot;}\" data-image-title=\"wp-1595272779154..jpg\" data-image-description=\"\" data-image-caption=\"\" data-medium-file=\"https:\/\/i0.wp.com\/www.dalmatiner-sachsen-anhalt.de\/blog\/wp-content\/uploads\/2020\/07\/wp-1595272779154..jpg?fit=300%2C225&amp;ssl=1\" data-large-file=\"https:\/\/i0.wp.com\/www.dalmatiner-sachsen-anhalt.de\/blog\/wp-content\/uploads\/2020\/07\/wp-1595272779154..jpg?fit=584%2C438&amp;ssl=1\" decoding=\"async\" loading=\"lazy\" width=\"584\" height=\"438\" src=\"https:\/\/i0.wp.com\/www.dalmatiner-sachsen-anhalt.de\/blog\/wp-content\/uploads\/2020\/07\/wp-1595272779154..jpg?resize=584%2C438&#038;ssl=1\" alt=\"\" class=\"wp-image-7599\" srcset=\"https:\/\/i0.wp.com\/www.dalmatiner-sachsen-anhalt.de\/blog\/wp-content\/uploads\/2020\/07\/wp-1595272779154..jpg?w=1600&amp;ssl=1 1600w, https:\/\/i0.wp.com\/www.dalmatiner-sachsen-anhalt.de\/blog\/wp-content\/uploads\/2020\/07\/wp-1595272779154..jpg?resize=150%2C113&amp;ssl=1 150w, https:\/\/i0.wp.com\/www.dalmatiner-sachsen-anhalt.de\/blog\/wp-content\/uploads\/2020\/07\/wp-1595272779154..jpg?resize=300%2C225&amp;ssl=1 300w, https:\/\/i0.wp.com\/www.dalmatiner-sachsen-anhalt.de\/blog\/wp-content\/uploads\/2020\/07\/wp-1595272779154..jpg?resize=768%2C576&amp;ssl=1 768w, https:\/\/i0.wp.com\/www.dalmatiner-sachsen-anhalt.de\/blog\/wp-content\/uploads\/2020\/07\/wp-1595272779154..jpg?resize=1024%2C768&amp;ssl=1 1024w, https:\/\/i0.wp.com\/www.dalmatiner-sachsen-anhalt.de\/blog\/wp-content\/uploads\/2020\/07\/wp-1595272779154..jpg?resize=400%2C300&amp;ssl=1 400w, https:\/\/i0.wp.com\/www.dalmatiner-sachsen-anhalt.de\/blog\/wp-content\/uploads\/2020\/07\/wp-1595272779154..jpg?w=1168&amp;ssl=1 1168w\" sizes=\"(max-width: 584px) 100vw, 584px\" data-recalc-dims=\"1\" \/><\/figure>\n\n\n\n<p>Calimero von den Sandst&#252;cken (7,5 J.)\ud83d\udc3e<\/p>\n","protected":false},"excerpt":{"rendered":"<p>Calimero von den Sandst&#252;cken (7,5 J.)\ud83d\udc3e<\/p>\n","protected":false},"author":1,"featured_media":0,"comment_status":"open","ping_status":"open","sticky":false,"template":"","format":"standard","meta":{"jetpack_post_was_ever_published":false,"jetpack_publicize_message":"","jetpack_is_tweetstorm":false,"jetpack_publicize_feature_enabled":true,"jetpack_social_post_already_shared":true,"jetpack_social_options":[]},"categories":[856,1001,371,1018],"tags":[],"jetpack_publicize_connections":[],"jetpack_featured_media_url":"","jetpack_shortlink":"https:\/\/wp.me\/px1eF-1YA","jetpack_sharing_enabled":true,"jetpack_likes_enabled":true,"jetpack-related-posts":[{"id":5932,"url":"https:\/\/www.dalmatiner-sachsen-anhalt.de\/blog\/5932\/","url_meta":{"origin":7600,"position":0},"title":"Dalmatiner &#8220;Pinselchen&#8221;","date":"9. Januar 2014","format":false,"excerpt":"Der 11 Monate alte Calimero vdS (Pinselchen) steht sch\u00f6n im Wald.","rel":"","context":"In &quot;C-Wurf&quot;","img":{"alt_text":"Calimero-vdS-11Monate-2013 Pinselchen","src":"https:\/\/i0.wp.com\/www.dalmatiner-sachsen-anhalt.de\/blog\/wp-content\/uploads\/2014\/01\/Calimero-vdS-11Monate-2013-1024x678.jpg?resize=350%2C200","width":350,"height":200},"classes":[]},{"id":5243,"url":"https:\/\/www.dalmatiner-sachsen-anhalt.de\/blog\/5243\/","url_meta":{"origin":7600,"position":1},"title":"Calimero von den Sandst&#252;cken","date":"25. M&auml;rz 2013","format":false,"excerpt":"\u00a0 Hier ein Stehbild im Alter von 9 Wochen - unser \"Pinselchen\".","rel":"","context":"In &quot;C-Wurf&quot;","img":{"alt_text":"Calimero vd","src":"https:\/\/i0.wp.com\/www.dalmatiner-sachsen-anhalt.de\/blog\/wp-content\/uploads\/2013\/03\/Calimero-vdS-dalmatiner-welpe-9wochen_2242-1024x681.jpg?resize=350%2C200","width":350,"height":200},"classes":[]},{"id":6038,"url":"https:\/\/www.dalmatiner-sachsen-anhalt.de\/blog\/6038\/","url_meta":{"origin":7600,"position":2},"title":"Neue Bilder von den C-chens vdS","date":"4. April 2014","format":false,"excerpt":"Hier ein paar neue Fotos von den Sandst\u00fccken: Calimero, Caruso und Comtess - da sind sie 14 Monate alt, in ihrem neuen Zuhause. Wir wollen gerne Stehbilder, von der Seite betrachtet. Vielleicht klappt das ja einmal. A & A","rel":"","context":"In &quot;C-Wurf&quot;","img":{"alt_text":"calimero-vds-mit-ondra","src":"https:\/\/i0.wp.com\/www.dalmatiner-sachsen-anhalt.de\/blog\/wp-content\/uploads\/2014\/04\/calimero-vds-mit-ondra.jpg?fit=1200%2C900&ssl=1&resize=350%2C200","width":350,"height":200},"classes":[]},{"id":5680,"url":"https:\/\/www.dalmatiner-sachsen-anhalt.de\/blog\/5680\/","url_meta":{"origin":7600,"position":3},"title":"Calimero vdS","date":"31. Juli 2013","format":false,"excerpt":"\u00a0 Wir waren Calimero - Pinselchen - von den Sandst\u00fccken im neuen Zuhause besuchen, mit Mama Athene und Bruder Charming Merlin. Gro\u00dfe Wiedersehensfreude, herzliche Begr\u00fc\u00dfung, Toben ohne Ende und ein sch\u00f6ner Spaziergang in herrlicher Landschaft. Wir bedanken uns bei Stefanie f\u00fcr den sch\u00f6nen Nachmittag und die herzliche Gastfreundlichkeit. Wir kommen\u2026","rel":"","context":"In &quot;Athene&quot;","img":{"alt_text":"","src":"https:\/\/i0.wp.com\/www.dalmatiner-sachsen-anhalt.de\/blog\/wp-content\/uploads\/2013\/07\/IMG_5345.jpg?fit=1154%2C768&ssl=1&resize=350%2C200","width":350,"height":200},"classes":[]},{"id":4984,"url":"https:\/\/www.dalmatiner-sachsen-anhalt.de\/blog\/4984\/","url_meta":{"origin":7600,"position":4},"title":"Calimero von den Sandst&#252;cken (LUA) &#8211; Stehbild mit 25 Tagen","date":"17. Februar 2013","format":false,"excerpt":"Calimero von den Sandst\u00fccken\u00a0 LUA\u00a0 aus Athene von den Sandst\u00fccken & Stocklore Wizard of the Forrest ( Merlin) LUA \u00a0","rel":"","context":"In &quot;A-Wurf&quot;","img":{"alt_text":"","src":"https:\/\/i0.wp.com\/www.dalmatiner-sachsen-anhalt.de\/blog\/wp-content\/uploads\/2013\/02\/IMG_1005-1024x681.jpg?resize=350%2C200","width":350,"height":200},"classes":[]},{"id":5246,"url":"https:\/\/www.dalmatiner-sachsen-anhalt.de\/blog\/5246\/","url_meta":{"origin":7600,"position":5},"title":"Calimero zieht aus","date":"25. M&auml;rz 2013","format":false,"excerpt":"\u00a0 Unser Pinselchen hat ein sch\u00f6nes neues zu Hause gefunden. Die Koffer sind gepackt - nun geht es los. Machs gut kleiner Mann. Wir w\u00fcnschen Dir alles Gute dieser Welt.","rel":"","context":"In &quot;C-Wurf&quot;","img":{"alt_text":"","src":"https:\/\/i0.wp.com\/www.dalmatiner-sachsen-anhalt.de\/blog\/wp-content\/uploads\/2013\/03\/IMG_2311.jpg?fit=1154%2C768&ssl=1&resize=350%2C200","width":350,"height":200},"classes":[]}],"_links":{"self":[{"href":"https:\/\/www.dalmatiner-sachsen-anhalt.de\/blog\/wp-json\/wp\/v2\/posts\/7600"}],"collection":[{"href":"https:\/\/www.dalmatiner-sachsen-anhalt.de\/blog\/wp-json\/wp\/v2\/posts"}],"about":[{"href":"https:\/\/www.dalmatiner-sachsen-anhalt.de\/blog\/wp-json\/wp\/v2\/types\/post"}],"author":[{"embeddable":true,"href":"https:\/\/www.dalmatiner-sachsen-anhalt.de\/blog\/wp-json\/wp\/v2\/users\/1"}],"replies":[{"embeddable":true,"href":"https:\/\/www.dalmatiner-sachsen-anhalt.de\/blog\/wp-json\/wp\/v2\/comments?post=7600"}],"version-history":[{"count":0,"href":"https:\/\/www.dalmatiner-sachsen-anhalt.de\/blog\/wp-json\/wp\/v2\/posts\/7600\/revisions"}],"wp:attachment":[{"href":"https:\/\/www.dalmatiner-sachsen-anhalt.de\/blog\/wp-json\/wp\/v2\/media?parent=7600"}],"wp:term":[{"taxonomy":"category","embeddable":true,"href":"https:\/\/www.dalmatiner-sachsen-anhalt.de\/blog\/wp-json\/wp\/v2\/categories?post=7600"},{"taxonomy":"post_tag","embeddable":true,"href":"https:\/\/www.dalmatiner-sachsen-anhalt.de\/blog\/wp-json\/wp\/v2\/tags?post=7600"}],"curies":[{"name":"wp","href":"https:\/\/api.w.org\/{rel}","templated":true}]}}