{"id":763,"date":"2009-07-05T07:51:28","date_gmt":"2009-07-05T05:51:28","guid":{"rendered":"http:\/\/www.dalmatiner-sachsen-anhalt.de\/blog\/?p=763"},"modified":"2009-07-05T07:51:28","modified_gmt":"2009-07-05T05:51:28","slug":"angekommen","status":"publish","type":"post","link":"https:\/\/www.dalmatiner-sachsen-anhalt.de\/blog\/763\/","title":{"rendered":"Angekommen"},"content":{"rendered":"<h3><strong><span style=\"color: #993300;\">Im Welpenhaus angekommen<\/span><\/strong>, wurde zun&#228;chst alles <strong>erkundet<\/strong>, <strong>beschnuppert <\/strong>und <strong>markiert<\/strong>. Danach haben die <strong><span style=\"color: #0000ff;\">Fleckenzwerge <\/span>gefressen<\/strong>, <strong>gerauft <\/strong>und <strong>gespielt<\/strong>.<\/h3>\n<p style=\"text-align: center;\"><a href=\"https:\/\/i0.wp.com\/www.dalmatiner-sachsen-anhalt.de\/blog\/wp-content\/uploads\/2009\/07\/welpen-tag26_0165-whaus.JPG?ssl=1\"><img data-attachment-id=\"764\" data-permalink=\"https:\/\/www.dalmatiner-sachsen-anhalt.de\/blog\/763\/welpen-tag26_0165-whaus\/\" data-orig-file=\"https:\/\/i0.wp.com\/www.dalmatiner-sachsen-anhalt.de\/blog\/wp-content\/uploads\/2009\/07\/welpen-tag26_0165-whaus.JPG?fit=1150%2C768&amp;ssl=1\" data-orig-size=\"1150,768\" data-comments-opened=\"1\" data-image-meta=\"{&quot;aperture&quot;:&quot;0&quot;,&quot;credit&quot;:&quot;&quot;,&quot;camera&quot;:&quot;&quot;,&quot;caption&quot;:&quot;&quot;,&quot;created_timestamp&quot;:&quot;0&quot;,&quot;copyright&quot;:&quot;&quot;,&quot;focal_length&quot;:&quot;0&quot;,&quot;iso&quot;:&quot;0&quot;,&quot;shutter_speed&quot;:&quot;0&quot;,&quot;title&quot;:&quot;&quot;}\" data-image-title=\"welpen-tag26_0165-whaus\" data-image-description=\"\" data-image-caption=\"\" data-medium-file=\"https:\/\/i0.wp.com\/www.dalmatiner-sachsen-anhalt.de\/blog\/wp-content\/uploads\/2009\/07\/welpen-tag26_0165-whaus.JPG?fit=300%2C200&amp;ssl=1\" data-large-file=\"https:\/\/i0.wp.com\/www.dalmatiner-sachsen-anhalt.de\/blog\/wp-content\/uploads\/2009\/07\/welpen-tag26_0165-whaus.JPG?fit=584%2C390&amp;ssl=1\" decoding=\"async\" loading=\"lazy\" class=\"size-large wp-image-764 aligncenter\" title=\"welpen-tag26_0165-whaus\" src=\"https:\/\/i0.wp.com\/www.dalmatiner-sachsen-anhalt.de\/blog\/wp-content\/uploads\/2009\/07\/welpen-tag26_0165-whaus-1024x683.jpg?resize=501%2C334&#038;ssl=1\" alt=\"welpen-tag26_0165-whaus\" width=\"501\" height=\"334\" srcset=\"https:\/\/i0.wp.com\/www.dalmatiner-sachsen-anhalt.de\/blog\/wp-content\/uploads\/2009\/07\/welpen-tag26_0165-whaus.JPG?resize=1024%2C683&amp;ssl=1 1024w, https:\/\/i0.wp.com\/www.dalmatiner-sachsen-anhalt.de\/blog\/wp-content\/uploads\/2009\/07\/welpen-tag26_0165-whaus.JPG?resize=300%2C200&amp;ssl=1 300w, https:\/\/i0.wp.com\/www.dalmatiner-sachsen-anhalt.de\/blog\/wp-content\/uploads\/2009\/07\/welpen-tag26_0165-whaus.JPG?w=1150&amp;ssl=1 1150w\" sizes=\"(max-width: 501px) 100vw, 501px\" data-recalc-dims=\"1\" \/><\/a><\/p>\n","protected":false},"excerpt":{"rendered":"<p>Im Welpenhaus angekommen, wurde zun&#228;chst alles erkundet, beschnuppert und markiert. Danach haben die Fleckenzwerge gefressen, gerauft und gespielt.<\/p>\n","protected":false},"author":1,"featured_media":0,"comment_status":"open","ping_status":"open","sticky":false,"template":"","format":"standard","meta":{"jetpack_post_was_ever_published":false,"jetpack_publicize_message":"","jetpack_is_tweetstorm":false,"jetpack_publicize_feature_enabled":true,"jetpack_social_post_already_shared":false,"jetpack_social_options":[]},"categories":[13,106,110,107,88,109,113],"tags":[227,228,35,229,231,49,187,230,206,163,214,212,226,225,94],"jetpack_publicize_connections":[],"jetpack_featured_media_url":"","jetpack_shortlink":"https:\/\/wp.me\/px1eF-cj","jetpack_sharing_enabled":true,"jetpack_likes_enabled":true,"jetpack-related-posts":[{"id":1679,"url":"https:\/\/www.dalmatiner-sachsen-anhalt.de\/blog\/1679\/","url_meta":{"origin":763,"position":0},"title":"Angekommen","date":"27. Dezember 2009","format":false,"excerpt":"Antonia ist im neuen Zuhause gut angekommen und hat wie bisher auch bei uns\u00a0 gleich aufgepasst, ob in der K\u00fcche was runterf\u00e4llt. Sie hat die erste Nacht gut verbracht und h\u00f6rt, lt. Herrchen aufs Wort.","rel":"","context":"In &quot;A-Wurf&quot;","img":{"alt_text":"","src":"https:\/\/i0.wp.com\/www.dalmatiner-sachsen-anhalt.de\/blog\/wp-content\/uploads\/2009\/12\/025.jpg?resize=350%2C200","width":350,"height":200},"classes":[]},{"id":7485,"url":"https:\/\/www.dalmatiner-sachsen-anhalt.de\/blog\/7485\/","url_meta":{"origin":763,"position":1},"title":"Auszug Erna","date":"11. Oktober 2019","format":false,"excerpt":"Erna ist gut in ihrem neuen Zuhause angekommen. Wir w\u00fcnschen dir alles Gute, kleine Maus. \ud83d\udc93","rel":"","context":"In &quot;E-Wurf&quot;","img":{"alt_text":"","src":"https:\/\/i0.wp.com\/www.dalmatiner-sachsen-anhalt.de\/blog\/wp-content\/uploads\/2019\/10\/IMG-20191011-WA0008.jpg?resize=350%2C200&ssl=1","width":350,"height":200},"classes":[]},{"id":7625,"url":"https:\/\/www.dalmatiner-sachsen-anhalt.de\/blog\/7625\/","url_meta":{"origin":763,"position":2},"title":"Futter ist da","date":"5. Januar 2021","format":false,"excerpt":"Eva vdS kann beruhigt sein. Futter ist angekommen\ud83d\ude04","rel":"","context":"In &quot;E-Wurf&quot;","img":{"alt_text":"Eva vdS","src":"https:\/\/i0.wp.com\/www.dalmatiner-sachsen-anhalt.de\/blog\/wp-content\/uploads\/2021\/01\/wp-1609862392747.jpg?resize=350%2C200&ssl=1","width":350,"height":200},"classes":[]},{"id":7472,"url":"https:\/\/www.dalmatiner-sachsen-anhalt.de\/blog\/7472\/","url_meta":{"origin":763,"position":3},"title":"Alles Gute, kleine Ebby","date":"6. Oktober 2019","format":false,"excerpt":"\u00a0 \u00a0 unsere kleine Ebby von den Sandst\u00fccken ist gut in ihrem neuen Zuhause\u00a0 angekommen. Alles Gute mit\u00a0Luise und Thomas w\u00fcnschen wir dir und freuen uns auf ein baldiges Wiedersehen.","rel":"","context":"In &quot;E-Wurf&quot;","img":{"alt_text":"","src":"https:\/\/i0.wp.com\/www.dalmatiner-sachsen-anhalt.de\/blog\/wp-content\/uploads\/2019\/10\/IMG_9732.jpg?fit=1200%2C800&ssl=1&resize=350%2C200","width":350,"height":200},"classes":[]},{"id":7468,"url":"https:\/\/www.dalmatiner-sachsen-anhalt.de\/blog\/7468\/","url_meta":{"origin":763,"position":4},"title":"Alles Gute kleine Elsa","date":"6. Oktober 2019","format":false,"excerpt":"unsere kleine Elsa von den Sandst\u00fccken ist gut in ihrem neuen Zuhause mit Hunde- und Katzenkumpel angekommen. Alles Gute mit Annika und Dominik w\u00fcnschen wir dir und freuen uns auf ein baldiges Wiedersehen\ud83e\udd70\ud83d\ude0d","rel":"","context":"In &quot;E-Wurf&quot;","img":{"alt_text":"","src":"https:\/\/i0.wp.com\/www.dalmatiner-sachsen-anhalt.de\/blog\/wp-content\/uploads\/2019\/10\/IMG_20191006_172310.jpg?resize=350%2C200&ssl=1","width":350,"height":200},"classes":[]},{"id":2326,"url":"https:\/\/www.dalmatiner-sachsen-anhalt.de\/blog\/2326\/","url_meta":{"origin":763,"position":5},"title":"LGA Mittweida &#8211; danach 1","date":"5. Juni 2010","format":false,"excerpt":"Zu Hause angekommen, hat Sabine gleich noch ein sch\u00f6nes Stehfoto von Ares gemacht. Da ist er fast 12 Monate alt.","rel":"","context":"In &quot;A-Wurf&quot;","img":{"alt_text":"ares 12 monate","src":"https:\/\/i0.wp.com\/www.dalmatiner-sachsen-anhalt.de\/blog\/wp-content\/uploads\/2010\/06\/Stehbild-Ares-Ende-Mai2010.jpg?resize=350%2C200","width":350,"height":200},"classes":[]}],"_links":{"self":[{"href":"https:\/\/www.dalmatiner-sachsen-anhalt.de\/blog\/wp-json\/wp\/v2\/posts\/763"}],"collection":[{"href":"https:\/\/www.dalmatiner-sachsen-anhalt.de\/blog\/wp-json\/wp\/v2\/posts"}],"about":[{"href":"https:\/\/www.dalmatiner-sachsen-anhalt.de\/blog\/wp-json\/wp\/v2\/types\/post"}],"author":[{"embeddable":true,"href":"https:\/\/www.dalmatiner-sachsen-anhalt.de\/blog\/wp-json\/wp\/v2\/users\/1"}],"replies":[{"embeddable":true,"href":"https:\/\/www.dalmatiner-sachsen-anhalt.de\/blog\/wp-json\/wp\/v2\/comments?post=763"}],"version-history":[{"count":2,"href":"https:\/\/www.dalmatiner-sachsen-anhalt.de\/blog\/wp-json\/wp\/v2\/posts\/763\/revisions"}],"predecessor-version":[{"id":766,"href":"https:\/\/www.dalmatiner-sachsen-anhalt.de\/blog\/wp-json\/wp\/v2\/posts\/763\/revisions\/766"}],"wp:attachment":[{"href":"https:\/\/www.dalmatiner-sachsen-anhalt.de\/blog\/wp-json\/wp\/v2\/media?parent=763"}],"wp:term":[{"taxonomy":"category","embeddable":true,"href":"https:\/\/www.dalmatiner-sachsen-anhalt.de\/blog\/wp-json\/wp\/v2\/categories?post=763"},{"taxonomy":"post_tag","embeddable":true,"href":"https:\/\/www.dalmatiner-sachsen-anhalt.de\/blog\/wp-json\/wp\/v2\/tags?post=763"}],"curies":[{"name":"wp","href":"https:\/\/api.w.org\/{rel}","templated":true}]}}