{"id":7677,"date":"2021-03-13T07:53:48","date_gmt":"2021-03-13T05:53:48","guid":{"rendered":"https:\/\/www.dalmatiner-sachsen-anhalt.de\/blog\/?p=7677"},"modified":"2021-03-13T07:53:48","modified_gmt":"2021-03-13T05:53:48","slug":"tag-6-fruhstuck","status":"publish","type":"post","link":"https:\/\/www.dalmatiner-sachsen-anhalt.de\/blog\/7677\/","title":{"rendered":"Tag 6 &#8211; Fr&#252;hst&#252;ck"},"content":{"rendered":"\n<figure class=\"wp-block-image\"><img data-attachment-id=\"7676\" data-permalink=\"https:\/\/www.dalmatiner-sachsen-anhalt.de\/blog\/7677\/img_20210313_065018\/\" data-orig-file=\"https:\/\/i0.wp.com\/www.dalmatiner-sachsen-anhalt.de\/blog\/wp-content\/uploads\/2021\/03\/IMG_20210313_065018.jpg?fit=3968%2C1984&amp;ssl=1\" data-orig-size=\"3968,1984\" data-comments-opened=\"1\" data-image-meta=\"{&quot;aperture&quot;:&quot;1.8&quot;,&quot;credit&quot;:&quot;&quot;,&quot;camera&quot;:&quot;HMA-L09&quot;,&quot;caption&quot;:&quot;&quot;,&quot;created_timestamp&quot;:&quot;1615618220&quot;,&quot;copyright&quot;:&quot;&quot;,&quot;focal_length&quot;:&quot;4.75&quot;,&quot;iso&quot;:&quot;640&quot;,&quot;shutter_speed&quot;:&quot;0.03&quot;,&quot;title&quot;:&quot;&quot;,&quot;orientation&quot;:&quot;0&quot;}\" data-image-title=\"IMG_20210313_065018.jpg\" data-image-description=\"\" data-image-caption=\"\" data-medium-file=\"https:\/\/i0.wp.com\/www.dalmatiner-sachsen-anhalt.de\/blog\/wp-content\/uploads\/2021\/03\/IMG_20210313_065018.jpg?fit=300%2C150&amp;ssl=1\" data-large-file=\"https:\/\/i0.wp.com\/www.dalmatiner-sachsen-anhalt.de\/blog\/wp-content\/uploads\/2021\/03\/IMG_20210313_065018.jpg?fit=584%2C292&amp;ssl=1\" decoding=\"async\" loading=\"lazy\" width=\"584\" height=\"292\" src=\"https:\/\/i0.wp.com\/www.dalmatiner-sachsen-anhalt.de\/blog\/wp-content\/uploads\/2021\/03\/IMG_20210313_065018.jpg?resize=584%2C292&#038;ssl=1\" alt=\"\" class=\"wp-image-7676\" srcset=\"https:\/\/i0.wp.com\/www.dalmatiner-sachsen-anhalt.de\/blog\/wp-content\/uploads\/2021\/03\/IMG_20210313_065018.jpg?w=3968&amp;ssl=1 3968w, https:\/\/i0.wp.com\/www.dalmatiner-sachsen-anhalt.de\/blog\/wp-content\/uploads\/2021\/03\/IMG_20210313_065018.jpg?resize=150%2C75&amp;ssl=1 150w, https:\/\/i0.wp.com\/www.dalmatiner-sachsen-anhalt.de\/blog\/wp-content\/uploads\/2021\/03\/IMG_20210313_065018.jpg?resize=300%2C150&amp;ssl=1 300w, https:\/\/i0.wp.com\/www.dalmatiner-sachsen-anhalt.de\/blog\/wp-content\/uploads\/2021\/03\/IMG_20210313_065018.jpg?resize=768%2C384&amp;ssl=1 768w, https:\/\/i0.wp.com\/www.dalmatiner-sachsen-anhalt.de\/blog\/wp-content\/uploads\/2021\/03\/IMG_20210313_065018.jpg?resize=1024%2C512&amp;ssl=1 1024w, https:\/\/i0.wp.com\/www.dalmatiner-sachsen-anhalt.de\/blog\/wp-content\/uploads\/2021\/03\/IMG_20210313_065018.jpg?resize=500%2C250&amp;ssl=1 500w, https:\/\/i0.wp.com\/www.dalmatiner-sachsen-anhalt.de\/blog\/wp-content\/uploads\/2021\/03\/IMG_20210313_065018.jpg?w=1168&amp;ssl=1 1168w, https:\/\/i0.wp.com\/www.dalmatiner-sachsen-anhalt.de\/blog\/wp-content\/uploads\/2021\/03\/IMG_20210313_065018.jpg?w=1752&amp;ssl=1 1752w\" sizes=\"(max-width: 584px) 100vw, 584px\" data-recalc-dims=\"1\" \/><\/figure>\n\n\n\n<p>Guten Morgen aus der Wurfkiste der Sandst&#252;cken. Die Welpen trinken und werden nachher gleich wieder einschlafen, weil das total anstrengend f&#252;r sie ist. \ud83d\ude04<\/p>\n","protected":false},"excerpt":{"rendered":"<p>Guten Morgen aus der Wurfkiste der Sandst&#252;cken. Die Welpen trinken und werden nachher gleich wieder einschlafen, weil das total anstrengend f&#252;r sie ist. \ud83d\ude04<\/p>\n","protected":false},"author":1,"featured_media":0,"comment_status":"open","ping_status":"open","sticky":false,"template":"","format":"standard","meta":{"jetpack_post_was_ever_published":false,"jetpack_publicize_message":"","jetpack_is_tweetstorm":false,"jetpack_publicize_feature_enabled":true,"jetpack_social_post_already_shared":true,"jetpack_social_options":[]},"categories":[1365,1370,1372,1371,1309,1369],"tags":[],"jetpack_publicize_connections":[],"jetpack_featured_media_url":"","jetpack_shortlink":"https:\/\/wp.me\/px1eF-1ZP","jetpack_sharing_enabled":true,"jetpack_likes_enabled":true,"jetpack-related-posts":[{"id":4760,"url":"https:\/\/www.dalmatiner-sachsen-anhalt.de\/blog\/4760\/","url_meta":{"origin":7677,"position":0},"title":"Souver&#228;n &#8211; Sandst&#252;ckener Wurfkiste Tag 5","date":"28. Januar 2013","format":false,"excerpt":"\u00a0 Hier ein sehr sch\u00f6nes Foto von Athene vdS aus der Wurfkiste. Man sieht ihr die Anstrengung - jederzeit f\u00fcr ihre Welpen da zu sein - \u00fcberhaupt nicht an. Sie wirkt gelassen und souver\u00e4n. \u00a0","rel":"","context":"In &quot;Athene&quot;","img":{"alt_text":"","src":"","width":0,"height":0},"classes":[]},{"id":7976,"url":"https:\/\/www.dalmatiner-sachsen-anhalt.de\/blog\/7976\/","url_meta":{"origin":7677,"position":1},"title":"Moin","date":"15. Februar 2023","format":false,"excerpt":"Guten Morgen aus der Wurfkiste der Sandst\u00fccken. Die Fleckenzwerge sind heute 3 Tage auf der Welt. Allen geht es gut.","rel":"","context":"In &quot;G-Wurf&quot;","img":{"alt_text":"","src":"https:\/\/i0.wp.com\/www.dalmatiner-sachsen-anhalt.de\/blog\/wp-content\/uploads\/2023\/02\/IMG_20230215_100952.jpg?resize=350%2C200&ssl=1","width":350,"height":200},"classes":[]},{"id":8012,"url":"https:\/\/www.dalmatiner-sachsen-anhalt.de\/blog\/8012\/","url_meta":{"origin":7677,"position":2},"title":"Gr&#252;&#223;e aus der WK","date":"18. Februar 2023","format":false,"excerpt":"Guten Morgen aus der Wurfkiste. Wir hatten schon Fr\u00fchst\u00fcck bei Mama Hermine. Das war so anstrengend, dass wir uns jetzt erstmal ordentlich ausruhen m\u00fcssen \ud83d\ude09","rel":"","context":"In &quot;G-Wurf&quot;","img":{"alt_text":"","src":"https:\/\/i0.wp.com\/www.dalmatiner-sachsen-anhalt.de\/blog\/wp-content\/uploads\/2023\/02\/IMG_20230218_101633-scaled.jpg?resize=350%2C200&ssl=1","width":350,"height":200},"classes":[]},{"id":4770,"url":"https:\/\/www.dalmatiner-sachsen-anhalt.de\/blog\/4770\/","url_meta":{"origin":7677,"position":3},"title":"Unsere Sandst&#252;ckchen","date":"31. Januar 2013","format":false,"excerpt":"\u00a0 Noch ist es ruhig in der Wurfkiste, au\u00dfer schlafen, s\u00e4ugen und wieder schlafen passiert noch nicht viel. Aber bald werden sich die kleinen \u00c4uglein und \u00d6rchen \u00f6ffnen und dann wird neugierig die Welt erkundet.","rel":"","context":"In &quot;A-Wurf&quot;","img":{"alt_text":"","src":"https:\/\/i0.wp.com\/www.dalmatiner-sachsen-anhalt.de\/blog\/wp-content\/uploads\/2013\/01\/dalmatiner-welpen-vdS-tag6_1317-383x255.jpg?resize=350%2C200","width":350,"height":200},"classes":[]},{"id":8096,"url":"https:\/\/www.dalmatiner-sachsen-anhalt.de\/blog\/8096\/","url_meta":{"origin":7677,"position":4},"title":"Nanu?","date":"3. M&auml;rz 2023","format":false,"excerpt":"Nanu? fragen sich die 7 Zwerge. Wer sitzt denn da in unserer Wurfkiste? Und Gismo fragt sich, wer aus seinem Sch\u00fcsselchen gefressen hat\ud83e\udd17 M\u00e4rchenhaft sch\u00f6n.","rel":"","context":"In &quot;G-Wurf&quot;","img":{"alt_text":"","src":"https:\/\/i0.wp.com\/www.dalmatiner-sachsen-anhalt.de\/blog\/wp-content\/uploads\/2023\/03\/IMG-20230303-WA0003.jpg?fit=1200%2C600&ssl=1&resize=350%2C200","width":350,"height":200},"classes":[]},{"id":3062,"url":"https:\/\/www.dalmatiner-sachsen-anhalt.de\/blog\/3062\/","url_meta":{"origin":7677,"position":5},"title":"Erweiterung der Wurfkiste","date":"8. Januar 2011","format":false,"excerpt":"Die Welpenstube wird vergr\u00f6\u00dfert. Die Welpen bekommen ihren eigenen \"Vorgarten\" als Auslauf. Der erste Schritt zum Sauberwerden und ein St\u00fcck der weiten Welt zu entdecken.","rel":"","context":"In &quot;B-Wurf&quot;","img":{"alt_text":"Umbau der Wurfkiste","src":"https:\/\/i0.wp.com\/www.dalmatiner-sachsen-anhalt.de\/blog\/wp-content\/uploads\/2011\/01\/welpen-tag-22_7883-1024x681.jpg?resize=350%2C200","width":350,"height":200},"classes":[]}],"_links":{"self":[{"href":"https:\/\/www.dalmatiner-sachsen-anhalt.de\/blog\/wp-json\/wp\/v2\/posts\/7677"}],"collection":[{"href":"https:\/\/www.dalmatiner-sachsen-anhalt.de\/blog\/wp-json\/wp\/v2\/posts"}],"about":[{"href":"https:\/\/www.dalmatiner-sachsen-anhalt.de\/blog\/wp-json\/wp\/v2\/types\/post"}],"author":[{"embeddable":true,"href":"https:\/\/www.dalmatiner-sachsen-anhalt.de\/blog\/wp-json\/wp\/v2\/users\/1"}],"replies":[{"embeddable":true,"href":"https:\/\/www.dalmatiner-sachsen-anhalt.de\/blog\/wp-json\/wp\/v2\/comments?post=7677"}],"version-history":[{"count":0,"href":"https:\/\/www.dalmatiner-sachsen-anhalt.de\/blog\/wp-json\/wp\/v2\/posts\/7677\/revisions"}],"wp:attachment":[{"href":"https:\/\/www.dalmatiner-sachsen-anhalt.de\/blog\/wp-json\/wp\/v2\/media?parent=7677"}],"wp:term":[{"taxonomy":"category","embeddable":true,"href":"https:\/\/www.dalmatiner-sachsen-anhalt.de\/blog\/wp-json\/wp\/v2\/categories?post=7677"},{"taxonomy":"post_tag","embeddable":true,"href":"https:\/\/www.dalmatiner-sachsen-anhalt.de\/blog\/wp-json\/wp\/v2\/tags?post=7677"}],"curies":[{"name":"wp","href":"https:\/\/api.w.org\/{rel}","templated":true}]}}