{"id":7709,"date":"2021-03-15T17:27:39","date_gmt":"2021-03-15T15:27:39","guid":{"rendered":"https:\/\/www.dalmatiner-sachsen-anhalt.de\/blog\/?p=7709"},"modified":"2021-03-15T17:27:39","modified_gmt":"2021-03-15T15:27:39","slug":"welpen-haufen-2","status":"publish","type":"post","link":"https:\/\/www.dalmatiner-sachsen-anhalt.de\/blog\/7709\/","title":{"rendered":"Welpen-Haufen"},"content":{"rendered":"\n<figure class=\"wp-block-image\"><img data-attachment-id=\"7708\" data-permalink=\"https:\/\/www.dalmatiner-sachsen-anhalt.de\/blog\/7709\/img_20210315_162618\/\" data-orig-file=\"https:\/\/i0.wp.com\/www.dalmatiner-sachsen-anhalt.de\/blog\/wp-content\/uploads\/2021\/03\/IMG_20210315_162618.jpg?fit=3968%2C1984&amp;ssl=1\" data-orig-size=\"3968,1984\" data-comments-opened=\"1\" data-image-meta=\"{&quot;aperture&quot;:&quot;1.8&quot;,&quot;credit&quot;:&quot;&quot;,&quot;camera&quot;:&quot;HMA-L09&quot;,&quot;caption&quot;:&quot;&quot;,&quot;created_timestamp&quot;:&quot;1615825581&quot;,&quot;copyright&quot;:&quot;&quot;,&quot;focal_length&quot;:&quot;4.75&quot;,&quot;iso&quot;:&quot;400&quot;,&quot;shutter_speed&quot;:&quot;0.02&quot;,&quot;title&quot;:&quot;&quot;,&quot;orientation&quot;:&quot;0&quot;}\" data-image-title=\"IMG_20210315_162618.jpg\" data-image-description=\"\" data-image-caption=\"\" data-medium-file=\"https:\/\/i0.wp.com\/www.dalmatiner-sachsen-anhalt.de\/blog\/wp-content\/uploads\/2021\/03\/IMG_20210315_162618.jpg?fit=300%2C150&amp;ssl=1\" data-large-file=\"https:\/\/i0.wp.com\/www.dalmatiner-sachsen-anhalt.de\/blog\/wp-content\/uploads\/2021\/03\/IMG_20210315_162618.jpg?fit=584%2C292&amp;ssl=1\" decoding=\"async\" loading=\"lazy\" width=\"584\" height=\"292\" src=\"https:\/\/i0.wp.com\/www.dalmatiner-sachsen-anhalt.de\/blog\/wp-content\/uploads\/2021\/03\/IMG_20210315_162618.jpg?resize=584%2C292&#038;ssl=1\" alt=\"\" class=\"wp-image-7708\" srcset=\"https:\/\/i0.wp.com\/www.dalmatiner-sachsen-anhalt.de\/blog\/wp-content\/uploads\/2021\/03\/IMG_20210315_162618.jpg?w=3968&amp;ssl=1 3968w, https:\/\/i0.wp.com\/www.dalmatiner-sachsen-anhalt.de\/blog\/wp-content\/uploads\/2021\/03\/IMG_20210315_162618.jpg?resize=150%2C75&amp;ssl=1 150w, https:\/\/i0.wp.com\/www.dalmatiner-sachsen-anhalt.de\/blog\/wp-content\/uploads\/2021\/03\/IMG_20210315_162618.jpg?resize=300%2C150&amp;ssl=1 300w, https:\/\/i0.wp.com\/www.dalmatiner-sachsen-anhalt.de\/blog\/wp-content\/uploads\/2021\/03\/IMG_20210315_162618.jpg?resize=768%2C384&amp;ssl=1 768w, https:\/\/i0.wp.com\/www.dalmatiner-sachsen-anhalt.de\/blog\/wp-content\/uploads\/2021\/03\/IMG_20210315_162618.jpg?resize=1024%2C512&amp;ssl=1 1024w, https:\/\/i0.wp.com\/www.dalmatiner-sachsen-anhalt.de\/blog\/wp-content\/uploads\/2021\/03\/IMG_20210315_162618.jpg?resize=500%2C250&amp;ssl=1 500w, https:\/\/i0.wp.com\/www.dalmatiner-sachsen-anhalt.de\/blog\/wp-content\/uploads\/2021\/03\/IMG_20210315_162618.jpg?w=1168&amp;ssl=1 1168w, https:\/\/i0.wp.com\/www.dalmatiner-sachsen-anhalt.de\/blog\/wp-content\/uploads\/2021\/03\/IMG_20210315_162618.jpg?w=1752&amp;ssl=1 1752w\" sizes=\"(max-width: 584px) 100vw, 584px\" data-recalc-dims=\"1\" \/><\/figure>\n","protected":false},"excerpt":{"rendered":"","protected":false},"author":1,"featured_media":0,"comment_status":"open","ping_status":"open","sticky":false,"template":"","format":"standard","meta":{"jetpack_post_was_ever_published":false,"jetpack_publicize_message":"","jetpack_is_tweetstorm":false,"jetpack_publicize_feature_enabled":true,"jetpack_social_post_already_shared":true,"jetpack_social_options":[]},"categories":[1365,1370,1372,1377,1376,1375,1371,1369],"tags":[],"jetpack_publicize_connections":[],"jetpack_featured_media_url":"","jetpack_shortlink":"https:\/\/wp.me\/px1eF-20l","jetpack_sharing_enabled":true,"jetpack_likes_enabled":true,"jetpack-related-posts":[{"id":7752,"url":"https:\/\/www.dalmatiner-sachsen-anhalt.de\/blog\/7752\/","url_meta":{"origin":7709,"position":0},"title":"Friedlich","date":"23. M&auml;rz 2021","format":false,"excerpt":"Mama Hermine mit ihren Welpen\ud83e\udd70","rel":"","context":"In &quot;F- Wurf&quot;","img":{"alt_text":"","src":"https:\/\/i0.wp.com\/www.dalmatiner-sachsen-anhalt.de\/blog\/wp-content\/uploads\/2021\/03\/IMG-20210323-WA0012.jpg?resize=350%2C200&ssl=1","width":350,"height":200},"classes":[]},{"id":7821,"url":"https:\/\/www.dalmatiner-sachsen-anhalt.de\/blog\/7821\/","url_meta":{"origin":7709,"position":1},"title":"Tag 28 &#8211; Besuch erwartet\ud83d\ude0a","date":"5. April 2021","format":false,"excerpt":"Heute kommen Besucher f\u00fcr die Welpen\ud83d\udc3e","rel":"","context":"In &quot;F- Wurf&quot;","img":{"alt_text":"","src":"https:\/\/i0.wp.com\/www.dalmatiner-sachsen-anhalt.de\/blog\/wp-content\/uploads\/2021\/04\/IMG-20210405-WA0000.jpg?resize=350%2C200&ssl=1","width":350,"height":200},"classes":[]},{"id":7716,"url":"https:\/\/www.dalmatiner-sachsen-anhalt.de\/blog\/7716\/","url_meta":{"origin":7709,"position":2},"title":"Tag 9. &#8211; Getrennt","date":"17. M&auml;rz 2021","format":false,"excerpt":"Nach dem Stress der letzten 24h (alle Welpen wollten st\u00e4ndig Milch) sorgt Hermine nun f\u00fcr Ordnung: Sie hat die Welpen aufgeteilt in Schlafgruppe und Trinkgruppe\ud83d\ude02","rel":"","context":"In &quot;F- Wurf&quot;","img":{"alt_text":"","src":"https:\/\/i0.wp.com\/www.dalmatiner-sachsen-anhalt.de\/blog\/wp-content\/uploads\/2021\/03\/IMG_20210317_084559.jpg?resize=350%2C200&ssl=1","width":350,"height":200},"classes":[]},{"id":7682,"url":"https:\/\/www.dalmatiner-sachsen-anhalt.de\/blog\/7682\/","url_meta":{"origin":7709,"position":3},"title":"Guten Morgen aus der WK","date":"14. M&auml;rz 2021","format":false,"excerpt":"Wir w\u00fcnschen allen Besuchern einen sch\u00f6nen Sonntag. Hier regnet es, was die Welpen aber nicht st\u00f6rt \u2614","rel":"","context":"In &quot;F- Wurf&quot;","img":{"alt_text":"","src":"https:\/\/i0.wp.com\/www.dalmatiner-sachsen-anhalt.de\/blog\/wp-content\/uploads\/2021\/03\/IMG_20210314_074212.jpg?resize=350%2C200&ssl=1","width":350,"height":200},"classes":[]},{"id":7722,"url":"https:\/\/www.dalmatiner-sachsen-anhalt.de\/blog\/7722\/","url_meta":{"origin":7709,"position":4},"title":"Tag 10 &#8211; Hermines Ordnung \ud83d\udc3e","date":"18. M&auml;rz 2021","format":false,"excerpt":"Hermine hat ihre Regeln durchgesetzt. Die H\u00e4lfte der Welpen ist an der Milchbar, die andere H\u00e4lfte mu\u00df schlafen.\ud83c\udf1b","rel":"","context":"In &quot;F- Wurf&quot;","img":{"alt_text":"","src":"https:\/\/i0.wp.com\/www.dalmatiner-sachsen-anhalt.de\/blog\/wp-content\/uploads\/2021\/03\/IMG_20210318_073755.jpg?resize=350%2C200&ssl=1","width":350,"height":200},"classes":[]},{"id":7742,"url":"https:\/\/www.dalmatiner-sachsen-anhalt.de\/blog\/7742\/","url_meta":{"origin":7709,"position":5},"title":"Tag 13 &#8211; Auslauf\ud83d\udc3e","date":"21. M&auml;rz 2021","format":false,"excerpt":"Es wird langsam Zeit den Aktionsradius der Welpen zu erweitern. Deswegen bekommt die Wurfkiste noch einen Auslauf angebaut. Dann \u00f6ffnen wir die Klappe der WK und die n\u00e4chste Phase der Entdeckung der Welt kann beginnen\ud83d\udc4d","rel":"","context":"In &quot;F- Wurf&quot;","img":{"alt_text":"","src":"https:\/\/i0.wp.com\/www.dalmatiner-sachsen-anhalt.de\/blog\/wp-content\/uploads\/2021\/03\/IMG-20210320-WA0010.jpg?resize=350%2C200&ssl=1","width":350,"height":200},"classes":[]}],"_links":{"self":[{"href":"https:\/\/www.dalmatiner-sachsen-anhalt.de\/blog\/wp-json\/wp\/v2\/posts\/7709"}],"collection":[{"href":"https:\/\/www.dalmatiner-sachsen-anhalt.de\/blog\/wp-json\/wp\/v2\/posts"}],"about":[{"href":"https:\/\/www.dalmatiner-sachsen-anhalt.de\/blog\/wp-json\/wp\/v2\/types\/post"}],"author":[{"embeddable":true,"href":"https:\/\/www.dalmatiner-sachsen-anhalt.de\/blog\/wp-json\/wp\/v2\/users\/1"}],"replies":[{"embeddable":true,"href":"https:\/\/www.dalmatiner-sachsen-anhalt.de\/blog\/wp-json\/wp\/v2\/comments?post=7709"}],"version-history":[{"count":0,"href":"https:\/\/www.dalmatiner-sachsen-anhalt.de\/blog\/wp-json\/wp\/v2\/posts\/7709\/revisions"}],"wp:attachment":[{"href":"https:\/\/www.dalmatiner-sachsen-anhalt.de\/blog\/wp-json\/wp\/v2\/media?parent=7709"}],"wp:term":[{"taxonomy":"category","embeddable":true,"href":"https:\/\/www.dalmatiner-sachsen-anhalt.de\/blog\/wp-json\/wp\/v2\/categories?post=7709"},{"taxonomy":"post_tag","embeddable":true,"href":"https:\/\/www.dalmatiner-sachsen-anhalt.de\/blog\/wp-json\/wp\/v2\/tags?post=7709"}],"curies":[{"name":"wp","href":"https:\/\/api.w.org\/{rel}","templated":true}]}}