{"id":7716,"date":"2021-03-17T09:50:40","date_gmt":"2021-03-17T07:50:40","guid":{"rendered":"https:\/\/www.dalmatiner-sachsen-anhalt.de\/blog\/?p=7716"},"modified":"2021-03-17T09:50:40","modified_gmt":"2021-03-17T07:50:40","slug":"tag-9-getrennt","status":"publish","type":"post","link":"https:\/\/www.dalmatiner-sachsen-anhalt.de\/blog\/7716\/","title":{"rendered":"Tag 9. &#8211; Getrennt"},"content":{"rendered":"\n<figure class=\"wp-block-image\"><img data-attachment-id=\"7715\" data-permalink=\"https:\/\/www.dalmatiner-sachsen-anhalt.de\/blog\/7716\/img_20210317_084559\/\" data-orig-file=\"https:\/\/i0.wp.com\/www.dalmatiner-sachsen-anhalt.de\/blog\/wp-content\/uploads\/2021\/03\/IMG_20210317_084559.jpg?fit=3968%2C1984&amp;ssl=1\" data-orig-size=\"3968,1984\" data-comments-opened=\"1\" data-image-meta=\"{&quot;aperture&quot;:&quot;1.8&quot;,&quot;credit&quot;:&quot;&quot;,&quot;camera&quot;:&quot;HMA-L09&quot;,&quot;caption&quot;:&quot;&quot;,&quot;created_timestamp&quot;:&quot;1615970761&quot;,&quot;copyright&quot;:&quot;&quot;,&quot;focal_length&quot;:&quot;4.75&quot;,&quot;iso&quot;:&quot;500&quot;,&quot;shutter_speed&quot;:&quot;0.03&quot;,&quot;title&quot;:&quot;&quot;,&quot;orientation&quot;:&quot;0&quot;}\" data-image-title=\"IMG_20210317_084559.jpg\" data-image-description=\"\" data-image-caption=\"\" data-medium-file=\"https:\/\/i0.wp.com\/www.dalmatiner-sachsen-anhalt.de\/blog\/wp-content\/uploads\/2021\/03\/IMG_20210317_084559.jpg?fit=300%2C150&amp;ssl=1\" data-large-file=\"https:\/\/i0.wp.com\/www.dalmatiner-sachsen-anhalt.de\/blog\/wp-content\/uploads\/2021\/03\/IMG_20210317_084559.jpg?fit=584%2C292&amp;ssl=1\" decoding=\"async\" loading=\"lazy\" width=\"584\" height=\"292\" src=\"https:\/\/i0.wp.com\/www.dalmatiner-sachsen-anhalt.de\/blog\/wp-content\/uploads\/2021\/03\/IMG_20210317_084559.jpg?resize=584%2C292&#038;ssl=1\" alt=\"\" class=\"wp-image-7715\" srcset=\"https:\/\/i0.wp.com\/www.dalmatiner-sachsen-anhalt.de\/blog\/wp-content\/uploads\/2021\/03\/IMG_20210317_084559.jpg?w=3968&amp;ssl=1 3968w, https:\/\/i0.wp.com\/www.dalmatiner-sachsen-anhalt.de\/blog\/wp-content\/uploads\/2021\/03\/IMG_20210317_084559.jpg?resize=150%2C75&amp;ssl=1 150w, https:\/\/i0.wp.com\/www.dalmatiner-sachsen-anhalt.de\/blog\/wp-content\/uploads\/2021\/03\/IMG_20210317_084559.jpg?resize=300%2C150&amp;ssl=1 300w, https:\/\/i0.wp.com\/www.dalmatiner-sachsen-anhalt.de\/blog\/wp-content\/uploads\/2021\/03\/IMG_20210317_084559.jpg?resize=768%2C384&amp;ssl=1 768w, https:\/\/i0.wp.com\/www.dalmatiner-sachsen-anhalt.de\/blog\/wp-content\/uploads\/2021\/03\/IMG_20210317_084559.jpg?resize=1024%2C512&amp;ssl=1 1024w, https:\/\/i0.wp.com\/www.dalmatiner-sachsen-anhalt.de\/blog\/wp-content\/uploads\/2021\/03\/IMG_20210317_084559.jpg?resize=500%2C250&amp;ssl=1 500w, https:\/\/i0.wp.com\/www.dalmatiner-sachsen-anhalt.de\/blog\/wp-content\/uploads\/2021\/03\/IMG_20210317_084559.jpg?w=1168&amp;ssl=1 1168w, https:\/\/i0.wp.com\/www.dalmatiner-sachsen-anhalt.de\/blog\/wp-content\/uploads\/2021\/03\/IMG_20210317_084559.jpg?w=1752&amp;ssl=1 1752w\" sizes=\"(max-width: 584px) 100vw, 584px\" data-recalc-dims=\"1\" \/><\/figure>\n\n\n\n<p>Nach dem Stress der letzten 24h (alle Welpen wollten st&#228;ndig Milch) sorgt Hermine nun f&#252;r Ordnung: Sie hat die Welpen aufgeteilt in Schlafgruppe und Trinkgruppe\ud83d\ude02<\/p>\n","protected":false},"excerpt":{"rendered":"<p>Nach dem Stress der letzten 24h (alle Welpen wollten st&#228;ndig Milch) sorgt Hermine nun f&#252;r Ordnung: Sie hat die Welpen aufgeteilt in Schlafgruppe und Trinkgruppe\ud83d\ude02<\/p>\n","protected":false},"author":1,"featured_media":0,"comment_status":"open","ping_status":"open","sticky":false,"template":"","format":"standard","meta":{"jetpack_post_was_ever_published":false,"jetpack_publicize_message":"","jetpack_is_tweetstorm":false,"jetpack_publicize_feature_enabled":true,"jetpack_social_post_already_shared":true,"jetpack_social_options":[]},"categories":[1365,1370,1372,1377,1376,1375,1371,1309,1369],"tags":[],"jetpack_publicize_connections":[],"jetpack_featured_media_url":"","jetpack_shortlink":"https:\/\/wp.me\/px1eF-20s","jetpack_sharing_enabled":true,"jetpack_likes_enabled":true,"jetpack-related-posts":[{"id":7232,"url":"https:\/\/www.dalmatiner-sachsen-anhalt.de\/blog\/7232\/","url_meta":{"origin":7716,"position":0},"title":"Hermine sagt: Schichtwechsel?","date":"9. September 2019","format":false,"excerpt":"Hallo Welt, hier ist Hermine, ich soll Euch mitteilen, da\u00df wir Schichtwechsel haben\ud83d\ude04. Weil mein Frauchen Andrea wieder arbeiten mu\u00df, hat Herrchen Axel nun \u00fcbernommen. Frauchen sagt, er w\u00e4re nun f\u00fcr die Betreuung der Welpen zust\u00e4ndig - und f\u00fcr die Kommunikation mit den Welpen-Interessenten, Welpen- K\u00e4ufern und der sonstigen WWW.-Welt.\u2026","rel":"","context":"In &quot;E-Wurf&quot;","img":{"alt_text":"","src":"https:\/\/i0.wp.com\/www.dalmatiner-sachsen-anhalt.de\/blog\/wp-content\/uploads\/2019\/09\/IMG_20190904_113801.jpg?fit=1200%2C600&ssl=1&resize=350%2C200","width":350,"height":200},"classes":[]},{"id":6928,"url":"https:\/\/www.dalmatiner-sachsen-anhalt.de\/blog\/6928\/","url_meta":{"origin":7716,"position":1},"title":"Hermine Tag 35","date":"14. Juli 2019","format":false,"excerpt":"Noch 27 Tage, dann wird der E-Wurf geboren. Mama Hermine hat heute schon mal eine H\u00f6hle im Garten ausgesucht - f\u00fcr ihren Wurf :-)\u00a0Das wird nichts. Das ist keine Wurfkiste, sondern die Hundeh\u00fctte f\u00fcr die Welpen zum Spielen und Toben, wenn sie die Wurfkiste verlassen werden (ab der 5. Woche).\u2026","rel":"","context":"In &quot;E-Wurf&quot;","img":{"alt_text":"","src":"https:\/\/i0.wp.com\/www.dalmatiner-sachsen-anhalt.de\/blog\/wp-content\/uploads\/2019\/07\/hermine-athene-traechtig-tag-35.jpg?fit=1024%2C768&ssl=1&resize=350%2C200","width":350,"height":200},"classes":[]},{"id":8050,"url":"https:\/\/www.dalmatiner-sachsen-anhalt.de\/blog\/8050\/","url_meta":{"origin":7716,"position":2},"title":"Sitzen","date":"26. Februar 2023","format":false,"excerpt":"Hermine meint, jetzt wo die Welpen gr\u00f6\u00dfer werden, geht das S\u00e4ugen im Sitzen viel besser\ud83d\ude09","rel":"","context":"In &quot;G-Wurf&quot;","img":{"alt_text":"","src":"https:\/\/i0.wp.com\/www.dalmatiner-sachsen-anhalt.de\/blog\/wp-content\/uploads\/2023\/02\/IMG_20230225_134906-scaled.jpg?resize=350%2C200&ssl=1","width":350,"height":200},"classes":[]},{"id":7991,"url":"https:\/\/www.dalmatiner-sachsen-anhalt.de\/blog\/7991\/","url_meta":{"origin":7716,"position":3},"title":"Wachsam","date":"17. Februar 2023","format":false,"excerpt":"Mama Hermine hat st\u00e4ndig im Blick, wer sich der WK n\u00e4hert. Braves M\u00e4dchen\ud83d\udc4d","rel":"","context":"In &quot;G-Wurf&quot;","img":{"alt_text":"","src":"https:\/\/i0.wp.com\/www.dalmatiner-sachsen-anhalt.de\/blog\/wp-content\/uploads\/2023\/02\/IMG-20230214-WA0002-2.jpg?fit=1200%2C900&ssl=1&resize=350%2C200","width":350,"height":200},"classes":[]},{"id":8619,"url":"https:\/\/www.dalmatiner-sachsen-anhalt.de\/blog\/8619\/","url_meta":{"origin":7716,"position":4},"title":"Hermine ist Oma\ud83d\ude0a","date":"23. Mai 2025","format":false,"excerpt":"Hermines Tochter Elsa vdS hatte gerade ihren 1. Wurf in der Zuchtst\u00e4tte \"von der Unnesburg\". Elsa von den Sandst\u00fccken 8 Welpen. Wir w\u00fcnschen viel Erfolg bei der Aufzucht und der tollen Welpenzeit.","rel":"","context":"In &quot;E-Wurf&quot;","img":{"alt_text":"","src":"https:\/\/i0.wp.com\/www.dalmatiner-sachsen-anhalt.de\/blog\/wp-content\/uploads\/2025\/05\/wp-1747985845716751859117062168475.jpg?fit=899%2C859&ssl=1&resize=350%2C200","width":350,"height":200},"classes":[]},{"id":8178,"url":"https:\/\/www.dalmatiner-sachsen-anhalt.de\/blog\/8178\/","url_meta":{"origin":7716,"position":5},"title":"Alarmposten","date":"19. M&auml;rz 2023","format":false,"excerpt":"Hermine hat immer die Welpen im Blick. Sie h\u00e4lt Wache\ud83e\udd17","rel":"","context":"In &quot;G-Wurf&quot;","img":{"alt_text":"","src":"https:\/\/i0.wp.com\/www.dalmatiner-sachsen-anhalt.de\/blog\/wp-content\/uploads\/2023\/03\/IMG_20230319_104607-scaled.jpg?resize=350%2C200&ssl=1","width":350,"height":200},"classes":[]}],"_links":{"self":[{"href":"https:\/\/www.dalmatiner-sachsen-anhalt.de\/blog\/wp-json\/wp\/v2\/posts\/7716"}],"collection":[{"href":"https:\/\/www.dalmatiner-sachsen-anhalt.de\/blog\/wp-json\/wp\/v2\/posts"}],"about":[{"href":"https:\/\/www.dalmatiner-sachsen-anhalt.de\/blog\/wp-json\/wp\/v2\/types\/post"}],"author":[{"embeddable":true,"href":"https:\/\/www.dalmatiner-sachsen-anhalt.de\/blog\/wp-json\/wp\/v2\/users\/1"}],"replies":[{"embeddable":true,"href":"https:\/\/www.dalmatiner-sachsen-anhalt.de\/blog\/wp-json\/wp\/v2\/comments?post=7716"}],"version-history":[{"count":0,"href":"https:\/\/www.dalmatiner-sachsen-anhalt.de\/blog\/wp-json\/wp\/v2\/posts\/7716\/revisions"}],"wp:attachment":[{"href":"https:\/\/www.dalmatiner-sachsen-anhalt.de\/blog\/wp-json\/wp\/v2\/media?parent=7716"}],"wp:term":[{"taxonomy":"category","embeddable":true,"href":"https:\/\/www.dalmatiner-sachsen-anhalt.de\/blog\/wp-json\/wp\/v2\/categories?post=7716"},{"taxonomy":"post_tag","embeddable":true,"href":"https:\/\/www.dalmatiner-sachsen-anhalt.de\/blog\/wp-json\/wp\/v2\/tags?post=7716"}],"curies":[{"name":"wp","href":"https:\/\/api.w.org\/{rel}","templated":true}]}}