{"id":7718,"date":"2021-03-17T10:09:03","date_gmt":"2021-03-17T08:09:03","guid":{"rendered":"https:\/\/www.dalmatiner-sachsen-anhalt.de\/blog\/?p=7718"},"modified":"2021-03-17T10:09:45","modified_gmt":"2021-03-17T08:09:45","slug":"gewechselt","status":"publish","type":"post","link":"https:\/\/www.dalmatiner-sachsen-anhalt.de\/blog\/7718\/","title":{"rendered":"Gewechselt\ud83d\udc3e"},"content":{"rendered":"\n<p>Jetzt schl&#228;ft die Trinkgruppe. Hermine hat einen Wechsel angeordnet\ud83d\udc4f<\/p>\n\n\n\n<figure class=\"wp-block-image size-large\"><img data-attachment-id=\"7717\" data-permalink=\"https:\/\/www.dalmatiner-sachsen-anhalt.de\/blog\/7718\/img-20210317-wa0001\/\" data-orig-file=\"https:\/\/i0.wp.com\/www.dalmatiner-sachsen-anhalt.de\/blog\/wp-content\/uploads\/2021\/03\/IMG-20210317-WA0001.jpg?fit=1600%2C800&amp;ssl=1\" data-orig-size=\"1600,800\" data-comments-opened=\"1\" data-image-meta=\"{&quot;aperture&quot;:&quot;0&quot;,&quot;credit&quot;:&quot;&quot;,&quot;camera&quot;:&quot;&quot;,&quot;caption&quot;:&quot;&quot;,&quot;created_timestamp&quot;:&quot;0&quot;,&quot;copyright&quot;:&quot;&quot;,&quot;focal_length&quot;:&quot;0&quot;,&quot;iso&quot;:&quot;0&quot;,&quot;shutter_speed&quot;:&quot;0&quot;,&quot;title&quot;:&quot;&quot;,&quot;orientation&quot;:&quot;0&quot;}\" data-image-title=\"IMG-20210317-WA0001.jpg\" data-image-description=\"\" data-image-caption=\"\" data-medium-file=\"https:\/\/i0.wp.com\/www.dalmatiner-sachsen-anhalt.de\/blog\/wp-content\/uploads\/2021\/03\/IMG-20210317-WA0001.jpg?fit=300%2C150&amp;ssl=1\" data-large-file=\"https:\/\/i0.wp.com\/www.dalmatiner-sachsen-anhalt.de\/blog\/wp-content\/uploads\/2021\/03\/IMG-20210317-WA0001.jpg?fit=584%2C292&amp;ssl=1\" decoding=\"async\" loading=\"lazy\" width=\"1600\" height=\"800\" src=\"https:\/\/i1.wp.com\/www.dalmatiner-sachsen-anhalt.de\/blog\/wp-content\/uploads\/2021\/03\/IMG-20210317-WA0001.jpg?fit=584%2C292&amp;ssl=1\" alt=\"\" class=\"wp-image-7717\" srcset=\"https:\/\/i0.wp.com\/www.dalmatiner-sachsen-anhalt.de\/blog\/wp-content\/uploads\/2021\/03\/IMG-20210317-WA0001.jpg?w=1600&amp;ssl=1 1600w, https:\/\/i0.wp.com\/www.dalmatiner-sachsen-anhalt.de\/blog\/wp-content\/uploads\/2021\/03\/IMG-20210317-WA0001.jpg?resize=150%2C75&amp;ssl=1 150w, https:\/\/i0.wp.com\/www.dalmatiner-sachsen-anhalt.de\/blog\/wp-content\/uploads\/2021\/03\/IMG-20210317-WA0001.jpg?resize=300%2C150&amp;ssl=1 300w, https:\/\/i0.wp.com\/www.dalmatiner-sachsen-anhalt.de\/blog\/wp-content\/uploads\/2021\/03\/IMG-20210317-WA0001.jpg?resize=768%2C384&amp;ssl=1 768w, https:\/\/i0.wp.com\/www.dalmatiner-sachsen-anhalt.de\/blog\/wp-content\/uploads\/2021\/03\/IMG-20210317-WA0001.jpg?resize=1024%2C512&amp;ssl=1 1024w, https:\/\/i0.wp.com\/www.dalmatiner-sachsen-anhalt.de\/blog\/wp-content\/uploads\/2021\/03\/IMG-20210317-WA0001.jpg?resize=500%2C250&amp;ssl=1 500w, https:\/\/i0.wp.com\/www.dalmatiner-sachsen-anhalt.de\/blog\/wp-content\/uploads\/2021\/03\/IMG-20210317-WA0001.jpg?w=1168&amp;ssl=1 1168w\" sizes=\"(max-width: 584px) 100vw, 584px\" \/><\/figure>\n\n\n\n<p><\/p>\n","protected":false},"excerpt":{"rendered":"<p>Jetzt schl&#228;ft die Trinkgruppe. Hermine hat einen Wechsel angeordnet\ud83d\udc4f<\/p>\n","protected":false},"author":1,"featured_media":0,"comment_status":"open","ping_status":"open","sticky":false,"template":"","format":"standard","meta":{"jetpack_post_was_ever_published":false,"jetpack_publicize_message":"","jetpack_is_tweetstorm":false,"jetpack_publicize_feature_enabled":true,"jetpack_social_post_already_shared":true,"jetpack_social_options":[]},"categories":[1365,1370,1372,1377,1376,1375,1371,1309,1369],"tags":[],"jetpack_publicize_connections":[],"jetpack_featured_media_url":"","jetpack_shortlink":"https:\/\/wp.me\/px1eF-20u","jetpack_sharing_enabled":true,"jetpack_likes_enabled":true,"jetpack-related-posts":[{"id":6741,"url":"https:\/\/www.dalmatiner-sachsen-anhalt.de\/blog\/6741\/","url_meta":{"origin":7718,"position":0},"title":"Hermine vom Roten Herzfleck (13 Wochen)","date":"28. Mai 2017","format":false,"excerpt":"\u00a0 Unsere Nachzuchth\u00fcndin Hermine :-)","rel":"","context":"In &quot;Hermine&quot;","img":{"alt_text":"Hermine-13Wo","src":"https:\/\/i0.wp.com\/www.dalmatiner-sachsen-anhalt.de\/blog\/wp-content\/uploads\/2017\/05\/IMG_5132-1024x683.jpg?resize=350%2C200","width":350,"height":200},"classes":[]},{"id":6793,"url":"https:\/\/www.dalmatiner-sachsen-anhalt.de\/blog\/6793\/","url_meta":{"origin":7718,"position":1},"title":"Hermine kann lachen","date":"6. November 2017","format":false,"excerpt":"\u00a0 Endlich ist uns mal ein Foto gelungen, wenn auch etwas unscharf. Hermine lacht und grinst ganz breit, wenn sie uns begr\u00fc\u00dft. Bald werden wir wohl noch bessere Fotos erhaschen.","rel":"","context":"In &quot;Hermine&quot;","img":{"alt_text":"lachen IMG_6728","src":"https:\/\/i0.wp.com\/www.dalmatiner-sachsen-anhalt.de\/blog\/wp-content\/uploads\/2017\/11\/lachen-IMG_6728-1024x683.jpg?resize=350%2C200","width":350,"height":200},"classes":[]},{"id":6920,"url":"https:\/\/www.dalmatiner-sachsen-anhalt.de\/blog\/6920\/","url_meta":{"origin":7718,"position":2},"title":"E- Wurf &#8211; Das Leben geht weiter","date":"6. Juli 2019","format":false,"excerpt":"\u00a0SANDSTUECKEN-DALMATINER Tag 26 \u2013 Hermine ist tragend\u00a06. Juli 2019 Am 5.7.2019 waren wir mit Athene (10J) und Hermine (2,5J) beim Tierarzt zum Ultraschall. Hermine ist tragend \u2013 wir haben mindestens 5 kleine Herminchen (Minions) auf dem Bild gesehen (leider nicht auf dem hier gezeigten). Wahrscheinlich sind es noch mehr. Wir\u2026","rel":"","context":"In &quot;E-Wurf&quot;","img":{"alt_text":"","src":"https:\/\/i0.wp.com\/www.dalmatiner-sachsen-anhalt.de\/blog\/wp-content\/uploads\/2019\/07\/IMG_20190518_170514_resized_20190519_111937334-e1562442672144.jpg?fit=1158%2C420&ssl=1&resize=350%2C200","width":350,"height":200},"classes":[]},{"id":6898,"url":"https:\/\/www.dalmatiner-sachsen-anhalt.de\/blog\/6898\/","url_meta":{"origin":7718,"position":3},"title":"HD A1 f&#252;r unsere Hermine","date":"27. Januar 2019","format":false,"excerpt":"\u00a0 Juchu!!! Die HD- Auswertung f\u00fcr Hermine ist gekommen. Sie hat eine HD A1, also alles perfekt - wir freuen uns sehr. Die Hummel- Gro\u00dfnichte kann nun unsere Zuchtlinie fortf\u00fchren.","rel":"","context":"In &quot;Hermine&quot;","img":{"alt_text":"","src":"https:\/\/i0.wp.com\/www.dalmatiner-sachsen-anhalt.de\/blog\/wp-content\/uploads\/2019\/01\/hermine1-1024x768.jpg?resize=350%2C200","width":350,"height":200},"classes":[]},{"id":6838,"url":"https:\/\/www.dalmatiner-sachsen-anhalt.de\/blog\/6838\/","url_meta":{"origin":7718,"position":4},"title":"X-RAY Hermine","date":"12. Januar 2019","format":false,"excerpt":"\u00a0 Heute war es endlich soweit, Hermine vom Roten Herzfleck, welche als Gro\u00dfnichte unserer Hummel unsere Zucht fortsetzen wird, war zum HD R\u00f6ntgen. Soweit sehen die H\u00fcften gut aus. Nun erwarten wir die Bewertung durch den Gutachter.","rel":"","context":"In &quot;D-Wurf&quot;","img":{"alt_text":"","src":"https:\/\/i0.wp.com\/www.dalmatiner-sachsen-anhalt.de\/blog\/wp-content\/uploads\/2019\/01\/hermine-HD-roentgen-e1547409869165-1024x768.jpg?resize=350%2C200","width":350,"height":200},"classes":[]},{"id":6928,"url":"https:\/\/www.dalmatiner-sachsen-anhalt.de\/blog\/6928\/","url_meta":{"origin":7718,"position":5},"title":"Hermine Tag 35","date":"14. Juli 2019","format":false,"excerpt":"Noch 27 Tage, dann wird der E-Wurf geboren. Mama Hermine hat heute schon mal eine H\u00f6hle im Garten ausgesucht - f\u00fcr ihren Wurf :-)\u00a0Das wird nichts. Das ist keine Wurfkiste, sondern die Hundeh\u00fctte f\u00fcr die Welpen zum Spielen und Toben, wenn sie die Wurfkiste verlassen werden (ab der 5. Woche).\u2026","rel":"","context":"In &quot;E-Wurf&quot;","img":{"alt_text":"","src":"https:\/\/i0.wp.com\/www.dalmatiner-sachsen-anhalt.de\/blog\/wp-content\/uploads\/2019\/07\/hermine-athene-traechtig-tag-35.jpg?fit=1024%2C768&ssl=1&resize=350%2C200","width":350,"height":200},"classes":[]}],"_links":{"self":[{"href":"https:\/\/www.dalmatiner-sachsen-anhalt.de\/blog\/wp-json\/wp\/v2\/posts\/7718"}],"collection":[{"href":"https:\/\/www.dalmatiner-sachsen-anhalt.de\/blog\/wp-json\/wp\/v2\/posts"}],"about":[{"href":"https:\/\/www.dalmatiner-sachsen-anhalt.de\/blog\/wp-json\/wp\/v2\/types\/post"}],"author":[{"embeddable":true,"href":"https:\/\/www.dalmatiner-sachsen-anhalt.de\/blog\/wp-json\/wp\/v2\/users\/1"}],"replies":[{"embeddable":true,"href":"https:\/\/www.dalmatiner-sachsen-anhalt.de\/blog\/wp-json\/wp\/v2\/comments?post=7718"}],"version-history":[{"count":1,"href":"https:\/\/www.dalmatiner-sachsen-anhalt.de\/blog\/wp-json\/wp\/v2\/posts\/7718\/revisions"}],"predecessor-version":[{"id":7719,"href":"https:\/\/www.dalmatiner-sachsen-anhalt.de\/blog\/wp-json\/wp\/v2\/posts\/7718\/revisions\/7719"}],"wp:attachment":[{"href":"https:\/\/www.dalmatiner-sachsen-anhalt.de\/blog\/wp-json\/wp\/v2\/media?parent=7718"}],"wp:term":[{"taxonomy":"category","embeddable":true,"href":"https:\/\/www.dalmatiner-sachsen-anhalt.de\/blog\/wp-json\/wp\/v2\/categories?post=7718"},{"taxonomy":"post_tag","embeddable":true,"href":"https:\/\/www.dalmatiner-sachsen-anhalt.de\/blog\/wp-json\/wp\/v2\/tags?post=7718"}],"curies":[{"name":"wp","href":"https:\/\/api.w.org\/{rel}","templated":true}]}}