{"id":8256,"date":"2023-03-24T14:39:33","date_gmt":"2023-03-24T12:39:33","guid":{"rendered":"https:\/\/www.dalmatiner-sachsen-anhalt.de\/blog\/?p=8256"},"modified":"2023-03-24T15:26:04","modified_gmt":"2023-03-24T13:26:04","slug":"musterung","status":"publish","type":"post","link":"https:\/\/www.dalmatiner-sachsen-anhalt.de\/blog\/8256\/","title":{"rendered":"Musterung?"},"content":{"rendered":"\n<figure class=\"wp-block-image\"><img data-attachment-id=\"8255\" data-permalink=\"https:\/\/www.dalmatiner-sachsen-anhalt.de\/blog\/8256\/img_20230322_161248\/\" data-orig-file=\"https:\/\/i0.wp.com\/www.dalmatiner-sachsen-anhalt.de\/blog\/wp-content\/uploads\/2023\/03\/IMG_20230322_161248-scaled.jpg?fit=2560%2C1280&amp;ssl=1\" data-orig-size=\"2560,1280\" data-comments-opened=\"1\" data-image-meta=\"{&quot;aperture&quot;:&quot;1.8&quot;,&quot;credit&quot;:&quot;&quot;,&quot;camera&quot;:&quot;HMA-L09&quot;,&quot;caption&quot;:&quot;&quot;,&quot;created_timestamp&quot;:&quot;1679501570&quot;,&quot;copyright&quot;:&quot;&quot;,&quot;focal_length&quot;:&quot;4.75&quot;,&quot;iso&quot;:&quot;50&quot;,&quot;shutter_speed&quot;:&quot;0.008892&quot;,&quot;title&quot;:&quot;&quot;,&quot;orientation&quot;:&quot;0&quot;}\" data-image-title=\"IMG_20230322_161248\" data-image-description=\"\" data-image-caption=\"\" data-medium-file=\"https:\/\/i0.wp.com\/www.dalmatiner-sachsen-anhalt.de\/blog\/wp-content\/uploads\/2023\/03\/IMG_20230322_161248-scaled.jpg?fit=300%2C150&amp;ssl=1\" data-large-file=\"https:\/\/i0.wp.com\/www.dalmatiner-sachsen-anhalt.de\/blog\/wp-content\/uploads\/2023\/03\/IMG_20230322_161248-scaled.jpg?fit=584%2C292&amp;ssl=1\" decoding=\"async\" loading=\"lazy\" width=\"584\" height=\"292\" src=\"https:\/\/i0.wp.com\/www.dalmatiner-sachsen-anhalt.de\/blog\/wp-content\/uploads\/2023\/03\/IMG_20230322_161248.jpg?resize=584%2C292&#038;ssl=1\" alt=\"\" class=\"wp-image-8255\" srcset=\"https:\/\/i0.wp.com\/www.dalmatiner-sachsen-anhalt.de\/blog\/wp-content\/uploads\/2023\/03\/IMG_20230322_161248-scaled.jpg?resize=1024%2C512&amp;ssl=1 1024w, https:\/\/i0.wp.com\/www.dalmatiner-sachsen-anhalt.de\/blog\/wp-content\/uploads\/2023\/03\/IMG_20230322_161248-scaled.jpg?resize=300%2C150&amp;ssl=1 300w, https:\/\/i0.wp.com\/www.dalmatiner-sachsen-anhalt.de\/blog\/wp-content\/uploads\/2023\/03\/IMG_20230322_161248-scaled.jpg?resize=150%2C75&amp;ssl=1 150w, https:\/\/i0.wp.com\/www.dalmatiner-sachsen-anhalt.de\/blog\/wp-content\/uploads\/2023\/03\/IMG_20230322_161248-scaled.jpg?resize=768%2C384&amp;ssl=1 768w, https:\/\/i0.wp.com\/www.dalmatiner-sachsen-anhalt.de\/blog\/wp-content\/uploads\/2023\/03\/IMG_20230322_161248-scaled.jpg?resize=1536%2C768&amp;ssl=1 1536w, https:\/\/i0.wp.com\/www.dalmatiner-sachsen-anhalt.de\/blog\/wp-content\/uploads\/2023\/03\/IMG_20230322_161248-scaled.jpg?resize=2048%2C1024&amp;ssl=1 2048w, https:\/\/i0.wp.com\/www.dalmatiner-sachsen-anhalt.de\/blog\/wp-content\/uploads\/2023\/03\/IMG_20230322_161248-scaled.jpg?resize=500%2C250&amp;ssl=1 500w, https:\/\/i0.wp.com\/www.dalmatiner-sachsen-anhalt.de\/blog\/wp-content\/uploads\/2023\/03\/IMG_20230322_161248-scaled.jpg?w=1168&amp;ssl=1 1168w, https:\/\/i0.wp.com\/www.dalmatiner-sachsen-anhalt.de\/blog\/wp-content\/uploads\/2023\/03\/IMG_20230322_161248-scaled.jpg?w=1752&amp;ssl=1 1752w\" sizes=\"(max-width: 584px) 100vw, 584px\" data-recalc-dims=\"1\" \/><\/figure>\n\n\n\n<p>Bundeswehr sucht neue Rakruten<\/p>\n\n\n\n<p>Dalmatiner haben eine nat&#252;rliche Wintertarnung.<\/p>\n","protected":false},"excerpt":{"rendered":"<p>Bundeswehr sucht neue Rakruten Dalmatiner haben eine nat&#252;rliche Wintertarnung.<\/p>\n","protected":false},"author":1,"featured_media":0,"comment_status":"open","ping_status":"open","sticky":false,"template":"","format":"standard","meta":{"jetpack_post_was_ever_published":false,"jetpack_publicize_message":"","jetpack_is_tweetstorm":false,"jetpack_publicize_feature_enabled":true,"jetpack_social_post_already_shared":true,"jetpack_social_options":[]},"categories":[1379,1407],"tags":[],"jetpack_publicize_connections":[],"jetpack_featured_media_url":"","jetpack_shortlink":"https:\/\/wp.me\/px1eF-29a","jetpack_sharing_enabled":true,"jetpack_likes_enabled":true,"jetpack-related-posts":[{"id":8494,"url":"https:\/\/www.dalmatiner-sachsen-anhalt.de\/blog\/8494\/","url_meta":{"origin":8256,"position":0},"title":"Gandalf sucht&#8230;","date":"17. April 2023","format":false,"excerpt":"Update 24.6.23: Gandalf hat nun sein #fuerimmerzuhause gefunden\u2764\ufe0f Gandalf ist wieder bei uns und sucht eine neue Familie. Nach nur 4 Tagen haben wir Gandalf von den Sandst\u00fccken ihn wieder in unserer Zuchtst\u00e4tte aufgenommen. Seine Besitzer mussten aufgrund famili\u00e4rer Turbulenzen - allerdings nicht wegen Gandalf - kurzfristig vom Kaufvertrag zur\u00fccktreten\u2026","rel":"","context":"In &quot;G-Wurf&quot;","img":{"alt_text":"","src":"https:\/\/i0.wp.com\/www.dalmatiner-sachsen-anhalt.de\/blog\/wp-content\/uploads\/2023\/04\/IMG_20230417_092838.jpg?resize=350%2C200&ssl=1","width":350,"height":200},"classes":[]},{"id":8323,"url":"https:\/\/www.dalmatiner-sachsen-anhalt.de\/blog\/8323\/","url_meta":{"origin":8256,"position":1},"title":"Rinderohr","date":"28. M&auml;rz 2023","format":false,"excerpt":"Goethe und Gismo knappern am Rinderohr. Da haben sie eine Weile zu schaffen \ud83d\ude09","rel":"","context":"In &quot;G-Wurf&quot;","img":{"alt_text":"","src":"https:\/\/i0.wp.com\/www.dalmatiner-sachsen-anhalt.de\/blog\/wp-content\/uploads\/2023\/03\/IMG_20230328_150241-scaled.jpg?resize=350%2C200&ssl=1","width":350,"height":200},"classes":[]},{"id":8301,"url":"https:\/\/www.dalmatiner-sachsen-anhalt.de\/blog\/8301\/","url_meta":{"origin":8256,"position":2},"title":"Alles im Blick","date":"26. M&auml;rz 2023","format":false,"excerpt":"Mama Hermine sucht das Spielzeug aus und hat sonst auch alles im Blick.","rel":"","context":"In &quot;G-Wurf&quot;","img":{"alt_text":"","src":"https:\/\/i0.wp.com\/www.dalmatiner-sachsen-anhalt.de\/blog\/wp-content\/uploads\/2023\/03\/IMG_20230326_130520-scaled.jpg?resize=350%2C200&ssl=1","width":350,"height":200},"classes":[]},{"id":8394,"url":"https:\/\/www.dalmatiner-sachsen-anhalt.de\/blog\/8394\/","url_meta":{"origin":8256,"position":3},"title":"Sonne heute","date":"6. April 2023","format":false,"excerpt":"Ab in die Spielzeugkiste. Jeder sucht sich etwas aus und dann wird herumgetobt \ud83d\ude09","rel":"","context":"In &quot;G-Wurf&quot;","img":{"alt_text":"","src":"https:\/\/i0.wp.com\/www.dalmatiner-sachsen-anhalt.de\/blog\/wp-content\/uploads\/2023\/04\/IMG_20230406_095725-scaled.jpg?resize=350%2C200&ssl=1","width":350,"height":200},"classes":[]},{"id":8174,"url":"https:\/\/www.dalmatiner-sachsen-anhalt.de\/blog\/8174\/","url_meta":{"origin":8256,"position":4},"title":"Gestern","date":"19. M&auml;rz 2023","format":false,"excerpt":"War aufregend f\u00fcr die Zwerge. Besuch war da. Wieder viele neue Eindr\u00fccke. Danach haben die Welpen ihre Mahlzeit verschlafen, so m\u00fcde waren sie. Das wurde aber nachgeholt. Viel Hunger. Der Besuch hat sich f\u00fcr Goethe entschieden. Nun suchen noch ein neues Zuhause: Gandalf, Gismo und Groot \ud83d\ude09","rel":"","context":"In &quot;G-Wurf&quot;","img":{"alt_text":"","src":"https:\/\/i0.wp.com\/www.dalmatiner-sachsen-anhalt.de\/blog\/wp-content\/uploads\/2023\/03\/IMG_20230318_140519-1-scaled.jpg?resize=350%2C200&ssl=1","width":350,"height":200},"classes":[]},{"id":8167,"url":"https:\/\/www.dalmatiner-sachsen-anhalt.de\/blog\/8167\/","url_meta":{"origin":8256,"position":5},"title":"Umzug der Welpen","date":"17. M&auml;rz 2023","format":false,"excerpt":"Die 7 Zwerge sind in der 5. Lebenswoche umgezogen in Ihr Eigenheim mit Auslauf und Garten. Mann, war das aufregend f\u00fcr die Kleinen. Soviele neue Ger\u00fcche und Eindr\u00fccke! Am Ende landen sie wieder in ihrer vertrauten Wurfkiste und schlafen ersch\u00f6pft ein. Mal sehen wie lange.","rel":"","context":"In &quot;G-Wurf&quot;","img":{"alt_text":"","src":"https:\/\/i0.wp.com\/www.dalmatiner-sachsen-anhalt.de\/blog\/wp-content\/uploads\/2023\/03\/IMG-20230316-WA0003.jpg?resize=350%2C200&ssl=1","width":350,"height":200},"classes":[]}],"_links":{"self":[{"href":"https:\/\/www.dalmatiner-sachsen-anhalt.de\/blog\/wp-json\/wp\/v2\/posts\/8256"}],"collection":[{"href":"https:\/\/www.dalmatiner-sachsen-anhalt.de\/blog\/wp-json\/wp\/v2\/posts"}],"about":[{"href":"https:\/\/www.dalmatiner-sachsen-anhalt.de\/blog\/wp-json\/wp\/v2\/types\/post"}],"author":[{"embeddable":true,"href":"https:\/\/www.dalmatiner-sachsen-anhalt.de\/blog\/wp-json\/wp\/v2\/users\/1"}],"replies":[{"embeddable":true,"href":"https:\/\/www.dalmatiner-sachsen-anhalt.de\/blog\/wp-json\/wp\/v2\/comments?post=8256"}],"version-history":[{"count":1,"href":"https:\/\/www.dalmatiner-sachsen-anhalt.de\/blog\/wp-json\/wp\/v2\/posts\/8256\/revisions"}],"predecessor-version":[{"id":8268,"href":"https:\/\/www.dalmatiner-sachsen-anhalt.de\/blog\/wp-json\/wp\/v2\/posts\/8256\/revisions\/8268"}],"wp:attachment":[{"href":"https:\/\/www.dalmatiner-sachsen-anhalt.de\/blog\/wp-json\/wp\/v2\/media?parent=8256"}],"wp:term":[{"taxonomy":"category","embeddable":true,"href":"https:\/\/www.dalmatiner-sachsen-anhalt.de\/blog\/wp-json\/wp\/v2\/categories?post=8256"},{"taxonomy":"post_tag","embeddable":true,"href":"https:\/\/www.dalmatiner-sachsen-anhalt.de\/blog\/wp-json\/wp\/v2\/tags?post=8256"}],"curies":[{"name":"wp","href":"https:\/\/api.w.org\/{rel}","templated":true}]}}