{"id":827,"date":"2009-07-10T23:14:05","date_gmt":"2009-07-10T21:14:05","guid":{"rendered":"http:\/\/www.dalmatiner-sachsen-anhalt.de\/blog\/?p=827"},"modified":"2009-07-10T23:14:05","modified_gmt":"2009-07-10T21:14:05","slug":"hunde-wetter-schutz-huette","status":"publish","type":"post","link":"https:\/\/www.dalmatiner-sachsen-anhalt.de\/blog\/827\/","title":{"rendered":"Hunde-Wetter-Schutz-H&#252;tte"},"content":{"rendered":"<h3>Heute hat es sehr oft <strong>geregnet<\/strong>, und <strong>kalt <\/strong>war es auch. Also haben sich die kleinen <strong><span style=\"color: #993300;\">Fleckenzwerge <\/span><\/strong>in der <strong><span style=\"color: #993300;\">Hundeh&#252;tte der Au&#223;enanlage<\/span><\/strong> <strong>zusammengekuschelt <\/strong>und viel <strong>geschlafen<\/strong>. Hinaus ging es nur in den <strong>Regenpausen <\/strong>oder zum <strong>Pipi <\/strong>machen.<\/h3>\n<h3 style=\"text-align: center;\"><a href=\"https:\/\/i0.wp.com\/www.dalmatiner-sachsen-anhalt.de\/blog\/wp-content\/uploads\/2009\/07\/welpen-tag32_0684-huette.JPG?ssl=1\"><img data-attachment-id=\"828\" data-permalink=\"https:\/\/www.dalmatiner-sachsen-anhalt.de\/blog\/827\/welpen-tag32_0684-huette\/\" data-orig-file=\"https:\/\/i0.wp.com\/www.dalmatiner-sachsen-anhalt.de\/blog\/wp-content\/uploads\/2009\/07\/welpen-tag32_0684-huette.JPG?fit=1150%2C768&amp;ssl=1\" data-orig-size=\"1150,768\" data-comments-opened=\"1\" data-image-meta=\"{&quot;aperture&quot;:&quot;0&quot;,&quot;credit&quot;:&quot;&quot;,&quot;camera&quot;:&quot;&quot;,&quot;caption&quot;:&quot;&quot;,&quot;created_timestamp&quot;:&quot;0&quot;,&quot;copyright&quot;:&quot;&quot;,&quot;focal_length&quot;:&quot;0&quot;,&quot;iso&quot;:&quot;0&quot;,&quot;shutter_speed&quot;:&quot;0&quot;,&quot;title&quot;:&quot;&quot;}\" data-image-title=\"welpen-tag32_0684-huette\" data-image-description=\"\" data-image-caption=\"\" data-medium-file=\"https:\/\/i0.wp.com\/www.dalmatiner-sachsen-anhalt.de\/blog\/wp-content\/uploads\/2009\/07\/welpen-tag32_0684-huette.JPG?fit=300%2C200&amp;ssl=1\" data-large-file=\"https:\/\/i0.wp.com\/www.dalmatiner-sachsen-anhalt.de\/blog\/wp-content\/uploads\/2009\/07\/welpen-tag32_0684-huette.JPG?fit=584%2C390&amp;ssl=1\" decoding=\"async\" loading=\"lazy\" class=\"alignnone size-large wp-image-828\" title=\"welpen-tag32_0684-huette\" src=\"https:\/\/i0.wp.com\/www.dalmatiner-sachsen-anhalt.de\/blog\/wp-content\/uploads\/2009\/07\/welpen-tag32_0684-huette-1024x683.jpg?resize=501%2C334&#038;ssl=1\" alt=\"welpen-tag32_0684-huette\" width=\"501\" height=\"334\" srcset=\"https:\/\/i0.wp.com\/www.dalmatiner-sachsen-anhalt.de\/blog\/wp-content\/uploads\/2009\/07\/welpen-tag32_0684-huette.JPG?resize=1024%2C683&amp;ssl=1 1024w, https:\/\/i0.wp.com\/www.dalmatiner-sachsen-anhalt.de\/blog\/wp-content\/uploads\/2009\/07\/welpen-tag32_0684-huette.JPG?resize=300%2C200&amp;ssl=1 300w, https:\/\/i0.wp.com\/www.dalmatiner-sachsen-anhalt.de\/blog\/wp-content\/uploads\/2009\/07\/welpen-tag32_0684-huette.JPG?w=1150&amp;ssl=1 1150w\" sizes=\"(max-width: 501px) 100vw, 501px\" data-recalc-dims=\"1\" \/><\/a><\/h3>\n","protected":false},"excerpt":{"rendered":"<p>Heute hat es sehr oft geregnet, und kalt war es auch. Also haben sich die kleinen Fleckenzwerge in der Hundeh&#252;tte der Au&#223;enanlage zusammengekuschelt und viel geschlafen. Hinaus ging es nur in den Regenpausen oder zum Pipi machen.<\/p>\n","protected":false},"author":1,"featured_media":0,"comment_status":"open","ping_status":"open","sticky":false,"template":"","format":"standard","meta":{"jetpack_post_was_ever_published":false,"jetpack_publicize_message":"","jetpack_is_tweetstorm":false,"jetpack_publicize_feature_enabled":true,"jetpack_social_post_already_shared":false,"jetpack_social_options":[]},"categories":[13,113],"tags":[264,35,78,49,261,263,266,262,214,164,7,94,265],"jetpack_publicize_connections":[],"jetpack_featured_media_url":"","jetpack_shortlink":"https:\/\/wp.me\/px1eF-dl","jetpack_sharing_enabled":true,"jetpack_likes_enabled":true,"jetpack-related-posts":[{"id":684,"url":"https:\/\/www.dalmatiner-sachsen-anhalt.de\/blog\/684\/","url_meta":{"origin":827,"position":0},"title":"2 Wochen alt sind die A-chens nun schon","date":"24. Juni 2009","format":false,"excerpt":"Wir schreiben den Tag 16 und die Welpen sind richtige propere Kerle geworden, die ausgezeichnet wachsen und gedeihen. Sie haben ein Gewicht zwischen 1300 g und 1500 g. Damit sind sie ca. 3 x so schwer wie bei der Geburt. Auch sind Sie nun locker doppelt so gro\u00df. Die A-chens\u2026","rel":"","context":"In &quot;A-Wurf&quot;","img":{"alt_text":"amigo-tag14_0128","src":"https:\/\/i0.wp.com\/www.dalmatiner-sachsen-anhalt.de\/blog\/wp-content\/uploads\/2009\/06\/amigo-tag14_0128.JPG?resize=350%2C200","width":350,"height":200},"classes":[]},{"id":1055,"url":"https:\/\/www.dalmatiner-sachsen-anhalt.de\/blog\/1055\/","url_meta":{"origin":827,"position":1},"title":"Vorbereitungen laufen","date":"30. Juli 2009","format":false,"excerpt":"Die Vorbereitungen auf die Wurfabnahme laufen auf Hochtouren. Die R\u00fcden \u00fcben sich darin, wer schon auf 3 Beinen stehend am Besten PIPI machen kann - typisch m\u00e4nnlich. Und die H\u00fcndinnen putzen sich heraus, weil sie die Sch\u00f6nste sein wollen. ANTONIA sagt: \"Liebe Zuchtwartin Ilona. Bin ich nicht h\u00fcbsch? Und werde\u2026","rel":"","context":"In &quot;A-Wurf&quot;","img":{"alt_text":"welpen-tag52_2106","src":"https:\/\/i0.wp.com\/www.dalmatiner-sachsen-anhalt.de\/blog\/wp-content\/uploads\/2009\/07\/welpen-tag52_2106-1024x683.jpg?resize=350%2C200","width":350,"height":200},"classes":[]},{"id":2697,"url":"https:\/\/www.dalmatiner-sachsen-anhalt.de\/blog\/2697\/","url_meta":{"origin":827,"position":2},"title":"Schmuddelwetter","date":"16. Oktober 2010","format":false,"excerpt":"Athene vdS ist der Ansicht, dass man bei diesem Wetter Regensachen tragen sollte.","rel":"","context":"In &quot;A-Wurf&quot;","img":{"alt_text":"","src":"https:\/\/i0.wp.com\/www.dalmatiner-sachsen-anhalt.de\/blog\/wp-content\/uploads\/2010\/10\/regenmantel-IMG_4765-1024x681.jpg?resize=350%2C200","width":350,"height":200},"classes":[]},{"id":5197,"url":"https:\/\/www.dalmatiner-sachsen-anhalt.de\/blog\/5197\/","url_meta":{"origin":827,"position":3},"title":"Heute ist Wurfabnahme","date":"16. M&auml;rz 2013","format":false,"excerpt":"Alles ist vorbereitet - heute ist der gro\u00dfe Tag der Wurfabnahme. Und was sagen die Welpen dazu? Belauschen wir doch mal Collin und Hummel: Collin: \"Du Omi - die Wurfabnahme ist ja total wichtig und so?\" Hummel: \"Das ist sie wohl, aber keine Sorge, ihr seid gut vorbereitet.\" Collin: \"Ja\u2026","rel":"","context":"In &quot;C-Wurf&quot;","img":{"alt_text":"","src":"https:\/\/i0.wp.com\/www.dalmatiner-sachsen-anhalt.de\/blog\/wp-content\/uploads\/2013\/03\/collin7wo1.jpg?fit=725%2C311&ssl=1&resize=350%2C200","width":350,"height":200},"classes":[]},{"id":2463,"url":"https:\/\/www.dalmatiner-sachsen-anhalt.de\/blog\/2463\/","url_meta":{"origin":827,"position":4},"title":"Als &#220;bernachtungsg&#228;ste","date":"20. Juni 2010","format":false,"excerpt":"...waren Ares vdS und Aron bei uns. Am Sonntag gab es dann zum Abschlu\u00df einen wundersch\u00f6nen, gemeinsamen Spaziergang bei herrlichstem Wetter.","rel":"","context":"In &quot;A-Wurf&quot;","img":{"alt_text":"","src":"https:\/\/i0.wp.com\/www.dalmatiner-sachsen-anhalt.de\/blog\/wp-content\/uploads\/2010\/06\/IMG_7658-383x255.jpg?resize=350%2C200","width":350,"height":200},"classes":[]},{"id":3639,"url":"https:\/\/www.dalmatiner-sachsen-anhalt.de\/blog\/3639\/","url_meta":{"origin":827,"position":5},"title":"16. Nationale &#038; Internationale Ausstellung Leipzig","date":"21. August 2011","format":false,"excerpt":"Es war ein tolles Wochenende in Leipzig. Bei wundersch\u00f6nem Wetter trafen wir Bennet vdS mit seiner Familie und hatten viel Freude beim Ausstellen unserer Hunde, beim Spazierengehen vor und nach den Ausstellungen und bei den gemeinsamen Aktivit\u00e4ten in der freien Zeit. Bennet konnte bei seiner 1. Ausstellung ein \"vv2\" erreichen\u2026","rel":"","context":"In &quot;A-Wurf&quot;","img":{"alt_text":"","src":"https:\/\/i0.wp.com\/www.dalmatiner-sachsen-anhalt.de\/blog\/wp-content\/uploads\/2011\/08\/IMG_1486-383x255.jpg?resize=350%2C200","width":350,"height":200},"classes":[]}],"_links":{"self":[{"href":"https:\/\/www.dalmatiner-sachsen-anhalt.de\/blog\/wp-json\/wp\/v2\/posts\/827"}],"collection":[{"href":"https:\/\/www.dalmatiner-sachsen-anhalt.de\/blog\/wp-json\/wp\/v2\/posts"}],"about":[{"href":"https:\/\/www.dalmatiner-sachsen-anhalt.de\/blog\/wp-json\/wp\/v2\/types\/post"}],"author":[{"embeddable":true,"href":"https:\/\/www.dalmatiner-sachsen-anhalt.de\/blog\/wp-json\/wp\/v2\/users\/1"}],"replies":[{"embeddable":true,"href":"https:\/\/www.dalmatiner-sachsen-anhalt.de\/blog\/wp-json\/wp\/v2\/comments?post=827"}],"version-history":[{"count":2,"href":"https:\/\/www.dalmatiner-sachsen-anhalt.de\/blog\/wp-json\/wp\/v2\/posts\/827\/revisions"}],"predecessor-version":[{"id":830,"href":"https:\/\/www.dalmatiner-sachsen-anhalt.de\/blog\/wp-json\/wp\/v2\/posts\/827\/revisions\/830"}],"wp:attachment":[{"href":"https:\/\/www.dalmatiner-sachsen-anhalt.de\/blog\/wp-json\/wp\/v2\/media?parent=827"}],"wp:term":[{"taxonomy":"category","embeddable":true,"href":"https:\/\/www.dalmatiner-sachsen-anhalt.de\/blog\/wp-json\/wp\/v2\/categories?post=827"},{"taxonomy":"post_tag","embeddable":true,"href":"https:\/\/www.dalmatiner-sachsen-anhalt.de\/blog\/wp-json\/wp\/v2\/tags?post=827"}],"curies":[{"name":"wp","href":"https:\/\/api.w.org\/{rel}","templated":true}]}}