{"id":8373,"date":"2023-04-04T09:05:42","date_gmt":"2023-04-04T07:05:42","guid":{"rendered":"https:\/\/www.dalmatiner-sachsen-anhalt.de\/blog\/8373\/"},"modified":"2023-04-04T09:05:42","modified_gmt":"2023-04-04T07:05:42","slug":"aep-heute","status":"publish","type":"post","link":"https:\/\/www.dalmatiner-sachsen-anhalt.de\/blog\/8373\/","title":{"rendered":"AEP heute"},"content":{"rendered":"\n<figure class=\"wp-block-image\"><img data-attachment-id=\"8372\" data-permalink=\"https:\/\/www.dalmatiner-sachsen-anhalt.de\/blog\/8373\/img-20230404-wa0000\/\" data-orig-file=\"https:\/\/i0.wp.com\/www.dalmatiner-sachsen-anhalt.de\/blog\/wp-content\/uploads\/2023\/04\/IMG-20230404-WA0000.jpg?fit=1984%2C992&amp;ssl=1\" data-orig-size=\"1984,992\" data-comments-opened=\"1\" data-image-meta=\"{&quot;aperture&quot;:&quot;0&quot;,&quot;credit&quot;:&quot;&quot;,&quot;camera&quot;:&quot;&quot;,&quot;caption&quot;:&quot;&quot;,&quot;created_timestamp&quot;:&quot;0&quot;,&quot;copyright&quot;:&quot;&quot;,&quot;focal_length&quot;:&quot;0&quot;,&quot;iso&quot;:&quot;0&quot;,&quot;shutter_speed&quot;:&quot;0&quot;,&quot;title&quot;:&quot;&quot;,&quot;orientation&quot;:&quot;0&quot;}\" data-image-title=\"IMG-20230404-WA0000\" data-image-description=\"\" data-image-caption=\"\" data-medium-file=\"https:\/\/i0.wp.com\/www.dalmatiner-sachsen-anhalt.de\/blog\/wp-content\/uploads\/2023\/04\/IMG-20230404-WA0000.jpg?fit=300%2C150&amp;ssl=1\" data-large-file=\"https:\/\/i0.wp.com\/www.dalmatiner-sachsen-anhalt.de\/blog\/wp-content\/uploads\/2023\/04\/IMG-20230404-WA0000.jpg?fit=584%2C292&amp;ssl=1\" decoding=\"async\" loading=\"lazy\" width=\"584\" height=\"292\" src=\"https:\/\/i0.wp.com\/www.dalmatiner-sachsen-anhalt.de\/blog\/wp-content\/uploads\/2023\/04\/IMG-20230404-WA0000.jpg?resize=584%2C292&#038;ssl=1\" alt=\"\" class=\"wp-image-8372\" srcset=\"https:\/\/i0.wp.com\/www.dalmatiner-sachsen-anhalt.de\/blog\/wp-content\/uploads\/2023\/04\/IMG-20230404-WA0000.jpg?resize=1024%2C512&amp;ssl=1 1024w, https:\/\/i0.wp.com\/www.dalmatiner-sachsen-anhalt.de\/blog\/wp-content\/uploads\/2023\/04\/IMG-20230404-WA0000.jpg?resize=300%2C150&amp;ssl=1 300w, https:\/\/i0.wp.com\/www.dalmatiner-sachsen-anhalt.de\/blog\/wp-content\/uploads\/2023\/04\/IMG-20230404-WA0000.jpg?resize=150%2C75&amp;ssl=1 150w, https:\/\/i0.wp.com\/www.dalmatiner-sachsen-anhalt.de\/blog\/wp-content\/uploads\/2023\/04\/IMG-20230404-WA0000.jpg?resize=768%2C384&amp;ssl=1 768w, https:\/\/i0.wp.com\/www.dalmatiner-sachsen-anhalt.de\/blog\/wp-content\/uploads\/2023\/04\/IMG-20230404-WA0000.jpg?resize=1536%2C768&amp;ssl=1 1536w, https:\/\/i0.wp.com\/www.dalmatiner-sachsen-anhalt.de\/blog\/wp-content\/uploads\/2023\/04\/IMG-20230404-WA0000.jpg?resize=500%2C250&amp;ssl=1 500w, https:\/\/i0.wp.com\/www.dalmatiner-sachsen-anhalt.de\/blog\/wp-content\/uploads\/2023\/04\/IMG-20230404-WA0000.jpg?w=1984&amp;ssl=1 1984w, https:\/\/i0.wp.com\/www.dalmatiner-sachsen-anhalt.de\/blog\/wp-content\/uploads\/2023\/04\/IMG-20230404-WA0000.jpg?w=1168&amp;ssl=1 1168w, https:\/\/i0.wp.com\/www.dalmatiner-sachsen-anhalt.de\/blog\/wp-content\/uploads\/2023\/04\/IMG-20230404-WA0000.jpg?w=1752&amp;ssl=1 1752w\" sizes=\"(max-width: 584px) 100vw, 584px\" data-recalc-dims=\"1\" \/><\/figure>\n\n\n\n<p>Hallo Welt, heute ist unser gro&#223;er Tag. Dr. Kr&#246;ger &#252;berpr&#252;ft alle 14 &#214;hrchen, wir bekommen unsere 1. Impfung und unseren Identifikationschip und Mama Hermine pa&#223;t auf, das alles mit rechten Dingen zugeht. \ud83e\udd17<\/p>\n","protected":false},"excerpt":{"rendered":"<p>Hallo Welt, heute ist unser gro&#223;er Tag. Dr. Kr&#246;ger &#252;berpr&#252;ft alle 14 &#214;hrchen, wir bekommen unsere 1. Impfung und unseren Identifikationschip und Mama Hermine pa&#223;t auf, das alles mit rechten Dingen zugeht. \ud83e\udd17<\/p>\n","protected":false},"author":1,"featured_media":0,"comment_status":"open","ping_status":"open","sticky":false,"template":"","format":"standard","meta":{"jetpack_post_was_ever_published":false,"jetpack_publicize_message":"","jetpack_is_tweetstorm":false,"jetpack_publicize_feature_enabled":true,"jetpack_social_post_already_shared":true,"jetpack_social_options":[]},"categories":[1379,1395,1397,1398,1389,1400,1399,1396,1407],"tags":[],"jetpack_publicize_connections":[],"jetpack_featured_media_url":"","jetpack_shortlink":"https:\/\/wp.me\/px1eF-2b3","jetpack_sharing_enabled":true,"jetpack_likes_enabled":true,"jetpack-related-posts":[{"id":2386,"url":"https:\/\/www.dalmatiner-sachsen-anhalt.de\/blog\/2386\/","url_meta":{"origin":8373,"position":0},"title":"Geburtstags-Hund Antonia sagt","date":"8. Juni 2010","format":false,"excerpt":"Hallo, liebe Athene, lieber Ares und den Rest der T\u00fcpfelbande, zu Eurem heutigen 1. Geburtstag w\u00fcnsche ich Euch alles, alles Gute, viel Gesundheit, viele Leckerlies, immer liebe Menschen und ein super gl\u00fcckliches und zufriedenes Hundeleben. Lasst Euch heute verw\u00f6hnen und reich beschenken. Ich habe mir ja einen (echten) Ares gew\u00fcnscht,\u2026","rel":"","context":"In &quot;A-Wurf&quot;","img":{"alt_text":"","src":"","width":0,"height":0},"classes":[]},{"id":6392,"url":"https:\/\/www.dalmatiner-sachsen-anhalt.de\/blog\/6392\/","url_meta":{"origin":8373,"position":1},"title":"D- Wurf Tag 7 &#8211; Gruesse aus der Wurfkiste","date":"22. Mai 2016","format":false,"excerpt":"\u00a0 Hallo ich bin Dinah von den Sandst\u00fccken. Ich bin die Erst-Geborene und heute 7 Tage alt. Ich wiege 829 g. Heute war es sehr aufregend. Mir wurden heute\u00a0die Krallen geschnitten, obwohl ich protestiert habe. Alles gl\u00fccklich \u00fcberstanden. Mal sehen, was die Welt, auf der ich lebe, noch alles f\u00fcr\u2026","rel":"","context":"In &quot;D-Wurf&quot;","img":{"alt_text":"D-Wurf-Tag6-0002","src":"https:\/\/i0.wp.com\/www.dalmatiner-sachsen-anhalt.de\/blog\/wp-content\/uploads\/2016\/05\/D-Wurf-Tag60002.jpg?fit=1200%2C676&ssl=1&resize=350%2C200","width":350,"height":200},"classes":[]},{"id":853,"url":"https:\/\/www.dalmatiner-sachsen-anhalt.de\/blog\/853\/","url_meta":{"origin":8373,"position":2},"title":"Tag 33","date":"11. Juli 2009","format":false,"excerpt":"Obwohl es heute wetterm\u00e4\u00dfig sehr durchwachsen war, haben die Fleckenzwerge den ganzen Tag im Freien verbracht. Sie haben gespielt, gerauft, und wieder neue Dinge erschn\u00fcffelt.","rel":"","context":"In &quot;A-Wurf&quot;","img":{"alt_text":"welpen-tag33_0727","src":"https:\/\/i0.wp.com\/www.dalmatiner-sachsen-anhalt.de\/blog\/wp-content\/uploads\/2009\/07\/welpen-tag33_0727.JPG?resize=350%2C200","width":350,"height":200},"classes":[]},{"id":715,"url":"https:\/\/www.dalmatiner-sachsen-anhalt.de\/blog\/715\/","url_meta":{"origin":8373,"position":3},"title":"Premiere am 21. Tag","date":"29. Juni 2009","format":false,"excerpt":"Die Z\u00e4hne sind nun schon bei allen Welpen da. Also gab es zur Abwechslung heute rohes Fleisch. Das war lecker. ...und im Freien waren wir heute auch wieder:","rel":"","context":"In &quot;A-Wurf&quot;","img":{"alt_text":"","src":"https:\/\/i0.wp.com\/www.dalmatiner-sachsen-anhalt.de\/blog\/wp-content\/uploads\/2009\/06\/athene-tag21_0035-zaehne-383x255.jpg?resize=350%2C200","width":350,"height":200},"classes":[]},{"id":2354,"url":"https:\/\/www.dalmatiner-sachsen-anhalt.de\/blog\/2354\/","url_meta":{"origin":8373,"position":4},"title":"1. Geburtstag","date":"8. Juni 2010","format":false,"excerpt":"Unser A- Wurf wird heute genau ein Jahr alt. HERZLICHE GL\u00dcCKW\u00dcNSCHE gehen an Ares, Amigo, Aslan, Aaron, Attila, Athene, Antonia und Amelie! Bleibt sch\u00f6n gesund und lasst Euch heute von Euren 2- Beinern ganz besonders gut verw\u00f6hnen.","rel":"","context":"In &quot;A-Wurf&quot;","img":{"alt_text":"","src":"https:\/\/i0.wp.com\/www.dalmatiner-sachsen-anhalt.de\/blog\/wp-content\/uploads\/2010\/06\/welpen-tag42_1392-1024x683.jpg?resize=350%2C200","width":350,"height":200},"classes":[]},{"id":6798,"url":"https:\/\/www.dalmatiner-sachsen-anhalt.de\/blog\/6798\/","url_meta":{"origin":8373,"position":5},"title":"Der B-Wurf hat Geburtstag","date":"17. Dezember 2017","format":false,"excerpt":"Heute feiern unsere B-chen Bandit, Bennet, Bastian, Bianca, Ballerina und Baroness gen. Abby ihren 7.Geburtstag. (Hummel vom Magdeburger Domfelsen & Union Jack vom Gramzower Kloster) Sie haben alle ein sch\u00f6nes Zuhause mit tollen Familien. Lasst euch heute ganz besonders verw\u00f6hnen.","rel":"","context":"In &quot;Athene&quot;","img":{"alt_text":"Welpen-Tag-24_8058","src":"https:\/\/i0.wp.com\/www.dalmatiner-sachsen-anhalt.de\/blog\/wp-content\/uploads\/2017\/12\/Welpen-Tag-24_8058-1024x681.jpg?resize=350%2C200","width":350,"height":200},"classes":[]}],"_links":{"self":[{"href":"https:\/\/www.dalmatiner-sachsen-anhalt.de\/blog\/wp-json\/wp\/v2\/posts\/8373"}],"collection":[{"href":"https:\/\/www.dalmatiner-sachsen-anhalt.de\/blog\/wp-json\/wp\/v2\/posts"}],"about":[{"href":"https:\/\/www.dalmatiner-sachsen-anhalt.de\/blog\/wp-json\/wp\/v2\/types\/post"}],"author":[{"embeddable":true,"href":"https:\/\/www.dalmatiner-sachsen-anhalt.de\/blog\/wp-json\/wp\/v2\/users\/1"}],"replies":[{"embeddable":true,"href":"https:\/\/www.dalmatiner-sachsen-anhalt.de\/blog\/wp-json\/wp\/v2\/comments?post=8373"}],"version-history":[{"count":0,"href":"https:\/\/www.dalmatiner-sachsen-anhalt.de\/blog\/wp-json\/wp\/v2\/posts\/8373\/revisions"}],"wp:attachment":[{"href":"https:\/\/www.dalmatiner-sachsen-anhalt.de\/blog\/wp-json\/wp\/v2\/media?parent=8373"}],"wp:term":[{"taxonomy":"category","embeddable":true,"href":"https:\/\/www.dalmatiner-sachsen-anhalt.de\/blog\/wp-json\/wp\/v2\/categories?post=8373"},{"taxonomy":"post_tag","embeddable":true,"href":"https:\/\/www.dalmatiner-sachsen-anhalt.de\/blog\/wp-json\/wp\/v2\/tags?post=8373"}],"curies":[{"name":"wp","href":"https:\/\/api.w.org\/{rel}","templated":true}]}}