{"id":8388,"date":"2023-04-05T21:38:25","date_gmt":"2023-04-05T19:38:25","guid":{"rendered":"https:\/\/www.dalmatiner-sachsen-anhalt.de\/blog\/?p=8388"},"modified":"2023-04-07T15:37:40","modified_gmt":"2023-04-07T13:37:40","slug":"tunnelblick","status":"publish","type":"post","link":"https:\/\/www.dalmatiner-sachsen-anhalt.de\/blog\/8388\/","title":{"rendered":"Tunnelblick"},"content":{"rendered":"\n<figure class=\"wp-block-image size-large is-resized is-style-rounded\"><img data-attachment-id=\"8389\" data-permalink=\"https:\/\/www.dalmatiner-sachsen-anhalt.de\/blog\/8388\/tunnel-2\/\" data-orig-file=\"https:\/\/i0.wp.com\/www.dalmatiner-sachsen-anhalt.de\/blog\/wp-content\/uploads\/2023\/04\/Tunnel.jpg?fit=992%2C1984&amp;ssl=1\" data-orig-size=\"992,1984\" data-comments-opened=\"1\" data-image-meta=\"{&quot;aperture&quot;:&quot;0&quot;,&quot;credit&quot;:&quot;&quot;,&quot;camera&quot;:&quot;&quot;,&quot;caption&quot;:&quot;&quot;,&quot;created_timestamp&quot;:&quot;0&quot;,&quot;copyright&quot;:&quot;&quot;,&quot;focal_length&quot;:&quot;0&quot;,&quot;iso&quot;:&quot;0&quot;,&quot;shutter_speed&quot;:&quot;0&quot;,&quot;title&quot;:&quot;&quot;,&quot;orientation&quot;:&quot;0&quot;}\" data-image-title=\"Tunnel\" data-image-description=\"\" data-image-caption=\"\" data-medium-file=\"https:\/\/i0.wp.com\/www.dalmatiner-sachsen-anhalt.de\/blog\/wp-content\/uploads\/2023\/04\/Tunnel.jpg?fit=150%2C300&amp;ssl=1\" data-large-file=\"https:\/\/i0.wp.com\/www.dalmatiner-sachsen-anhalt.de\/blog\/wp-content\/uploads\/2023\/04\/Tunnel.jpg?fit=512%2C1024&amp;ssl=1\" decoding=\"async\" loading=\"lazy\" src=\"https:\/\/i0.wp.com\/www.dalmatiner-sachsen-anhalt.de\/blog\/wp-content\/uploads\/2023\/04\/Tunnel.jpg?resize=384%2C768&#038;ssl=1\" alt=\"\" class=\"wp-image-8389\" width=\"384\" height=\"768\" srcset=\"https:\/\/i0.wp.com\/www.dalmatiner-sachsen-anhalt.de\/blog\/wp-content\/uploads\/2023\/04\/Tunnel.jpg?resize=512%2C1024&amp;ssl=1 512w, https:\/\/i0.wp.com\/www.dalmatiner-sachsen-anhalt.de\/blog\/wp-content\/uploads\/2023\/04\/Tunnel.jpg?resize=150%2C300&amp;ssl=1 150w, https:\/\/i0.wp.com\/www.dalmatiner-sachsen-anhalt.de\/blog\/wp-content\/uploads\/2023\/04\/Tunnel.jpg?resize=75%2C150&amp;ssl=1 75w, https:\/\/i0.wp.com\/www.dalmatiner-sachsen-anhalt.de\/blog\/wp-content\/uploads\/2023\/04\/Tunnel.jpg?resize=768%2C1536&amp;ssl=1 768w, https:\/\/i0.wp.com\/www.dalmatiner-sachsen-anhalt.de\/blog\/wp-content\/uploads\/2023\/04\/Tunnel.jpg?w=992&amp;ssl=1 992w\" sizes=\"(max-width: 384px) 100vw, 384px\" data-recalc-dims=\"1\" \/><\/figure>\n","protected":false},"excerpt":{"rendered":"","protected":false},"author":1,"featured_media":0,"comment_status":"open","ping_status":"open","sticky":false,"template":"","format":"standard","meta":{"jetpack_post_was_ever_published":false,"jetpack_publicize_message":"","jetpack_is_tweetstorm":false,"jetpack_publicize_feature_enabled":true,"jetpack_social_post_already_shared":true,"jetpack_social_options":[]},"categories":[1379],"tags":[],"jetpack_publicize_connections":[],"jetpack_featured_media_url":"","jetpack_shortlink":"https:\/\/wp.me\/px1eF-2bi","jetpack_sharing_enabled":true,"jetpack_likes_enabled":true,"jetpack-related-posts":[{"id":7958,"url":"https:\/\/www.dalmatiner-sachsen-anhalt.de\/blog\/7958\/","url_meta":{"origin":8388,"position":0},"title":"Hallo Welt &#8211; hier ist der G-Wurf","date":"14. Februar 2023","format":false,"excerpt":"https:\/\/youtube.com\/playlist?list=PLEI-I164aUBto5rFUgDXo4iw7hOSj-nR5 Unsere Hermine hat am Tag 61. der Tr\u00e4chtigkeit 7 Welpen auf die Welt gebracht, die sich bester Gesundheit erfreuen. Bei ihrer f\u00fcrsorglichen Mama finden sie alles, was sie brauchen. Wir freuen uns auf interessante und spannende Wochen mit dem G-Wurf von den Sandst\u00fccken.","rel":"","context":"In &quot;G-Wurf&quot;","img":{"alt_text":"","src":"https:\/\/i0.wp.com\/www.dalmatiner-sachsen-anhalt.de\/blog\/wp-content\/uploads\/2023\/02\/WhatsApp-Bild-2023-02-13-um-22.13.10.jpg?fit=1200%2C600&ssl=1&resize=350%2C200","width":350,"height":200},"classes":[]},{"id":8028,"url":"https:\/\/www.dalmatiner-sachsen-anhalt.de\/blog\/8028\/","url_meta":{"origin":8388,"position":1},"title":"Blau","date":"22. Februar 2023","format":false,"excerpt":"Der R\u00fcde mit dem blauen Halsband hei\u00dft GOETHE. Er ist der Schwerste im Wurf mit aktuell 1280 g","rel":"","context":"In &quot;G-Wurf&quot;","img":{"alt_text":"","src":"https:\/\/i0.wp.com\/www.dalmatiner-sachsen-anhalt.de\/blog\/wp-content\/uploads\/2023\/02\/IMG_20230222_205432-scaled.jpg?resize=350%2C200&ssl=1","width":350,"height":200},"classes":[]},{"id":6450,"url":"https:\/\/www.dalmatiner-sachsen-anhalt.de\/blog\/6450\/","url_meta":{"origin":8388,"position":2},"title":"D- Wurf Tag 15 \u2013 Bilder","date":"30. Mai 2016","format":false,"excerpt":"\u00a0 \u00a0 \u00a0 Und hier zeigen wir noch ein paar Bilder der Welpen von heute. Den Kleinen geht es gut. Sie wiegen zusammen schon 5300 g.","rel":"","context":"In &quot;Athene&quot;","img":{"alt_text":"dalmatiner-welpen-vds-D-Wurf-Tag15-0027","src":"https:\/\/i0.wp.com\/www.dalmatiner-sachsen-anhalt.de\/blog\/wp-content\/uploads\/2016\/05\/dalmatiner-welpen-vds-D-Wurf-Tag15-0027.jpg?fit=1200%2C676&ssl=1&resize=350%2C200","width":350,"height":200},"classes":[]},{"id":7969,"url":"https:\/\/www.dalmatiner-sachsen-anhalt.de\/blog\/7969\/","url_meta":{"origin":8388,"position":3},"title":"Guten Morgen","date":"14. Februar 2023","format":false,"excerpt":"Tag 2 - wir sind schon wach\ud83d\ude00","rel":"","context":"In &quot;G-Wurf&quot;","img":{"alt_text":"","src":"https:\/\/i0.wp.com\/www.dalmatiner-sachsen-anhalt.de\/blog\/wp-content\/uploads\/2023\/02\/IMG-20230214-WA0001.jpg?resize=350%2C200&ssl=1","width":350,"height":200},"classes":[]},{"id":8041,"url":"https:\/\/www.dalmatiner-sachsen-anhalt.de\/blog\/8041\/","url_meta":{"origin":8388,"position":4},"title":"Schau dir &#8220;Dalmatiner v.d.S. G- Wurf&#8221; auf YouTube an","date":"24. Februar 2023","format":false,"excerpt":"https:\/\/youtube.com\/playlist?list=PLEI-I164aUBto5rFUgDXo4iw7hOSj-nR5 Die Welpen sind heute 13 Tage alt. Die Augen werden sich bald \u00f6ffnen. Sie krabbeln durch die Wurfkiste und liegen es, am Bauch oder Ohr gestreichelt zu werden.","rel":"","context":"In &quot;G-Wurf&quot;","img":{"alt_text":"","src":"","width":0,"height":0},"classes":[]},{"id":6392,"url":"https:\/\/www.dalmatiner-sachsen-anhalt.de\/blog\/6392\/","url_meta":{"origin":8388,"position":5},"title":"D- Wurf Tag 7 &#8211; Gruesse aus der Wurfkiste","date":"22. Mai 2016","format":false,"excerpt":"\u00a0 Hallo ich bin Dinah von den Sandst\u00fccken. Ich bin die Erst-Geborene und heute 7 Tage alt. Ich wiege 829 g. Heute war es sehr aufregend. Mir wurden heute\u00a0die Krallen geschnitten, obwohl ich protestiert habe. Alles gl\u00fccklich \u00fcberstanden. Mal sehen, was die Welt, auf der ich lebe, noch alles f\u00fcr\u2026","rel":"","context":"In &quot;D-Wurf&quot;","img":{"alt_text":"D-Wurf-Tag6-0002","src":"https:\/\/i0.wp.com\/www.dalmatiner-sachsen-anhalt.de\/blog\/wp-content\/uploads\/2016\/05\/D-Wurf-Tag60002.jpg?fit=1200%2C676&ssl=1&resize=350%2C200","width":350,"height":200},"classes":[]}],"_links":{"self":[{"href":"https:\/\/www.dalmatiner-sachsen-anhalt.de\/blog\/wp-json\/wp\/v2\/posts\/8388"}],"collection":[{"href":"https:\/\/www.dalmatiner-sachsen-anhalt.de\/blog\/wp-json\/wp\/v2\/posts"}],"about":[{"href":"https:\/\/www.dalmatiner-sachsen-anhalt.de\/blog\/wp-json\/wp\/v2\/types\/post"}],"author":[{"embeddable":true,"href":"https:\/\/www.dalmatiner-sachsen-anhalt.de\/blog\/wp-json\/wp\/v2\/users\/1"}],"replies":[{"embeddable":true,"href":"https:\/\/www.dalmatiner-sachsen-anhalt.de\/blog\/wp-json\/wp\/v2\/comments?post=8388"}],"version-history":[{"count":1,"href":"https:\/\/www.dalmatiner-sachsen-anhalt.de\/blog\/wp-json\/wp\/v2\/posts\/8388\/revisions"}],"predecessor-version":[{"id":8407,"href":"https:\/\/www.dalmatiner-sachsen-anhalt.de\/blog\/wp-json\/wp\/v2\/posts\/8388\/revisions\/8407"}],"wp:attachment":[{"href":"https:\/\/www.dalmatiner-sachsen-anhalt.de\/blog\/wp-json\/wp\/v2\/media?parent=8388"}],"wp:term":[{"taxonomy":"category","embeddable":true,"href":"https:\/\/www.dalmatiner-sachsen-anhalt.de\/blog\/wp-json\/wp\/v2\/categories?post=8388"},{"taxonomy":"post_tag","embeddable":true,"href":"https:\/\/www.dalmatiner-sachsen-anhalt.de\/blog\/wp-json\/wp\/v2\/tags?post=8388"}],"curies":[{"name":"wp","href":"https:\/\/api.w.org\/{rel}","templated":true}]}}