{"id":8442,"date":"2023-04-09T20:12:05","date_gmt":"2023-04-09T18:12:05","guid":{"rendered":"https:\/\/www.dalmatiner-sachsen-anhalt.de\/blog\/8442\/"},"modified":"2023-04-09T20:12:05","modified_gmt":"2023-04-09T18:12:05","slug":"muede","status":"publish","type":"post","link":"https:\/\/www.dalmatiner-sachsen-anhalt.de\/blog\/8442\/","title":{"rendered":"M&#252;de"},"content":{"rendered":"\n<figure class=\"wp-block-image\"><img data-attachment-id=\"8441\" data-permalink=\"https:\/\/www.dalmatiner-sachsen-anhalt.de\/blog\/8442\/img_20230409_173353\/\" data-orig-file=\"https:\/\/i0.wp.com\/www.dalmatiner-sachsen-anhalt.de\/blog\/wp-content\/uploads\/2023\/04\/IMG_20230409_173353-scaled.jpg?fit=2560%2C1280&amp;ssl=1\" data-orig-size=\"2560,1280\" data-comments-opened=\"1\" data-image-meta=\"{&quot;aperture&quot;:&quot;1.8&quot;,&quot;credit&quot;:&quot;&quot;,&quot;camera&quot;:&quot;HMA-L09&quot;,&quot;caption&quot;:&quot;&quot;,&quot;created_timestamp&quot;:&quot;1681061635&quot;,&quot;copyright&quot;:&quot;&quot;,&quot;focal_length&quot;:&quot;4.75&quot;,&quot;iso&quot;:&quot;50&quot;,&quot;shutter_speed&quot;:&quot;0.001064&quot;,&quot;title&quot;:&quot;&quot;,&quot;orientation&quot;:&quot;0&quot;}\" data-image-title=\"IMG_20230409_173353\" data-image-description=\"\" data-image-caption=\"\" data-medium-file=\"https:\/\/i0.wp.com\/www.dalmatiner-sachsen-anhalt.de\/blog\/wp-content\/uploads\/2023\/04\/IMG_20230409_173353-scaled.jpg?fit=300%2C150&amp;ssl=1\" data-large-file=\"https:\/\/i0.wp.com\/www.dalmatiner-sachsen-anhalt.de\/blog\/wp-content\/uploads\/2023\/04\/IMG_20230409_173353-scaled.jpg?fit=584%2C292&amp;ssl=1\" decoding=\"async\" loading=\"lazy\" width=\"584\" height=\"292\" src=\"https:\/\/i0.wp.com\/www.dalmatiner-sachsen-anhalt.de\/blog\/wp-content\/uploads\/2023\/04\/IMG_20230409_173353.jpg?resize=584%2C292&#038;ssl=1\" alt=\"\" class=\"wp-image-8441\" srcset=\"https:\/\/i0.wp.com\/www.dalmatiner-sachsen-anhalt.de\/blog\/wp-content\/uploads\/2023\/04\/IMG_20230409_173353-scaled.jpg?resize=1024%2C512&amp;ssl=1 1024w, https:\/\/i0.wp.com\/www.dalmatiner-sachsen-anhalt.de\/blog\/wp-content\/uploads\/2023\/04\/IMG_20230409_173353-scaled.jpg?resize=300%2C150&amp;ssl=1 300w, https:\/\/i0.wp.com\/www.dalmatiner-sachsen-anhalt.de\/blog\/wp-content\/uploads\/2023\/04\/IMG_20230409_173353-scaled.jpg?resize=150%2C75&amp;ssl=1 150w, https:\/\/i0.wp.com\/www.dalmatiner-sachsen-anhalt.de\/blog\/wp-content\/uploads\/2023\/04\/IMG_20230409_173353-scaled.jpg?resize=768%2C384&amp;ssl=1 768w, https:\/\/i0.wp.com\/www.dalmatiner-sachsen-anhalt.de\/blog\/wp-content\/uploads\/2023\/04\/IMG_20230409_173353-scaled.jpg?resize=1536%2C768&amp;ssl=1 1536w, https:\/\/i0.wp.com\/www.dalmatiner-sachsen-anhalt.de\/blog\/wp-content\/uploads\/2023\/04\/IMG_20230409_173353-scaled.jpg?resize=2048%2C1024&amp;ssl=1 2048w, https:\/\/i0.wp.com\/www.dalmatiner-sachsen-anhalt.de\/blog\/wp-content\/uploads\/2023\/04\/IMG_20230409_173353-scaled.jpg?resize=500%2C250&amp;ssl=1 500w, https:\/\/i0.wp.com\/www.dalmatiner-sachsen-anhalt.de\/blog\/wp-content\/uploads\/2023\/04\/IMG_20230409_173353-scaled.jpg?w=1168&amp;ssl=1 1168w, https:\/\/i0.wp.com\/www.dalmatiner-sachsen-anhalt.de\/blog\/wp-content\/uploads\/2023\/04\/IMG_20230409_173353-scaled.jpg?w=1752&amp;ssl=1 1752w\" sizes=\"(max-width: 584px) 100vw, 584px\" data-recalc-dims=\"1\" \/><\/figure>\n","protected":false},"excerpt":{"rendered":"","protected":false},"author":1,"featured_media":0,"comment_status":"open","ping_status":"open","sticky":false,"template":"","format":"standard","meta":{"jetpack_post_was_ever_published":false,"jetpack_publicize_message":"","jetpack_is_tweetstorm":false,"jetpack_publicize_feature_enabled":true,"jetpack_social_post_already_shared":true,"jetpack_social_options":[]},"categories":[1379,1395,1397,1398,1389,1400,1399,1396,1407],"tags":[],"jetpack_publicize_connections":[],"jetpack_featured_media_url":"","jetpack_shortlink":"https:\/\/wp.me\/sx1eF-muede","jetpack_sharing_enabled":true,"jetpack_likes_enabled":true,"jetpack-related-posts":[{"id":8174,"url":"https:\/\/www.dalmatiner-sachsen-anhalt.de\/blog\/8174\/","url_meta":{"origin":8442,"position":0},"title":"Gestern","date":"19. M&auml;rz 2023","format":false,"excerpt":"War aufregend f\u00fcr die Zwerge. Besuch war da. Wieder viele neue Eindr\u00fccke. Danach haben die Welpen ihre Mahlzeit verschlafen, so m\u00fcde waren sie. Das wurde aber nachgeholt. Viel Hunger. Der Besuch hat sich f\u00fcr Goethe entschieden. Nun suchen noch ein neues Zuhause: Gandalf, Gismo und Groot \ud83d\ude09","rel":"","context":"In &quot;G-Wurf&quot;","img":{"alt_text":"","src":"https:\/\/i0.wp.com\/www.dalmatiner-sachsen-anhalt.de\/blog\/wp-content\/uploads\/2023\/03\/IMG_20230318_140519-1-scaled.jpg?resize=350%2C200&ssl=1","width":350,"height":200},"classes":[]},{"id":8203,"url":"https:\/\/www.dalmatiner-sachsen-anhalt.de\/blog\/8203\/","url_meta":{"origin":8442,"position":1},"title":"Volle H&#252;tte","date":"20. M&auml;rz 2023","format":false,"excerpt":"","rel":"","context":"In &quot;G-Wurf&quot;","img":{"alt_text":"","src":"https:\/\/i0.wp.com\/www.dalmatiner-sachsen-anhalt.de\/blog\/wp-content\/uploads\/2023\/03\/IMG_20230320_155542-scaled.jpg?resize=350%2C200&ssl=1","width":350,"height":200},"classes":[]},{"id":8286,"url":"https:\/\/www.dalmatiner-sachsen-anhalt.de\/blog\/8286\/","url_meta":{"origin":8442,"position":2},"title":"Seil ziehen","date":"25. M&auml;rz 2023","format":false,"excerpt":"","rel":"","context":"In &quot;G-Wurf&quot;","img":{"alt_text":"","src":"https:\/\/i0.wp.com\/www.dalmatiner-sachsen-anhalt.de\/blog\/wp-content\/uploads\/2023\/03\/wp_story1679754394609_0.jpg?resize=350%2C200&ssl=1","width":350,"height":200},"classes":[]},{"id":8371,"url":"https:\/\/www.dalmatiner-sachsen-anhalt.de\/blog\/8371\/","url_meta":{"origin":8442,"position":3},"title":"Alle 7","date":"3. April 2023","format":false,"excerpt":"","rel":"","context":"In &quot;G-Wurf&quot;","img":{"alt_text":"","src":"https:\/\/i0.wp.com\/www.dalmatiner-sachsen-anhalt.de\/blog\/wp-content\/uploads\/2023\/04\/IMG_20230402_141412-scaled.jpg?resize=350%2C200&ssl=1","width":350,"height":200},"classes":[]},{"id":8254,"url":"https:\/\/www.dalmatiner-sachsen-anhalt.de\/blog\/8254\/","url_meta":{"origin":8442,"position":4},"title":"Abh&#228;ngen","date":"23. M&auml;rz 2023","format":false,"excerpt":"Auf unserem Lieblingsplatz k\u00f6nnen wir cool abh\u00e4ngen. Besonders Goethe\ud83d\ude09","rel":"","context":"In &quot;G-Wurf&quot;","img":{"alt_text":"","src":"https:\/\/i0.wp.com\/www.dalmatiner-sachsen-anhalt.de\/blog\/wp-content\/uploads\/2023\/03\/IMG_20230322_163846-scaled.jpg?resize=350%2C200&ssl=1","width":350,"height":200},"classes":[]},{"id":8419,"url":"https:\/\/www.dalmatiner-sachsen-anhalt.de\/blog\/8419\/","url_meta":{"origin":8442,"position":5},"title":"Sonne lacht\ud83d\ude00","date":"7. April 2023","format":false,"excerpt":"","rel":"","context":"In &quot;G-Wurf&quot;","img":{"alt_text":"","src":"https:\/\/i0.wp.com\/www.dalmatiner-sachsen-anhalt.de\/blog\/wp-content\/uploads\/2023\/04\/IMG-20230407-WA0007.jpg?resize=350%2C200&ssl=1","width":350,"height":200},"classes":[]}],"_links":{"self":[{"href":"https:\/\/www.dalmatiner-sachsen-anhalt.de\/blog\/wp-json\/wp\/v2\/posts\/8442"}],"collection":[{"href":"https:\/\/www.dalmatiner-sachsen-anhalt.de\/blog\/wp-json\/wp\/v2\/posts"}],"about":[{"href":"https:\/\/www.dalmatiner-sachsen-anhalt.de\/blog\/wp-json\/wp\/v2\/types\/post"}],"author":[{"embeddable":true,"href":"https:\/\/www.dalmatiner-sachsen-anhalt.de\/blog\/wp-json\/wp\/v2\/users\/1"}],"replies":[{"embeddable":true,"href":"https:\/\/www.dalmatiner-sachsen-anhalt.de\/blog\/wp-json\/wp\/v2\/comments?post=8442"}],"version-history":[{"count":0,"href":"https:\/\/www.dalmatiner-sachsen-anhalt.de\/blog\/wp-json\/wp\/v2\/posts\/8442\/revisions"}],"wp:attachment":[{"href":"https:\/\/www.dalmatiner-sachsen-anhalt.de\/blog\/wp-json\/wp\/v2\/media?parent=8442"}],"wp:term":[{"taxonomy":"category","embeddable":true,"href":"https:\/\/www.dalmatiner-sachsen-anhalt.de\/blog\/wp-json\/wp\/v2\/categories?post=8442"},{"taxonomy":"post_tag","embeddable":true,"href":"https:\/\/www.dalmatiner-sachsen-anhalt.de\/blog\/wp-json\/wp\/v2\/tags?post=8442"}],"curies":[{"name":"wp","href":"https:\/\/api.w.org\/{rel}","templated":true}]}}