{"id":8464,"date":"2023-04-13T07:15:16","date_gmt":"2023-04-13T05:15:16","guid":{"rendered":"https:\/\/www.dalmatiner-sachsen-anhalt.de\/blog\/8464\/"},"modified":"2023-04-13T07:15:16","modified_gmt":"2023-04-13T05:15:16","slug":"gruesse-aus-der-wurfkiste","status":"publish","type":"post","link":"https:\/\/www.dalmatiner-sachsen-anhalt.de\/blog\/8464\/","title":{"rendered":"Gr&#252;&#223;e aus der Wurfkiste"},"content":{"rendered":"\n<figure class=\"wp-block-image\"><img data-attachment-id=\"8463\" data-permalink=\"https:\/\/www.dalmatiner-sachsen-anhalt.de\/blog\/8464\/img_20230413_071204\/\" data-orig-file=\"https:\/\/i0.wp.com\/www.dalmatiner-sachsen-anhalt.de\/blog\/wp-content\/uploads\/2023\/04\/IMG_20230413_071204-scaled.jpg?fit=2560%2C1280&amp;ssl=1\" data-orig-size=\"2560,1280\" data-comments-opened=\"1\" data-image-meta=\"{&quot;aperture&quot;:&quot;1.8&quot;,&quot;credit&quot;:&quot;&quot;,&quot;camera&quot;:&quot;HMA-L09&quot;,&quot;caption&quot;:&quot;&quot;,&quot;created_timestamp&quot;:&quot;1681369926&quot;,&quot;copyright&quot;:&quot;&quot;,&quot;focal_length&quot;:&quot;4.75&quot;,&quot;iso&quot;:&quot;320&quot;,&quot;shutter_speed&quot;:&quot;0.02&quot;,&quot;title&quot;:&quot;&quot;,&quot;orientation&quot;:&quot;0&quot;}\" data-image-title=\"IMG_20230413_071204\" data-image-description=\"\" data-image-caption=\"\" data-medium-file=\"https:\/\/i0.wp.com\/www.dalmatiner-sachsen-anhalt.de\/blog\/wp-content\/uploads\/2023\/04\/IMG_20230413_071204-scaled.jpg?fit=300%2C150&amp;ssl=1\" data-large-file=\"https:\/\/i0.wp.com\/www.dalmatiner-sachsen-anhalt.de\/blog\/wp-content\/uploads\/2023\/04\/IMG_20230413_071204-scaled.jpg?fit=584%2C292&amp;ssl=1\" decoding=\"async\" loading=\"lazy\" width=\"584\" height=\"292\" src=\"https:\/\/i0.wp.com\/www.dalmatiner-sachsen-anhalt.de\/blog\/wp-content\/uploads\/2023\/04\/IMG_20230413_071204.jpg?resize=584%2C292&#038;ssl=1\" alt=\"\" class=\"wp-image-8463\" srcset=\"https:\/\/i0.wp.com\/www.dalmatiner-sachsen-anhalt.de\/blog\/wp-content\/uploads\/2023\/04\/IMG_20230413_071204-scaled.jpg?resize=1024%2C512&amp;ssl=1 1024w, https:\/\/i0.wp.com\/www.dalmatiner-sachsen-anhalt.de\/blog\/wp-content\/uploads\/2023\/04\/IMG_20230413_071204-scaled.jpg?resize=300%2C150&amp;ssl=1 300w, https:\/\/i0.wp.com\/www.dalmatiner-sachsen-anhalt.de\/blog\/wp-content\/uploads\/2023\/04\/IMG_20230413_071204-scaled.jpg?resize=150%2C75&amp;ssl=1 150w, https:\/\/i0.wp.com\/www.dalmatiner-sachsen-anhalt.de\/blog\/wp-content\/uploads\/2023\/04\/IMG_20230413_071204-scaled.jpg?resize=768%2C384&amp;ssl=1 768w, https:\/\/i0.wp.com\/www.dalmatiner-sachsen-anhalt.de\/blog\/wp-content\/uploads\/2023\/04\/IMG_20230413_071204-scaled.jpg?resize=1536%2C768&amp;ssl=1 1536w, https:\/\/i0.wp.com\/www.dalmatiner-sachsen-anhalt.de\/blog\/wp-content\/uploads\/2023\/04\/IMG_20230413_071204-scaled.jpg?resize=2048%2C1024&amp;ssl=1 2048w, https:\/\/i0.wp.com\/www.dalmatiner-sachsen-anhalt.de\/blog\/wp-content\/uploads\/2023\/04\/IMG_20230413_071204-scaled.jpg?resize=500%2C250&amp;ssl=1 500w, https:\/\/i0.wp.com\/www.dalmatiner-sachsen-anhalt.de\/blog\/wp-content\/uploads\/2023\/04\/IMG_20230413_071204-scaled.jpg?w=1168&amp;ssl=1 1168w, https:\/\/i0.wp.com\/www.dalmatiner-sachsen-anhalt.de\/blog\/wp-content\/uploads\/2023\/04\/IMG_20230413_071204-scaled.jpg?w=1752&amp;ssl=1 1752w\" sizes=\"(max-width: 584px) 100vw, 584px\" data-recalc-dims=\"1\" \/><\/figure>\n","protected":false},"excerpt":{"rendered":"","protected":false},"author":1,"featured_media":0,"comment_status":"open","ping_status":"open","sticky":false,"template":"","format":"standard","meta":{"jetpack_post_was_ever_published":false,"jetpack_publicize_message":"","jetpack_is_tweetstorm":false,"jetpack_publicize_feature_enabled":true,"jetpack_social_post_already_shared":true,"jetpack_social_options":[]},"categories":[1379,1398,1389,1400,1396,1407],"tags":[],"jetpack_publicize_connections":[],"jetpack_featured_media_url":"","jetpack_shortlink":"https:\/\/wp.me\/px1eF-2cw","jetpack_sharing_enabled":true,"jetpack_likes_enabled":true,"jetpack-related-posts":[{"id":8167,"url":"https:\/\/www.dalmatiner-sachsen-anhalt.de\/blog\/8167\/","url_meta":{"origin":8464,"position":0},"title":"Umzug der Welpen","date":"17. M&auml;rz 2023","format":false,"excerpt":"Die 7 Zwerge sind in der 5. Lebenswoche umgezogen in Ihr Eigenheim mit Auslauf und Garten. Mann, war das aufregend f\u00fcr die Kleinen. Soviele neue Ger\u00fcche und Eindr\u00fccke! Am Ende landen sie wieder in ihrer vertrauten Wurfkiste und schlafen ersch\u00f6pft ein. Mal sehen wie lange.","rel":"","context":"In &quot;G-Wurf&quot;","img":{"alt_text":"","src":"https:\/\/i0.wp.com\/www.dalmatiner-sachsen-anhalt.de\/blog\/wp-content\/uploads\/2023\/03\/IMG-20230316-WA0003.jpg?resize=350%2C200&ssl=1","width":350,"height":200},"classes":[]},{"id":8096,"url":"https:\/\/www.dalmatiner-sachsen-anhalt.de\/blog\/8096\/","url_meta":{"origin":8464,"position":1},"title":"Nanu?","date":"3. M&auml;rz 2023","format":false,"excerpt":"Nanu? fragen sich die 7 Zwerge. Wer sitzt denn da in unserer Wurfkiste? Und Gismo fragt sich, wer aus seinem Sch\u00fcsselchen gefressen hat\ud83e\udd17 M\u00e4rchenhaft sch\u00f6n.","rel":"","context":"In &quot;G-Wurf&quot;","img":{"alt_text":"","src":"https:\/\/i0.wp.com\/www.dalmatiner-sachsen-anhalt.de\/blog\/wp-content\/uploads\/2023\/03\/IMG-20230303-WA0003.jpg?fit=1200%2C600&ssl=1&resize=350%2C200","width":350,"height":200},"classes":[]},{"id":8056,"url":"https:\/\/www.dalmatiner-sachsen-anhalt.de\/blog\/8056\/","url_meta":{"origin":8464,"position":2},"title":"Kleine Ruhe","date":"27. Februar 2023","format":false,"excerpt":"Am fr\u00fchen Nachmittag machen die Zwerge nochmal eine kleine Mittagsruhe\ud83d\ude00","rel":"","context":"In &quot;G-Wurf&quot;","img":{"alt_text":"","src":"https:\/\/i0.wp.com\/www.dalmatiner-sachsen-anhalt.de\/blog\/wp-content\/uploads\/2023\/02\/IMG_20230227_145703-scaled.jpg?resize=350%2C200&ssl=1","width":350,"height":200},"classes":[]},{"id":8071,"url":"https:\/\/www.dalmatiner-sachsen-anhalt.de\/blog\/8071\/","url_meta":{"origin":8464,"position":3},"title":"Toben","date":"1. M&auml;rz 2023","format":false,"excerpt":"Guten Morgen, nach dem Fr\u00fchst\u00fcck gibt es erstmal eine Tobe-Runde mit viel Krach.","rel":"","context":"In &quot;G-Wurf&quot;","img":{"alt_text":"","src":"https:\/\/i0.wp.com\/www.dalmatiner-sachsen-anhalt.de\/blog\/wp-content\/uploads\/2023\/03\/IMG_20230301_074000-scaled.jpg?resize=350%2C200&ssl=1","width":350,"height":200},"classes":[]},{"id":8138,"url":"https:\/\/www.dalmatiner-sachsen-anhalt.de\/blog\/8138\/","url_meta":{"origin":8464,"position":4},"title":"Alles sauber","date":"11. M&auml;rz 2023","format":false,"excerpt":"War wohl eine gro\u00dfe Aufregung f\u00fcr die Zwerge. Wegen gro\u00dfem WK- Reinigen wurden sie vor\u00fcbergehend aus der Wurfkiste in den Auslauf ausgesperrt und kamen nicht mehr rein. Nun wo alles vor\u00fcber ist, wird gr\u00fcndlich geschlafen.","rel":"","context":"In &quot;G-Wurf&quot;","img":{"alt_text":"","src":"https:\/\/i0.wp.com\/www.dalmatiner-sachsen-anhalt.de\/blog\/wp-content\/uploads\/2023\/03\/IMG_20230311_120809-scaled.jpg?resize=350%2C200&ssl=1","width":350,"height":200},"classes":[]},{"id":8080,"url":"https:\/\/www.dalmatiner-sachsen-anhalt.de\/blog\/8080\/","url_meta":{"origin":8464,"position":5},"title":"Alle satt","date":"2. M&auml;rz 2023","format":false,"excerpt":"Nach dem 3. Fr\u00fchst\u00fcck - diesmal mit zus\u00e4tzlichem Brei - sind die 7 Zwerge satt und wollen nur noch schlafen.\ud83e\udd17","rel":"","context":"In &quot;G-Wurf&quot;","img":{"alt_text":"","src":"https:\/\/i0.wp.com\/www.dalmatiner-sachsen-anhalt.de\/blog\/wp-content\/uploads\/2023\/03\/IMG_20230302_103251-scaled.jpg?resize=350%2C200&ssl=1","width":350,"height":200},"classes":[]}],"_links":{"self":[{"href":"https:\/\/www.dalmatiner-sachsen-anhalt.de\/blog\/wp-json\/wp\/v2\/posts\/8464"}],"collection":[{"href":"https:\/\/www.dalmatiner-sachsen-anhalt.de\/blog\/wp-json\/wp\/v2\/posts"}],"about":[{"href":"https:\/\/www.dalmatiner-sachsen-anhalt.de\/blog\/wp-json\/wp\/v2\/types\/post"}],"author":[{"embeddable":true,"href":"https:\/\/www.dalmatiner-sachsen-anhalt.de\/blog\/wp-json\/wp\/v2\/users\/1"}],"replies":[{"embeddable":true,"href":"https:\/\/www.dalmatiner-sachsen-anhalt.de\/blog\/wp-json\/wp\/v2\/comments?post=8464"}],"version-history":[{"count":0,"href":"https:\/\/www.dalmatiner-sachsen-anhalt.de\/blog\/wp-json\/wp\/v2\/posts\/8464\/revisions"}],"wp:attachment":[{"href":"https:\/\/www.dalmatiner-sachsen-anhalt.de\/blog\/wp-json\/wp\/v2\/media?parent=8464"}],"wp:term":[{"taxonomy":"category","embeddable":true,"href":"https:\/\/www.dalmatiner-sachsen-anhalt.de\/blog\/wp-json\/wp\/v2\/categories?post=8464"},{"taxonomy":"post_tag","embeddable":true,"href":"https:\/\/www.dalmatiner-sachsen-anhalt.de\/blog\/wp-json\/wp\/v2\/tags?post=8464"}],"curies":[{"name":"wp","href":"https:\/\/api.w.org\/{rel}","templated":true}]}}