{"id":8577,"date":"2024-06-06T21:50:06","date_gmt":"2024-06-06T19:50:06","guid":{"rendered":"https:\/\/www.dalmatiner-sachsen-anhalt.de\/blog\/?p=8577"},"modified":"2024-06-06T21:50:06","modified_gmt":"2024-06-06T19:50:06","slug":"greta-bei-sra","status":"publish","type":"post","link":"https:\/\/www.dalmatiner-sachsen-anhalt.de\/blog\/8577\/","title":{"rendered":"Greta bei SRA"},"content":{"rendered":"\n<figure class=\"wp-block-image size-large\"><img data-attachment-id=\"8576\" data-permalink=\"https:\/\/www.dalmatiner-sachsen-anhalt.de\/blog\/wp-1717703048754\/\" data-orig-file=\"https:\/\/i0.wp.com\/www.dalmatiner-sachsen-anhalt.de\/blog\/wp-content\/uploads\/2024\/06\/wp-1717703048754.jpg?fit=1600%2C1200&amp;ssl=1\" data-orig-size=\"1600,1200\" data-comments-opened=\"1\" data-image-meta=\"{&quot;aperture&quot;:&quot;0&quot;,&quot;credit&quot;:&quot;&quot;,&quot;camera&quot;:&quot;&quot;,&quot;caption&quot;:&quot;&quot;,&quot;created_timestamp&quot;:&quot;0&quot;,&quot;copyright&quot;:&quot;&quot;,&quot;focal_length&quot;:&quot;0&quot;,&quot;iso&quot;:&quot;0&quot;,&quot;shutter_speed&quot;:&quot;0&quot;,&quot;title&quot;:&quot;&quot;,&quot;orientation&quot;:&quot;0&quot;}\" data-image-title=\"wp-1717703048754\" data-image-description=\"\" data-image-caption=\"\" data-medium-file=\"https:\/\/i0.wp.com\/www.dalmatiner-sachsen-anhalt.de\/blog\/wp-content\/uploads\/2024\/06\/wp-1717703048754.jpg?fit=300%2C225&amp;ssl=1\" data-large-file=\"https:\/\/i0.wp.com\/www.dalmatiner-sachsen-anhalt.de\/blog\/wp-content\/uploads\/2024\/06\/wp-1717703048754.jpg?fit=584%2C438&amp;ssl=1\" decoding=\"async\" loading=\"lazy\" width=\"584\" height=\"438\" src=\"https:\/\/i0.wp.com\/www.dalmatiner-sachsen-anhalt.de\/blog\/wp-content\/uploads\/2024\/06\/wp-1717703048754.jpg?resize=584%2C438&#038;ssl=1\" alt=\"\" class=\"wp-image-8576\" srcset=\"https:\/\/i0.wp.com\/www.dalmatiner-sachsen-anhalt.de\/blog\/wp-content\/uploads\/2024\/06\/wp-1717703048754.jpg?resize=1024%2C768&amp;ssl=1 1024w, https:\/\/i0.wp.com\/www.dalmatiner-sachsen-anhalt.de\/blog\/wp-content\/uploads\/2024\/06\/wp-1717703048754.jpg?resize=300%2C225&amp;ssl=1 300w, https:\/\/i0.wp.com\/www.dalmatiner-sachsen-anhalt.de\/blog\/wp-content\/uploads\/2024\/06\/wp-1717703048754.jpg?resize=150%2C113&amp;ssl=1 150w, https:\/\/i0.wp.com\/www.dalmatiner-sachsen-anhalt.de\/blog\/wp-content\/uploads\/2024\/06\/wp-1717703048754.jpg?resize=768%2C576&amp;ssl=1 768w, https:\/\/i0.wp.com\/www.dalmatiner-sachsen-anhalt.de\/blog\/wp-content\/uploads\/2024\/06\/wp-1717703048754.jpg?resize=1536%2C1152&amp;ssl=1 1536w, https:\/\/i0.wp.com\/www.dalmatiner-sachsen-anhalt.de\/blog\/wp-content\/uploads\/2024\/06\/wp-1717703048754.jpg?resize=400%2C300&amp;ssl=1 400w, https:\/\/i0.wp.com\/www.dalmatiner-sachsen-anhalt.de\/blog\/wp-content\/uploads\/2024\/06\/wp-1717703048754.jpg?w=1600&amp;ssl=1 1600w, https:\/\/i0.wp.com\/www.dalmatiner-sachsen-anhalt.de\/blog\/wp-content\/uploads\/2024\/06\/wp-1717703048754.jpg?w=1168&amp;ssl=1 1168w\" sizes=\"(max-width: 584px) 100vw, 584px\" data-recalc-dims=\"1\" \/><\/figure>\n\n\n\n<p>Nachzuchth&#252;ndin Greta vdS bestand die ZZP und belegte an beiden Tagen den 4. Platz in der stark besetzten Jugendklasse mit der Formwertnote &#8220;vorz&#252;glich&#8221;.<\/p>\n","protected":false},"excerpt":{"rendered":"<p>Nachzuchth&#252;ndin Greta vdS bestand die ZZP und belegte an beiden Tagen den 4. Platz in der stark besetzten Jugendklasse mit der Formwertnote &#8220;vorz&#252;glich&#8221;.<\/p>\n","protected":false},"author":1,"featured_media":0,"comment_status":"open","ping_status":"open","sticky":false,"template":"","format":"standard","meta":{"jetpack_post_was_ever_published":false,"jetpack_publicize_message":"","jetpack_is_tweetstorm":false,"jetpack_publicize_feature_enabled":true,"jetpack_social_post_already_shared":true,"jetpack_social_options":[]},"categories":[391,630,1379,1399,1409,3],"tags":[1417,1251,1418,1339],"jetpack_publicize_connections":[],"jetpack_featured_media_url":"","jetpack_shortlink":"https:\/\/wp.me\/px1eF-2el","jetpack_sharing_enabled":true,"jetpack_likes_enabled":true,"jetpack-related-posts":[{"id":8617,"url":"https:\/\/www.dalmatiner-sachsen-anhalt.de\/blog\/8617\/","url_meta":{"origin":8577,"position":0},"title":"IRA Rostock","date":"13. Oktober 2024","format":false,"excerpt":"Greta von den Sandst\u00fccken erreichte in der Zwischenklasse den 2. Platz mit mit der Formwertnote \u201eVorz\u00fcglich\u201c und einer tollen Richterbewertung\ud83e\udd70 Wir sind so stolz auf unsere Maus.","rel":"","context":"In &quot;Ausstellungen&quot;","img":{"alt_text":"","src":"https:\/\/i0.wp.com\/www.dalmatiner-sachsen-anhalt.de\/blog\/wp-content\/uploads\/2024\/10\/IMG_20241013_210436.jpg?resize=350%2C200&ssl=1","width":350,"height":200},"classes":[]},{"id":8614,"url":"https:\/\/www.dalmatiner-sachsen-anhalt.de\/blog\/8614\/","url_meta":{"origin":8577,"position":1},"title":"Dierhagen Welpentreffen","date":"6. Oktober 2024","format":false,"excerpt":"Alle Jahre wieder - die Sandst\u00fcckchen in Dierhagen zum Welpentreffen-nun schon zum 14. Mal. Und auch eine H\u00fcndin aus dem A-Wurf ist noch dabei-Amelie mit 15,5 Jahren.","rel":"","context":"In &quot;Amelie&quot;","img":{"alt_text":"","src":"https:\/\/i0.wp.com\/www.dalmatiner-sachsen-anhalt.de\/blog\/wp-content\/uploads\/2024\/10\/IMG_20241006_130405.jpg?resize=350%2C200&ssl=1","width":350,"height":200},"classes":[]},{"id":6741,"url":"https:\/\/www.dalmatiner-sachsen-anhalt.de\/blog\/6741\/","url_meta":{"origin":8577,"position":2},"title":"Hermine vom Roten Herzfleck (13 Wochen)","date":"28. Mai 2017","format":false,"excerpt":"\u00a0 Unsere Nachzuchth\u00fcndin Hermine :-)","rel":"","context":"In &quot;Hermine&quot;","img":{"alt_text":"Hermine-13Wo","src":"https:\/\/i0.wp.com\/www.dalmatiner-sachsen-anhalt.de\/blog\/wp-content\/uploads\/2017\/05\/IMG_5132-1024x683.jpg?resize=350%2C200","width":350,"height":200},"classes":[]},{"id":8598,"url":"https:\/\/www.dalmatiner-sachsen-anhalt.de\/blog\/8598\/","url_meta":{"origin":8577,"position":3},"title":"Landessiegerschau Strausberg","date":"13. August 2024","format":false,"excerpt":"Wir waren am Wochenende in Strausberg zur Landessiegerschau-mit hervorragenden Ergebnissen f\u00fcr Greta von den Sandst\u00fccken: Am 1. Tag bei der Landessiegerschau M\u00e4rkische Schweiz gab es f\u00fcr Greta in der Zwischenklasse ein V2 von der Richterin Melchijor-Schlechter (LUX) und am Sonntag bei der Landessiegerschau Berlin-Brandenburg erreichte Greta ein \u00a0V1 in der\u2026","rel":"","context":"In &quot;Ausstellungen&quot;","img":{"alt_text":"","src":"https:\/\/i0.wp.com\/www.dalmatiner-sachsen-anhalt.de\/blog\/wp-content\/uploads\/2024\/08\/20240811_123642-1.jpg?fit=1024%2C768&ssl=1&resize=350%2C200","width":350,"height":200},"classes":[]},{"id":8482,"url":"https:\/\/www.dalmatiner-sachsen-anhalt.de\/blog\/8482\/","url_meta":{"origin":8577,"position":4},"title":"Greta bleibt","date":"16. April 2023","format":false,"excerpt":"Greta bleibt bei uns -f\u00fcr immer\ud83d\udc93","rel":"","context":"In &quot;G-Wurf&quot;","img":{"alt_text":"","src":"https:\/\/i0.wp.com\/www.dalmatiner-sachsen-anhalt.de\/blog\/wp-content\/uploads\/2023\/04\/IMG_20230416_120653-scaled.jpg?resize=350%2C200&ssl=1","width":350,"height":200},"classes":[]},{"id":7638,"url":"https:\/\/www.dalmatiner-sachsen-anhalt.de\/blog\/7638\/","url_meta":{"origin":8577,"position":5},"title":"Festhalten","date":"17. Januar 2021","format":false,"excerpt":"Eva vdS und Paloma beim Training \ud83d\ude04","rel":"","context":"In &quot;E-Wurf&quot;","img":{"alt_text":"","src":"https:\/\/i0.wp.com\/www.dalmatiner-sachsen-anhalt.de\/blog\/wp-content\/uploads\/2021\/01\/IMG-20210117-WA0012.jpg?resize=350%2C200&ssl=1","width":350,"height":200},"classes":[]}],"_links":{"self":[{"href":"https:\/\/www.dalmatiner-sachsen-anhalt.de\/blog\/wp-json\/wp\/v2\/posts\/8577"}],"collection":[{"href":"https:\/\/www.dalmatiner-sachsen-anhalt.de\/blog\/wp-json\/wp\/v2\/posts"}],"about":[{"href":"https:\/\/www.dalmatiner-sachsen-anhalt.de\/blog\/wp-json\/wp\/v2\/types\/post"}],"author":[{"embeddable":true,"href":"https:\/\/www.dalmatiner-sachsen-anhalt.de\/blog\/wp-json\/wp\/v2\/users\/1"}],"replies":[{"embeddable":true,"href":"https:\/\/www.dalmatiner-sachsen-anhalt.de\/blog\/wp-json\/wp\/v2\/comments?post=8577"}],"version-history":[{"count":1,"href":"https:\/\/www.dalmatiner-sachsen-anhalt.de\/blog\/wp-json\/wp\/v2\/posts\/8577\/revisions"}],"predecessor-version":[{"id":8578,"href":"https:\/\/www.dalmatiner-sachsen-anhalt.de\/blog\/wp-json\/wp\/v2\/posts\/8577\/revisions\/8578"}],"wp:attachment":[{"href":"https:\/\/www.dalmatiner-sachsen-anhalt.de\/blog\/wp-json\/wp\/v2\/media?parent=8577"}],"wp:term":[{"taxonomy":"category","embeddable":true,"href":"https:\/\/www.dalmatiner-sachsen-anhalt.de\/blog\/wp-json\/wp\/v2\/categories?post=8577"},{"taxonomy":"post_tag","embeddable":true,"href":"https:\/\/www.dalmatiner-sachsen-anhalt.de\/blog\/wp-json\/wp\/v2\/tags?post=8577"}],"curies":[{"name":"wp","href":"https:\/\/api.w.org\/{rel}","templated":true}]}}