{"id":8619,"date":"2025-05-23T09:28:37","date_gmt":"2025-05-23T07:28:37","guid":{"rendered":"https:\/\/www.dalmatiner-sachsen-anhalt.de\/blog\/8619\/"},"modified":"2025-05-23T09:40:39","modified_gmt":"2025-05-23T07:40:39","slug":"hermine-ist-oma","status":"publish","type":"post","link":"https:\/\/www.dalmatiner-sachsen-anhalt.de\/blog\/8619\/","title":{"rendered":"Hermine ist Oma\ud83d\ude0a"},"content":{"rendered":"\n<p>Hermines Tochter Elsa vdS hatte gerade ihren 1. Wurf in der Zuchtst&#228;tte &#8220;von der Unnesburg&#8221;.<\/p>\n\n\n\n<figure class=\"wp-block-image\"><img data-attachment-id=\"8618\" data-permalink=\"https:\/\/www.dalmatiner-sachsen-anhalt.de\/blog\/8619\/attachment\/17479850626133375688662375419523\/\" data-orig-file=\"https:\/\/i0.wp.com\/www.dalmatiner-sachsen-anhalt.de\/blog\/wp-content\/uploads\/2025\/05\/17479850626133375688662375419523.jpg?fit=1152%2C970&amp;ssl=1\" data-orig-size=\"1152,970\" data-comments-opened=\"1\" data-image-meta=\"{&quot;aperture&quot;:&quot;0&quot;,&quot;credit&quot;:&quot;&quot;,&quot;camera&quot;:&quot;&quot;,&quot;caption&quot;:&quot;&quot;,&quot;created_timestamp&quot;:&quot;0&quot;,&quot;copyright&quot;:&quot;&quot;,&quot;focal_length&quot;:&quot;0&quot;,&quot;iso&quot;:&quot;0&quot;,&quot;shutter_speed&quot;:&quot;0&quot;,&quot;title&quot;:&quot;&quot;,&quot;orientation&quot;:&quot;1&quot;}\" data-image-title=\"17479850626133375688662375419523\" data-image-description=\"\" data-image-caption=\"\" data-medium-file=\"https:\/\/i0.wp.com\/www.dalmatiner-sachsen-anhalt.de\/blog\/wp-content\/uploads\/2025\/05\/17479850626133375688662375419523.jpg?fit=300%2C253&amp;ssl=1\" data-large-file=\"https:\/\/i0.wp.com\/www.dalmatiner-sachsen-anhalt.de\/blog\/wp-content\/uploads\/2025\/05\/17479850626133375688662375419523.jpg?fit=584%2C492&amp;ssl=1\" decoding=\"async\" loading=\"lazy\" width=\"584\" height=\"492\" src=\"https:\/\/i0.wp.com\/www.dalmatiner-sachsen-anhalt.de\/blog\/wp-content\/uploads\/2025\/05\/17479850626133375688662375419523.jpg?resize=584%2C492&#038;ssl=1\" alt=\"\" class=\"wp-image-8618\" srcset=\"https:\/\/i0.wp.com\/www.dalmatiner-sachsen-anhalt.de\/blog\/wp-content\/uploads\/2025\/05\/17479850626133375688662375419523.jpg?resize=1024%2C862&amp;ssl=1 1024w, https:\/\/i0.wp.com\/www.dalmatiner-sachsen-anhalt.de\/blog\/wp-content\/uploads\/2025\/05\/17479850626133375688662375419523.jpg?resize=300%2C253&amp;ssl=1 300w, https:\/\/i0.wp.com\/www.dalmatiner-sachsen-anhalt.de\/blog\/wp-content\/uploads\/2025\/05\/17479850626133375688662375419523.jpg?resize=150%2C126&amp;ssl=1 150w, https:\/\/i0.wp.com\/www.dalmatiner-sachsen-anhalt.de\/blog\/wp-content\/uploads\/2025\/05\/17479850626133375688662375419523.jpg?resize=768%2C647&amp;ssl=1 768w, https:\/\/i0.wp.com\/www.dalmatiner-sachsen-anhalt.de\/blog\/wp-content\/uploads\/2025\/05\/17479850626133375688662375419523.jpg?resize=356%2C300&amp;ssl=1 356w, https:\/\/i0.wp.com\/www.dalmatiner-sachsen-anhalt.de\/blog\/wp-content\/uploads\/2025\/05\/17479850626133375688662375419523.jpg?w=1152&amp;ssl=1 1152w\" sizes=\"(max-width: 584px) 100vw, 584px\" data-recalc-dims=\"1\" \/><figcaption class=\"wp-element-caption\">Elsa von den Sandst&#252;cken<\/figcaption><\/figure>\n\n\n\n<p>8 Welpen. Wir w&#252;nschen viel Erfolg bei der Aufzucht und der tollen Welpenzeit.<\/p>\n","protected":false},"excerpt":{"rendered":"<p>Hermines Tochter Elsa vdS hatte gerade ihren 1. Wurf in der Zuchtst&#228;tte &#8220;von der Unnesburg&#8221;. 8 Welpen. Wir w&#252;nschen viel Erfolg bei der Aufzucht und der tollen Welpenzeit.<\/p>\n","protected":false},"author":1,"featured_media":8620,"comment_status":"open","ping_status":"open","sticky":false,"template":"","format":"standard","meta":{"jetpack_post_was_ever_published":false,"jetpack_publicize_message":"","jetpack_is_tweetstorm":false,"jetpack_publicize_feature_enabled":true,"jetpack_social_post_already_shared":true,"jetpack_social_options":[]},"categories":[1332,1349,1309,1380,3],"tags":[1373,1239,1258,1414,1241,1253,1427,39,1185],"jetpack_publicize_connections":[],"jetpack_featured_media_url":"https:\/\/i0.wp.com\/www.dalmatiner-sachsen-anhalt.de\/blog\/wp-content\/uploads\/2025\/05\/wp-1747985845716751859117062168475.jpg?fit=899%2C859&ssl=1","jetpack_shortlink":"https:\/\/wp.me\/px1eF-2f1","jetpack_sharing_enabled":true,"jetpack_likes_enabled":true,"jetpack-related-posts":[{"id":6928,"url":"https:\/\/www.dalmatiner-sachsen-anhalt.de\/blog\/6928\/","url_meta":{"origin":8619,"position":0},"title":"Hermine Tag 35","date":"14. Juli 2019","format":false,"excerpt":"Noch 27 Tage, dann wird der E-Wurf geboren. Mama Hermine hat heute schon mal eine H\u00f6hle im Garten ausgesucht - f\u00fcr ihren Wurf :-)\u00a0Das wird nichts. Das ist keine Wurfkiste, sondern die Hundeh\u00fctte f\u00fcr die Welpen zum Spielen und Toben, wenn sie die Wurfkiste verlassen werden (ab der 5. Woche).\u2026","rel":"","context":"In &quot;E-Wurf&quot;","img":{"alt_text":"","src":"https:\/\/i0.wp.com\/www.dalmatiner-sachsen-anhalt.de\/blog\/wp-content\/uploads\/2019\/07\/hermine-athene-traechtig-tag-35.jpg?fit=1024%2C768&ssl=1&resize=350%2C200","width":350,"height":200},"classes":[]},{"id":7991,"url":"https:\/\/www.dalmatiner-sachsen-anhalt.de\/blog\/7991\/","url_meta":{"origin":8619,"position":1},"title":"Wachsam","date":"17. Februar 2023","format":false,"excerpt":"Mama Hermine hat st\u00e4ndig im Blick, wer sich der WK n\u00e4hert. Braves M\u00e4dchen\ud83d\udc4d","rel":"","context":"In &quot;G-Wurf&quot;","img":{"alt_text":"","src":"https:\/\/i0.wp.com\/www.dalmatiner-sachsen-anhalt.de\/blog\/wp-content\/uploads\/2023\/02\/IMG-20230214-WA0002-2.jpg?fit=1200%2C900&ssl=1&resize=350%2C200","width":350,"height":200},"classes":[]},{"id":8050,"url":"https:\/\/www.dalmatiner-sachsen-anhalt.de\/blog\/8050\/","url_meta":{"origin":8619,"position":2},"title":"Sitzen","date":"26. Februar 2023","format":false,"excerpt":"Hermine meint, jetzt wo die Welpen gr\u00f6\u00dfer werden, geht das S\u00e4ugen im Sitzen viel besser\ud83d\ude09","rel":"","context":"In &quot;G-Wurf&quot;","img":{"alt_text":"","src":"https:\/\/i0.wp.com\/www.dalmatiner-sachsen-anhalt.de\/blog\/wp-content\/uploads\/2023\/02\/IMG_20230225_134906-scaled.jpg?resize=350%2C200&ssl=1","width":350,"height":200},"classes":[]},{"id":7969,"url":"https:\/\/www.dalmatiner-sachsen-anhalt.de\/blog\/7969\/","url_meta":{"origin":8619,"position":3},"title":"Guten Morgen","date":"14. Februar 2023","format":false,"excerpt":"Tag 2 - wir sind schon wach\ud83d\ude00","rel":"","context":"In &quot;G-Wurf&quot;","img":{"alt_text":"","src":"https:\/\/i0.wp.com\/www.dalmatiner-sachsen-anhalt.de\/blog\/wp-content\/uploads\/2023\/02\/IMG-20230214-WA0001.jpg?resize=350%2C200&ssl=1","width":350,"height":200},"classes":[]},{"id":8012,"url":"https:\/\/www.dalmatiner-sachsen-anhalt.de\/blog\/8012\/","url_meta":{"origin":8619,"position":4},"title":"Gr&#252;&#223;e aus der WK","date":"18. Februar 2023","format":false,"excerpt":"Guten Morgen aus der Wurfkiste. Wir hatten schon Fr\u00fchst\u00fcck bei Mama Hermine. Das war so anstrengend, dass wir uns jetzt erstmal ordentlich ausruhen m\u00fcssen \ud83d\ude09","rel":"","context":"In &quot;G-Wurf&quot;","img":{"alt_text":"","src":"https:\/\/i0.wp.com\/www.dalmatiner-sachsen-anhalt.de\/blog\/wp-content\/uploads\/2023\/02\/IMG_20230218_101633-scaled.jpg?resize=350%2C200&ssl=1","width":350,"height":200},"classes":[]},{"id":7752,"url":"https:\/\/www.dalmatiner-sachsen-anhalt.de\/blog\/7752\/","url_meta":{"origin":8619,"position":5},"title":"Friedlich","date":"23. M&auml;rz 2021","format":false,"excerpt":"Mama Hermine mit ihren Welpen\ud83e\udd70","rel":"","context":"In &quot;F- Wurf&quot;","img":{"alt_text":"","src":"https:\/\/i0.wp.com\/www.dalmatiner-sachsen-anhalt.de\/blog\/wp-content\/uploads\/2021\/03\/IMG-20210323-WA0012.jpg?resize=350%2C200&ssl=1","width":350,"height":200},"classes":[]}],"_links":{"self":[{"href":"https:\/\/www.dalmatiner-sachsen-anhalt.de\/blog\/wp-json\/wp\/v2\/posts\/8619"}],"collection":[{"href":"https:\/\/www.dalmatiner-sachsen-anhalt.de\/blog\/wp-json\/wp\/v2\/posts"}],"about":[{"href":"https:\/\/www.dalmatiner-sachsen-anhalt.de\/blog\/wp-json\/wp\/v2\/types\/post"}],"author":[{"embeddable":true,"href":"https:\/\/www.dalmatiner-sachsen-anhalt.de\/blog\/wp-json\/wp\/v2\/users\/1"}],"replies":[{"embeddable":true,"href":"https:\/\/www.dalmatiner-sachsen-anhalt.de\/blog\/wp-json\/wp\/v2\/comments?post=8619"}],"version-history":[{"count":1,"href":"https:\/\/www.dalmatiner-sachsen-anhalt.de\/blog\/wp-json\/wp\/v2\/posts\/8619\/revisions"}],"predecessor-version":[{"id":8621,"href":"https:\/\/www.dalmatiner-sachsen-anhalt.de\/blog\/wp-json\/wp\/v2\/posts\/8619\/revisions\/8621"}],"wp:featuredmedia":[{"embeddable":true,"href":"https:\/\/www.dalmatiner-sachsen-anhalt.de\/blog\/wp-json\/wp\/v2\/media\/8620"}],"wp:attachment":[{"href":"https:\/\/www.dalmatiner-sachsen-anhalt.de\/blog\/wp-json\/wp\/v2\/media?parent=8619"}],"wp:term":[{"taxonomy":"category","embeddable":true,"href":"https:\/\/www.dalmatiner-sachsen-anhalt.de\/blog\/wp-json\/wp\/v2\/categories?post=8619"},{"taxonomy":"post_tag","embeddable":true,"href":"https:\/\/www.dalmatiner-sachsen-anhalt.de\/blog\/wp-json\/wp\/v2\/tags?post=8619"}],"curies":[{"name":"wp","href":"https:\/\/api.w.org\/{rel}","templated":true}]}}