{"id":955,"date":"2009-07-22T09:21:50","date_gmt":"2009-07-22T07:21:50","guid":{"rendered":"http:\/\/www.dalmatiner-sachsen-anhalt.de\/blog\/?p=955"},"modified":"2009-07-22T09:21:50","modified_gmt":"2009-07-22T07:21:50","slug":"attila-war-draussen","status":"publish","type":"post","link":"https:\/\/www.dalmatiner-sachsen-anhalt.de\/blog\/955\/","title":{"rendered":"ATTILA war draussen"},"content":{"rendered":"<h3>Unser sch&#246;ner <span style=\"color: #0000ff;\"><strong>ATTILA <\/strong><\/span>durfte das Gel&#228;nde ausserhalb des Welpenauslaufs <strong>erschn&#252;ffeln<\/strong>.<\/h3>\n<p style=\"text-align: center;\"><a href=\"https:\/\/i0.wp.com\/www.dalmatiner-sachsen-anhalt.de\/blog\/wp-content\/uploads\/2009\/07\/welpen-tag43_1540.JPG?ssl=1\"><img data-attachment-id=\"956\" data-permalink=\"https:\/\/www.dalmatiner-sachsen-anhalt.de\/blog\/955\/welpen-tag43_1540\/\" data-orig-file=\"https:\/\/i0.wp.com\/www.dalmatiner-sachsen-anhalt.de\/blog\/wp-content\/uploads\/2009\/07\/welpen-tag43_1540.JPG?fit=899%2C600&amp;ssl=1\" data-orig-size=\"899,600\" data-comments-opened=\"1\" data-image-meta=\"{&quot;aperture&quot;:&quot;0&quot;,&quot;credit&quot;:&quot;&quot;,&quot;camera&quot;:&quot;&quot;,&quot;caption&quot;:&quot;&quot;,&quot;created_timestamp&quot;:&quot;0&quot;,&quot;copyright&quot;:&quot;&quot;,&quot;focal_length&quot;:&quot;0&quot;,&quot;iso&quot;:&quot;0&quot;,&quot;shutter_speed&quot;:&quot;0&quot;,&quot;title&quot;:&quot;&quot;}\" data-image-title=\"welpen-tag43_1540\" data-image-description=\"\" data-image-caption=\"\" data-medium-file=\"https:\/\/i0.wp.com\/www.dalmatiner-sachsen-anhalt.de\/blog\/wp-content\/uploads\/2009\/07\/welpen-tag43_1540.JPG?fit=300%2C200&amp;ssl=1\" data-large-file=\"https:\/\/i0.wp.com\/www.dalmatiner-sachsen-anhalt.de\/blog\/wp-content\/uploads\/2009\/07\/welpen-tag43_1540.JPG?fit=584%2C390&amp;ssl=1\" decoding=\"async\" loading=\"lazy\" class=\"aligncenter size-full wp-image-956\" title=\"welpen-tag43_1540\" src=\"https:\/\/i0.wp.com\/www.dalmatiner-sachsen-anhalt.de\/blog\/wp-content\/uploads\/2009\/07\/welpen-tag43_1540.JPG?resize=502%2C335&#038;ssl=1\" alt=\"welpen-tag43_1540\" width=\"502\" height=\"335\" srcset=\"https:\/\/i0.wp.com\/www.dalmatiner-sachsen-anhalt.de\/blog\/wp-content\/uploads\/2009\/07\/welpen-tag43_1540.JPG?w=899&amp;ssl=1 899w, https:\/\/i0.wp.com\/www.dalmatiner-sachsen-anhalt.de\/blog\/wp-content\/uploads\/2009\/07\/welpen-tag43_1540.JPG?resize=300%2C200&amp;ssl=1 300w\" sizes=\"(max-width: 502px) 100vw, 502px\" data-recalc-dims=\"1\" \/><\/a><\/p>\n","protected":false},"excerpt":{"rendered":"<p>Unser sch&#246;ner ATTILA durfte das Gel&#228;nde ausserhalb des Welpenauslaufs erschn&#252;ffeln.<\/p>\n","protected":false},"author":1,"featured_media":0,"comment_status":"open","ping_status":"open","sticky":false,"template":"","format":"standard","meta":{"jetpack_post_was_ever_published":false,"jetpack_publicize_message":"","jetpack_is_tweetstorm":false,"jetpack_publicize_feature_enabled":true,"jetpack_social_post_already_shared":false,"jetpack_social_options":[]},"categories":[13,109,113],"tags":[1289,35,49,214,313,193,7,312,94],"jetpack_publicize_connections":[],"jetpack_featured_media_url":"","jetpack_shortlink":"https:\/\/wp.me\/px1eF-fp","jetpack_sharing_enabled":true,"jetpack_likes_enabled":true,"jetpack-related-posts":[{"id":824,"url":"https:\/\/www.dalmatiner-sachsen-anhalt.de\/blog\/824\/","url_meta":{"origin":955,"position":0},"title":"Ich bin ein Flieger","date":"9. Juli 2009","format":false,"excerpt":"ATTILA - unser Draufg\u00e4nger - w\u00fcrde auch gern fliegen, wenn er k\u00f6nnte.","rel":"","context":"In &quot;A-Wurf&quot;","img":{"alt_text":"welpen-tag31_0648","src":"https:\/\/i0.wp.com\/www.dalmatiner-sachsen-anhalt.de\/blog\/wp-content\/uploads\/2009\/07\/welpen-tag31_0648-1024x683.jpg?resize=350%2C200","width":350,"height":200},"classes":[]},{"id":1119,"url":"https:\/\/www.dalmatiner-sachsen-anhalt.de\/blog\/1119\/","url_meta":{"origin":955,"position":1},"title":"ATTILA genie&#223;t&#8230;","date":"6. August 2009","format":false,"excerpt":"...die letzten Tage mit seiner mit Mama Hummel bei uns. Er wird uns demn\u00e4chst verlassen - in ein neues, liebevolles zu Hause.","rel":"","context":"In &quot;A-Wurf&quot;","img":{"alt_text":"welpen-tag59_2757","src":"https:\/\/i0.wp.com\/www.dalmatiner-sachsen-anhalt.de\/blog\/wp-content\/uploads\/2009\/08\/welpen-tag59_2757-1024x683.jpg?resize=350%2C200","width":350,"height":200},"classes":[]},{"id":2656,"url":"https:\/\/www.dalmatiner-sachsen-anhalt.de\/blog\/2656\/","url_meta":{"origin":955,"position":2},"title":"Fast 16","date":"1. Oktober 2010","format":false,"excerpt":"Hier sehen wir Athene und Attila von den Sandst\u00fccken im Alter von fast 16 Monaten.","rel":"","context":"In &quot;A-Wurf&quot;","img":{"alt_text":"athene & attila","src":"https:\/\/i0.wp.com\/www.dalmatiner-sachsen-anhalt.de\/blog\/wp-content\/uploads\/2010\/10\/IMG_3768-1-1024x681.jpg?resize=350%2C200","width":350,"height":200},"classes":[]},{"id":1159,"url":"https:\/\/www.dalmatiner-sachsen-anhalt.de\/blog\/1159\/","url_meta":{"origin":955,"position":3},"title":"Attila &#8211; der &#8220;Sachsen&#8221;- K&#246;nig","date":"14. August 2009","format":false,"excerpt":"ATTILA lebt bei einer lieben Familie in Sachsen, wo er sich offensichtlich sehr wohlf\u00fchlt. Dort jagt dieses putzmuntere Kerlchen Putzlappen, Staubsauger... Eine tolle M\u00f6hre - sieht er nicht gl\u00fccklich und zufrieden aus?","rel":"","context":"In &quot;A-Wurf&quot;","img":{"alt_text":"attila-tag64","src":"https:\/\/i0.wp.com\/www.dalmatiner-sachsen-anhalt.de\/blog\/wp-content\/uploads\/2009\/08\/attila-tag64.JPG?resize=350%2C200","width":350,"height":200},"classes":[]},{"id":1939,"url":"https:\/\/www.dalmatiner-sachsen-anhalt.de\/blog\/1939\/","url_meta":{"origin":955,"position":4},"title":"Attila von den Sandst&#252;cken","date":"22. Februar 2010","format":false,"excerpt":"Und der \"Sachsenk\u00f6nig\" Attila erhielt an beiden Tagen in der J\u00fcngstenklasse die Bewertung \u201cvielversprechend\u201d und den 1. Platz (VV 1).","rel":"","context":"In &quot;A-Wurf&quot;","img":{"alt_text":"","src":"https:\/\/i0.wp.com\/www.dalmatiner-sachsen-anhalt.de\/blog\/wp-content\/uploads\/2010\/02\/attila-glauchau-IMG_36551-1024x681.jpg?resize=350%2C200","width":350,"height":200},"classes":[]},{"id":862,"url":"https:\/\/www.dalmatiner-sachsen-anhalt.de\/blog\/862\/","url_meta":{"origin":955,"position":5},"title":"Spiel mit uns","date":"13. Juli 2009","format":false,"excerpt":"Heute wurde die arme Hummel-Mama gezwickt und gezwackt. Sie hat es geduldig ertragen (ATTILA, AMELIE und AMIGO).","rel":"","context":"In &quot;A-Wurf&quot;","img":{"alt_text":"ATTILA, AMELIE und AMIGO","src":"https:\/\/i0.wp.com\/www.dalmatiner-sachsen-anhalt.de\/blog\/wp-content\/uploads\/2009\/07\/welpen-tag34_0806-spielmit.JPG?resize=350%2C200","width":350,"height":200},"classes":[]}],"_links":{"self":[{"href":"https:\/\/www.dalmatiner-sachsen-anhalt.de\/blog\/wp-json\/wp\/v2\/posts\/955"}],"collection":[{"href":"https:\/\/www.dalmatiner-sachsen-anhalt.de\/blog\/wp-json\/wp\/v2\/posts"}],"about":[{"href":"https:\/\/www.dalmatiner-sachsen-anhalt.de\/blog\/wp-json\/wp\/v2\/types\/post"}],"author":[{"embeddable":true,"href":"https:\/\/www.dalmatiner-sachsen-anhalt.de\/blog\/wp-json\/wp\/v2\/users\/1"}],"replies":[{"embeddable":true,"href":"https:\/\/www.dalmatiner-sachsen-anhalt.de\/blog\/wp-json\/wp\/v2\/comments?post=955"}],"version-history":[{"count":1,"href":"https:\/\/www.dalmatiner-sachsen-anhalt.de\/blog\/wp-json\/wp\/v2\/posts\/955\/revisions"}],"predecessor-version":[{"id":957,"href":"https:\/\/www.dalmatiner-sachsen-anhalt.de\/blog\/wp-json\/wp\/v2\/posts\/955\/revisions\/957"}],"wp:attachment":[{"href":"https:\/\/www.dalmatiner-sachsen-anhalt.de\/blog\/wp-json\/wp\/v2\/media?parent=955"}],"wp:term":[{"taxonomy":"category","embeddable":true,"href":"https:\/\/www.dalmatiner-sachsen-anhalt.de\/blog\/wp-json\/wp\/v2\/categories?post=955"},{"taxonomy":"post_tag","embeddable":true,"href":"https:\/\/www.dalmatiner-sachsen-anhalt.de\/blog\/wp-json\/wp\/v2\/tags?post=955"}],"curies":[{"name":"wp","href":"https:\/\/api.w.org\/{rel}","templated":true}]}}